{"id":1708,"date":"2020-05-07T09:07:09","date_gmt":"2020-05-07T07:07:09","guid":{"rendered":"http:\/\/eclorescence.fr\/?p=1708"},"modified":"2025-08-18T07:58:25","modified_gmt":"2025-08-18T05:58:25","slug":"jvoudrais-bien-mais-jpeux-point-nos-excuses-preferees-pour-ne-pas-suivre-nos-aspirations-professionnelles","status":"publish","type":"post","link":"https:\/\/eclorescence.fr\/index.php\/2020\/05\/07\/jvoudrais-bien-mais-jpeux-point-nos-excuses-preferees-pour-ne-pas-suivre-nos-aspirations-professionnelles\/","title":{"rendered":"Nos excuses pr\u00e9f\u00e9r\u00e9es pour ne pas suivre nos aspirations professionnelles"},"content":{"rendered":"<p>[et_pb_section fb_built=\u00a0\u00bb1&Prime; _builder_version=\u00a0\u00bb4.16&Prime; global_colors_info=\u00a0\u00bb{}\u00a0\u00bb][et_pb_row _builder_version=\u00a0\u00bb4.16&Prime; global_colors_info=\u00a0\u00bb{}\u00a0\u00bb][et_pb_column type=\u00a0\u00bb4_4&Prime; _builder_version=\u00a0\u00bb4.16&Prime; global_colors_info=\u00a0\u00bb{}\u00a0\u00bb][et_pb_text _builder_version=\u00a0\u00bb4.16&Prime; global_colors_info=\u00a0\u00bb{}\u00a0\u00bb]<\/p>\n<p style=\"text-align: justify;\">L\u2019un des sujets sur lequel j\u2019interviens le plus est celui du changement et notamment du changement de carri\u00e8re. En g\u00e9n\u00e9ral, les personnes me sollicitent surtout pour trouver leur voie. Elles sont dans une p\u00e9riode o\u00f9 elles ont l\u2019impression d\u2019\u00eatre dans un brouillard total. Elles ne voient pas du tout ce qu&rsquo;elles pourraient faire. Tout ce qu\u2019elles savent, c\u2019est qu\u2019elles ne sont plus \u00e9panouies dans leur job actuel.<\/p>\n<p style=\"text-align: justify;\">Prendre conscience de son insatisfaction et se donner les moyens de ne plus subir en sollicitant une aide ext\u00e9rieure est d\u00e9j\u00e0 une belle premi\u00e8re \u00e9tape. Ensuite, en 3 \u00e0 4 s\u00e9ances, nous parvenons \u00e0 dissiper le brouillard. La personne repart pleine d\u2019\u00e9nergie. Elle sait ce qu\u2019elle veut faire. Elle avouera m\u00eame qu\u2019en fait, au fond d\u2019elle-m\u00eame, elle le savait d\u00e9j\u00e0, mais l\u00e0 maintenant, c\u2019est une \u00e9vidence qu\u2019elle se sent pr\u00eate \u00e0 exposer au grand jour. Elle repart aussi pleine d\u2019\u00e9nergie car elle a une vision plus compl\u00e8te de ses comp\u00e9tences, de <a href=\"https:\/\/eclorescence.fr\/index.php\/2021\/01\/06\/vous-avez-du-talent\/\">ses talents<\/a>, de ses moteurs, de ses valeurs\u2026<br \/>Oui, mais voil\u00e0. Pass\u00e9 le moment de d\u00e9livrance \u00e0 avoir enfin plus de visibilit\u00e9 sur soi et sur son prochain objectif professionnel, voil\u00e0 que l\u2019on prend conscience qu\u2019une \u00e9noooooorme montagne se dresse sur notre route. Une montagne tellement haute qu\u2019elle laisse d\u00e9j\u00e0 une ombre entach\u00e9e notre projet.<\/p>\n<p>[\/et_pb_text][\/et_pb_column][\/et_pb_row][et_pb_row _builder_version=\u00a0\u00bb4.16&Prime; global_colors_info=\u00a0\u00bb{}\u00a0\u00bb][et_pb_column type=\u00a0\u00bb4_4&Prime; _builder_version=\u00a0\u00bb4.16&Prime; global_colors_info=\u00a0\u00bb{}\u00a0\u00bb][et_pb_text _builder_version=\u00a0\u00bb4.16&Prime; global_colors_info=\u00a0\u00bb{}\u00a0\u00bb]<\/p>\n<h4 style=\"text-align: justify;\"><em><strong>\u00ab Sur le papier, c\u2019est g\u00e9nial ! Mais en r\u00e9alit\u00e9, c&rsquo;est impossible&#8230; \u00bb<\/strong><\/em><\/h4>\n<p style=\"text-align: justify;\">Id\u00e9alement, on aimerait passer en un clin d\u2019\u0153il de notre vie pro d\u2019avant \u00e0 notre vie pro r\u00eav\u00e9e. Mais la r\u00e9alit\u00e9 n\u2019est effectivement pas si simple. D&rsquo;ailleurs, si elle l&rsquo;\u00e9tait, \u00e7a se saurait ! Il n&rsquo;y aurait alors pas autant de personnes qui \u00ab\u00a0subissent\u00a0\u00bb leur quotidien.<\/p>\n<p style=\"text-align: justify;\">Cependant, dans notre tendance \u00e0 voir les choses de mani\u00e8re binaire, c&rsquo;est comme si, sur une \u00e9chelle de 0 \u00e0 10, nous r\u00eavions qu&rsquo;il y ait 0 effort. Et comme \u00e7a n&rsquo;est pas le cas, nous nous projetons directement au maximum, c&rsquo;est \u00e0 dire \u00e0 10.<\/p>\n<p style=\"text-align: justify;\">Et voil\u00e0, comment notre machine \u00e0 excuses se met en route&#8230;<\/p>\n<p>[\/et_pb_text][\/et_pb_column][\/et_pb_row][et_pb_row _builder_version=\u00a0\u00bb4.16&Prime; global_colors_info=\u00a0\u00bb{}\u00a0\u00bb][et_pb_column type=\u00a0\u00bb4_4&Prime; _builder_version=\u00a0\u00bb4.16&Prime; global_colors_info=\u00a0\u00bb{}\u00a0\u00bb][et_pb_text _builder_version=\u00a0\u00bb4.16&Prime; global_colors_info=\u00a0\u00bb{}\u00a0\u00bb]<\/p>\n<h4 style=\"text-align: justify;\"><em><strong>\u00ab J\u2019aimerais bien, mais financi\u00e8rement ce n\u2019est pas possible \u00bb<\/strong><\/em><\/h4>\n<p style=\"text-align: justify;\">La question financi\u00e8re est en effet souvent la premi\u00e8re \u00e0 \u00eatre lev\u00e9e. Et pour tous ceux qui souhaitent se lancer dans l\u2019entrepreneuriat, c\u2019est en g\u00e9n\u00e9ral une question encore plus forte. Il est en effet rare que l\u2019on gagne tout de suite beaucoup. Et encore plus rare que l\u2019on gagne autant voire plus que ce que l\u2019on gagnait lorsqu\u2019on \u00e9tait salari\u00e9. Mais l\u00e0, je ne parle que d\u2019argent. Car bien s\u00fbr, on gagne d\u2019autres choses lorsque l\u2019on m\u00e8ne \u00e0 bien un projet qui nous tient \u00e0 coeur. Mais l\u00e0 n\u2019est pas la question. En tous cas, pas \u00e0 ce stade.<br \/> L\u2019objectif n\u2019est bien s\u00fbr pas de se mettre financi\u00e8rement dans le rouge. Cependant, quand je demande aux personnes si elles ont une id\u00e9e pr\u00e9cise de ce que ce serait, pour elles, \u00eatre dans le rouge, et des efforts financiers envisageables qui ne les mettraient justement pas dans cette situation, j\u2019ai rarement une r\u00e9ponse claire. Donc je leur demande entre 2 s\u00e9ances de faire un point financier pr\u00e9cis en tenant compte des d\u00e9penses incompressibles (besoins de premi\u00e8res n\u00e9cessit\u00e9s, pr\u00eats \u00e0 rembourser\u2026), des plaisirs dont on ne veut pas se priver et potentiellement des \u00e9conomies qu\u2019on a pu faire dans le pass\u00e9 et qui pourraient justement servir dans de telles circonstances. A ce stade, 80% des personnes m\u2019avouent que financi\u00e8rement ce serait possible si elles r\u00e9duisaient leur train de vie (tout en gardant des plaisirs car j\u2019insiste toujours sur ce point qui est essentiel). Mais elles ne se sentent pas de faire cela car ces restrictions ne les concerneront pas uniquement, mais impacteront toute la famille. Et imaginons en plus, que notre projet ne fonctionne pas&#8230;. et hop, 2 nouvelles excuses apparaissent !<\/p>\n<p>[\/et_pb_text][et_pb_text _builder_version=\u00a0\u00bb4.16&Prime; border_radii=\u00a0\u00bbon|3px|3px|3px|3px\u00a0\u00bb border_width_all=\u00a0\u00bb1px\u00a0\u00bb border_color_all=\u00a0\u00bb#e01f45&Prime; global_colors_info=\u00a0\u00bb{}\u00a0\u00bb]<\/p>\n<p style=\"text-align: center;\">Il est souvent plus facile de se dire qu\u2019on n\u2019a pas les moyens, plut\u00f4t que d&rsquo;oser investir ses moyens sur soi&#8230;<\/p>\n<p>[\/et_pb_text][\/et_pb_column][\/et_pb_row][et_pb_row _builder_version=\u00a0\u00bb4.16&Prime; global_colors_info=\u00a0\u00bb{}\u00a0\u00bb][et_pb_column type=\u00a0\u00bb4_4&Prime; _builder_version=\u00a0\u00bb4.16&Prime; global_colors_info=\u00a0\u00bb{}\u00a0\u00bb][et_pb_text _builder_version=\u00a0\u00bb4.16&Prime; global_colors_info=\u00a0\u00bb{}\u00a0\u00bb]<\/p>\n<h4 style=\"text-align: justify;\"><em><strong>\u00ab J\u2019aimerais bien, mais c\u2019est toute la famille qui va en p\u00e2tir \u00bb<\/strong><\/em><\/h4>\n<p style=\"text-align: justify;\">On a forc\u00e9ment envie de pouvoir faire plaisir \u00e0 son conjoint et \u00e0 ses enfants. On veut leur offrir une belle vie. Mais souvent, on a d\u00e9j\u00e0 la chance d\u2019avoir beaucoup de choses. Est-ce que vraiment, ce serait faire souffrir toute la famille, que d\u2019acqu\u00e9rir un peu moins de nouvelles choses dans les prochains mois ? Quelle marge de man\u0153uvre avez-vous entre le fait de diminuer un peu et mettre votre famille dans le manque ? Et puis, demandez-leur simplement ce qu\u2019ils attendent de vous. En premier lieu, ils vous diront sans doute qu\u2019ils ont envie que vous soyez l\u00e0 (et vraiment l\u00e0\u2026), que vous soyez d\u00e9tendu, de bonne humeur, souriant&#8230; Bref <a href=\"https:\/\/eclorescence.fr\/index.php\/2024\/06\/25\/il-est-ou-le-bonheur-il-est-ou\/\">heureux<\/a> et \u00e9panoui. Vous savez le truc qui vous manque actuellement et qui fait que justement, vous avez entrepris des d\u00e9marches pour changer de situation professionnelle.<\/p>\n<p>[\/et_pb_text][et_pb_text _builder_version=\u00a0\u00bb4.16&Prime; border_radii=\u00a0\u00bbon|3px|3px|3px|3px\u00a0\u00bb border_width_all=\u00a0\u00bb1px\u00a0\u00bb border_color_all=\u00a0\u00bb#e01f45&Prime; global_colors_info=\u00a0\u00bb{}\u00a0\u00bb]<\/p>\n<p style=\"text-align: center;\">Il est souvent plus facile de se cacher derri\u00e8re le r\u00f4le que nous pensons devoir jouer, plut\u00f4t qu&rsquo;\u00eatre, tout simplement&#8230;<\/p>\n<p>[\/et_pb_text][\/et_pb_column][\/et_pb_row][et_pb_row _builder_version=\u00a0\u00bb4.16&Prime; global_colors_info=\u00a0\u00bb{}\u00a0\u00bb][et_pb_column type=\u00a0\u00bb4_4&Prime; _builder_version=\u00a0\u00bb4.16&Prime; global_colors_info=\u00a0\u00bb{}\u00a0\u00bb][et_pb_text _builder_version=\u00a0\u00bb4.16&Prime; global_colors_info=\u00a0\u00bb{}\u00a0\u00bb]<\/p>\n<h4 style=\"text-align: justify;\"><em><strong>\u00ab J\u2019aimerais bien, mais si \u00e7a ne marche pas\u2026 \u00bb<\/strong><\/em><\/h4>\n<p style=\"text-align: justify;\">Oui, c\u2019est une possibilit\u00e9.<br \/>Mais si on regardait d\u2019abord toutes les raisons qui font que \u00e7a pourrait marcher ?<br \/>Ensuite, bien entendu, il ne faut pas \u00eatre naif. Rien ne nous tombe dans le bec comme \u00e7a, sans effort et sans risque. No pain, No gain, comme on dit ! Pour que \u00e7a marche, il faut commencer par miser. Et plus la mise de d\u00e9part est importante, plus la possibilit\u00e9 de gain est forte. Mais contrairement \u00e0 ce qu&rsquo;on aimerait croire, la mise la plus importante au d\u00e9part pour r\u00e9ussir n&rsquo;est pas une mise d&rsquo;argent, mais une mise sur soi. Et finalement, c&rsquo;est \u00e7a qui fait peur\u2026<\/p>\n<p style=\"text-align: justify;\">Plus que le risque d\u2019\u00e9chouer, c\u2019est donc surtout <a href=\"https:\/\/eclorescence.fr\/index.php\/2023\/11\/07\/changeons-notre-rapport-a-lechec\/\">la mani\u00e8re dont on vit l&rsquo;\u00e9chec<\/a> qui fait la diff\u00e9rence. Plus vous dissociez ce que vous \u00eates de ce que vous faites, plus vous \u00eates capable de passer au del\u00e0 de l&rsquo;\u00e9chec et m\u00eame d&rsquo;en faire une source d&rsquo;apprentissage. C&rsquo;est notre fameuse capacit\u00e9 de r\u00e9silience. C\u2019est comme \u00e7a que nous \u00e9voluons depuis notre plus jeune age. C\u2019est comme \u00e7a que nous avons appris \u00e0 marcher, \u00e0 parler, \u00e0 conduire\u2026 ok, vous me r\u00e9pondrez peut-\u00eatre que les cons\u00e9quences ne sont pas les m\u00eames. Tr\u00e8s bien. Allons au bout de votre sc\u00e9nario du pire. <em>Au pire qu\u2019est-ce que vous risquez ? Et ensuite qu\u2019est-ce qui se passera ? et ensuite ? et ensuite ? \u2026.<\/em> En r\u00e9alisant cet exercice jusqu\u2019au bout, vous verrez qu\u2019apr\u00e8s le creux de la vague, on finit toujours par remonter. Et qu&rsquo;encore une fois, le premier ressort n&rsquo;est pas financier, mais se trouve en chacun de nous.<\/p>\n<p style=\"text-align: justify;\">Il est \u00e9galement int\u00e9ressant d&rsquo;entendre toutes les personnes qui ont os\u00e9 franchir le pas et qui ont connu des \u00e9checs. Pratiquement toutes ont le m\u00eame discours : elles ne regrettent absolument pas leurs choix. Elles ont su rebondir, apprendre de leurs erreurs, et surtout, elles sont fi\u00e8res d&rsquo;elles. Fi\u00e8res d&rsquo;avoir oser, d&rsquo;avoir miser sur elles et leurs r\u00eaves. Se donner les moyens d&rsquo;aller au bout de ses aspirations professionnelles n\u2019a pas de prix&#8230;Ou peut-\u00eatre celui de la r\u00e9ussite&#8230;et \u00e7a, tout le monde n\u2019est pas \u00e0 l\u2019aise avec cette id\u00e9e\u2026<\/p>\n<p>[\/et_pb_text][et_pb_text _builder_version=\u00a0\u00bb4.16&Prime; border_radii=\u00a0\u00bbon|3px|3px|3px|3px\u00a0\u00bb border_width_all=\u00a0\u00bb1px\u00a0\u00bb border_color_all=\u00a0\u00bb#e01f45&Prime; global_colors_info=\u00a0\u00bb{}\u00a0\u00bb]<\/p>\n<p style=\"text-align: center;\">Il est souvent plus facile de s\u2019imaginer \u00e9chouer que de prendre le risque de miser sur soi<\/p>\n<p>[\/et_pb_text][\/et_pb_column][\/et_pb_row][et_pb_row _builder_version=\u00a0\u00bb4.16&Prime; global_colors_info=\u00a0\u00bb{}\u00a0\u00bb][et_pb_column type=\u00a0\u00bb4_4&Prime; _builder_version=\u00a0\u00bb4.16&Prime; global_colors_info=\u00a0\u00bb{}\u00a0\u00bb][et_pb_text _builder_version=\u00a0\u00bb4.16&Prime; global_colors_info=\u00a0\u00bb{}\u00a0\u00bb]<\/p>\n<h4 style=\"text-align: justify;\"><strong><em>\u00ab J\u2019aimerais bien, mais que vont penser les autres\u2026 \u00bb<\/em><\/strong><\/h4>\n<p style=\"text-align: justify;\">L&rsquo;Homme \u00e9tant d&rsquo;abord un animal social, nous avons besoin de voir dans le regard des autres que nous avons de la valeur. Et dans notre soci\u00e9t\u00e9, nous pouvons associer notre valeur \u00e0 ce que nous poss\u00e9dons et au \u00ab\u00a0prestige\u00a0\u00bb d&rsquo;un r\u00f4le que nous tenons.<\/p>\n<p style=\"text-align: justify;\">Mais il y a un biais consid\u00e9rable l\u00e0-dedans: c&rsquo;est que <a href=\"https:\/\/eclorescence.fr\/index.php\/2022\/11\/09\/les-lectures-de-pensees-quand-on-est-convaincu-de-savoir-ce-que-lautre-pense\/\">la mani\u00e8re dont nous pensons\u00a0que les autres nous per\u00e7oivent<\/a> n&rsquo;est que le reflet de nos peurs et de la fa\u00e7on dont nous nous \u00e9valuons nous m\u00eame.<\/p>\n<p style=\"text-align: justify;\">Donc si dans ma t\u00eate, le \u00ab\u00a0prestige\u00a0\u00bb d&rsquo;une fonction ou mon train de vie reste un crit\u00e8re essentiel pour estimer ma propre valeur, il y a de forte chance pour que je pense que les autres posent le m\u00eame regard sur moi, et que je vive donc particuli\u00e8rement mal les diff\u00e9rences qui pourraient apparaitre si je suis dans l&rsquo;obligation de restreindre mon train de vie. Mais si mon crit\u00e8re devient celui de l\u2019\u00e9panouissement personnel, ou celui d\u2019\u00eatre assez fort pour sauter le pas et suivre mes aspirations professionnelles, alors, je ressentirai de la fiert\u00e9 d&rsquo;avoir oser. Et dans le regard des autres, je verrai alors sans doute la m\u00eame chose.<\/p>\n<p>[\/et_pb_text][et_pb_text _builder_version=\u00a0\u00bb4.16&Prime; border_radii=\u00a0\u00bbon|3px|3px|3px|3px\u00a0\u00bb border_width_all=\u00a0\u00bb1px\u00a0\u00bb border_color_all=\u00a0\u00bb#e01f45&Prime; global_colors_info=\u00a0\u00bb{}\u00a0\u00bb]<\/p>\n<p style=\"text-align: center;\">Il est souvent plus facile de se pr\u00e9occuper de son image envers les autres, plut\u00f4t que travailler son image envers soi-m\u00eame&#8230;<\/p>\n<p>[\/et_pb_text][\/et_pb_column][\/et_pb_row][et_pb_row _builder_version=\u00a0\u00bb4.16&Prime; global_colors_info=\u00a0\u00bb{}\u00a0\u00bb][et_pb_column type=\u00a0\u00bb4_4&Prime; _builder_version=\u00a0\u00bb4.16&Prime; global_colors_info=\u00a0\u00bb{}\u00a0\u00bb][et_pb_text _builder_version=\u00a0\u00bb4.20.2&Prime; global_colors_info=\u00a0\u00bb{}\u00a0\u00bb]<\/p>\n<h4 style=\"text-align: justify;\"><em><strong>\u00ab J\u2019aimerais bien, mais je n\u2019ai vraiment pas le temps \u2026 \u00bb<\/strong><\/em><\/h4>\n<p style=\"text-align: justify;\">Vous n\u2019avez pas le temps ou vous ne prenez pas le temps ? A quoi est-ce que vous utilisez votre temps alors ?<br \/>Nous avons tous <a href=\"https:\/\/eclorescence.fr\/index.php\/2020\/03\/12\/il-est-grand-temps-de-se-reapproprier-notre-temps\/\">un rapport au temps<\/a> qui nous appartient,\u00a0mais je suis s\u00fbre que si vous calez dans vos agendas, ne serait-ce qu\u2019une heure par semaine de RDV avec vous-m\u00eame pour avancer sur votre projet, vous le trouverez et vous me direz spontan\u00e9ment, que vous pouvez m\u00eame caler 2H. Oui mais voil\u00e0, une \u00ab urgence \u00bb ou un contretemps, et hop, le RDV saute.<br \/>Alors d\u00eetes moi vraiment, qu\u2019est-ce qui est plus important que votre \u00e9panouissement ? Qu\u2019est-ce qui vous a emp\u00each\u00e9 de dire non ou de dire oui et de repositionner imm\u00e9diatement le RDV \u00e0 une autre date ? Est-ce vraiment un probl\u00e8me de temps ? En g\u00e9n\u00e9ral, la r\u00e9ponse est non. C\u2019est \u00abjuste\u00bb qu\u2019on culpabilise \u00e0 l\u2019id\u00e9e de se consacrer 1H par semaine ou que cette rencontre avec soi-m\u00eame nous fait terriblement peur car elle nous met en face de choses que nous n&rsquo;avons pas envie de voir.<\/p>\n<p>[\/et_pb_text][et_pb_text _builder_version=\u00a0\u00bb4.16&Prime; border_radii=\u00a0\u00bbon|3px|3px|3px|3px\u00a0\u00bb border_width_all=\u00a0\u00bb1px\u00a0\u00bb border_color_all=\u00a0\u00bb#e01f45&Prime; global_colors_info=\u00a0\u00bb{}\u00a0\u00bb]<\/p>\n<p style=\"text-align: center;\">Il est souvent plus facile de dire qu\u2019on manque de temps que de se confronter \u00e0 soi-m\u00eame&#8230;<\/p>\n<p>[\/et_pb_text][\/et_pb_column][\/et_pb_row][et_pb_row _builder_version=\u00a0\u00bb4.16&Prime; global_colors_info=\u00a0\u00bb{}\u00a0\u00bb][et_pb_column type=\u00a0\u00bb4_4&Prime; _builder_version=\u00a0\u00bb4.16&Prime; global_colors_info=\u00a0\u00bb{}\u00a0\u00bb][et_pb_text _builder_version=\u00a0\u00bb4.16&Prime; global_colors_info=\u00a0\u00bb{}\u00a0\u00bb]<\/p>\n<h4 style=\"text-align: justify;\"><em><strong>\u00ab J\u2019aimerais bien, mais ce n\u2019est pas le bon moment\u2026 \u00bb<\/strong><\/em><\/h4>\n<p style=\"text-align: justify;\">A 20ans, on n&rsquo;a pas assez d&rsquo;\u00e9conomie et d\u2019exp\u00e9rience ;<br \/> A 30ans, les enfants sont trop petits ;<br \/> A 40ans, il y a encore la maison \u00e0 rembourser et les \u00e9tudes des enfants \u00e0 payer ;<br \/> A 50ans, notre confort de vie est tellement agr\u00e9able qu&rsquo;on se demande si \u00e7a en vaut la peine ;<br \/> A 60ans, \u00e0 quelques ann\u00e9es de la retraite, c&rsquo;est trop tard\u2026<\/p>\n<p style=\"text-align: justify;\">Est-ce que le bon moment existe vraiment ? La r\u00e9ponse est sans doute non&#8230; D&rsquo;ailleurs, la majorit\u00e9 des personnes se lancent dans une reconversion lorsqu&rsquo;elles viennent de subir un revers professionnel. On est loin de la situation id\u00e9ale&#8230; D&rsquo;autant plus qu&rsquo;au del\u00e0 d&rsquo;une situation \u00e9conomique plus pr\u00e9caire, c&rsquo;est une p\u00e9riode qui secoue personnellement et qui n&rsquo;est donc pas propice \u00e0 la confiance en soi&#8230;<\/p>\n<p>[\/et_pb_text][et_pb_text _builder_version=\u00a0\u00bb4.16&Prime; border_radii=\u00a0\u00bbon|3px|3px|3px|3px\u00a0\u00bb border_width_all=\u00a0\u00bb1px\u00a0\u00bb border_color_all=\u00a0\u00bb#e01f45&Prime; global_colors_info=\u00a0\u00bb{}\u00a0\u00bb]<\/p>\n<p style=\"text-align: center;\">Il est souvent plus facile de pr\u00e9texter une situation non id\u00e9ale, que de faire avec les contraintes inh\u00e9rentes \u00e0 chaque p\u00e9riode de notre vie&#8230;<\/p>\n<p>[\/et_pb_text][\/et_pb_column][\/et_pb_row][et_pb_row _builder_version=\u00a0\u00bb4.16&Prime; global_colors_info=\u00a0\u00bb{}\u00a0\u00bb][et_pb_column type=\u00a0\u00bb4_4&Prime; _builder_version=\u00a0\u00bb4.16&Prime; global_colors_info=\u00a0\u00bb{}\u00a0\u00bb][et_pb_text _builder_version=\u00a0\u00bb4.16&Prime; global_colors_info=\u00a0\u00bb{}\u00a0\u00bb]<\/p>\n<h4 style=\"text-align: justify;\"><em><strong>\u00ab J\u2019aimerais bien, mais je n\u2019ai pas les comp\u00e9tences\u2026 \u00bb<\/strong><\/em><\/h4>\n<p style=\"text-align: justify;\">Quelles comp\u00e9tences pr\u00e9cises vous manquent-ils ? Sont-elles r\u00e9ellement indispensables ?<br \/>Souvent, je vais avoir des r\u00e9ponses tr\u00e8s vagues. Les personnes ne se sont pas vraiment pos\u00e9es la question des comp\u00e9tences, mais puisque, plus jeunes, nous nous sommes form\u00e9s de fa\u00e7on acad\u00e9mique \u00e0 notre futur m\u00e9tier, nous partons du principe qu&rsquo;il est sans doute n\u00e9cessaire de repasser par cette \u00e9tape. Et oui, \u00e7a peut effectivement \u00eatre n\u00e9cessaire. Je suis moi-m\u00eame pass\u00e9e par l\u00e0.\u00a0<br \/>Mais cependant, demandez-vous quand m\u00eame si les comp\u00e9tences qui semblent vous manquer sont r\u00e9ellement indispensables ou vous permettraient \u00ab\u00a0simplement\u00a0\u00bb de vous rassurer ?<\/p>\n<p style=\"text-align: justify;\">En fait, tr\u00e8s souvent, on fait face \u00e0 une question de l\u00e9gitimit\u00e9 : qui suis-je, moi, pour me lancer et r\u00e9ussir l\u00e0 dedans alors que je n\u2019y connais rien ?<br \/>\u00cates-vous s\u00fbr de ne vraiment rien y connaitre ?\u00a0 J&rsquo;imagine quand m\u00eame que vous devez connaitre plus de choses que ce que vous dites si vous \u00eates pr\u00eat \u00e0 en faire votre m\u00e9tier&#8230;. Ne serait ce pas plut\u00f4t le<a href=\"https:\/\/eclorescence.fr\/index.php\/2023\/09\/06\/le-syndrome-de-limposteur\/\"> syndrome de l&rsquo;imposteur<\/a> qui pointe son nez ?\u00a0<\/p>\n<p style=\"text-align: justify;\">Alors, c&rsquo;est vrai que si vous recherchez un poste salari\u00e9, les entreprises vont s\u00e9lectionner les candidats notamment sur leurs comp\u00e9tences et savoir-faire. Mais toutes, ne sont pas en recherche d&rsquo;experts. Et les soft skills p\u00e8sent de plus en plus lourds dans les choix des recruteurs.<\/p>\n<p style=\"text-align: justify;\">Et pour ceux qui veulent se lancer dans un projet entrepreneurial, idem, il n\u2019est pas n\u00e9cessaire d\u2019\u00eatre un expert. Tout d\u00e9pend de votre cible. Est-ce que vous voulez vous adresser \u00e0 des d\u00e9butants, \u00e0 des passionn\u00e9s, \u00e0 des experts ou \u00e0 des interm\u00e9diaires ? En fonction, il faudra \u00ab\u00a0juste\u00a0\u00bb en savoir un peu plus que votre cible.<\/p>\n<p style=\"text-align: justify;\">Et puis, si vraiment vous avez besoin d\u2019une expertise particuli\u00e8re, alors Go, formez-vous ! Nous avons la chance d\u2019avoir acc\u00e8s \u00e0 de nombreux dispositifs de formation. Il serait dommage de s&rsquo;en priver.<\/p>\n<p>[\/et_pb_text][et_pb_text _builder_version=\u00a0\u00bb4.16&Prime; border_radii=\u00a0\u00bbon|3px|3px|3px|3px\u00a0\u00bb border_width_all=\u00a0\u00bb1px\u00a0\u00bb border_color_all=\u00a0\u00bb#e01f45&Prime; global_colors_info=\u00a0\u00bb{}\u00a0\u00bb]<\/p>\n<p style=\"text-align: center;\">Il est souvent plus facile de jouer les modestes que de se dire capable et de devoir ensuite le d\u00e9montrer&#8230;<\/p>\n<p>[\/et_pb_text][\/et_pb_column][\/et_pb_row][et_pb_row _builder_version=\u00a0\u00bb4.16&Prime; global_colors_info=\u00a0\u00bb{}\u00a0\u00bb][et_pb_column type=\u00a0\u00bb4_4&Prime; _builder_version=\u00a0\u00bb4.16&Prime; global_colors_info=\u00a0\u00bb{}\u00a0\u00bb][et_pb_text _builder_version=\u00a0\u00bb4.16&Prime; global_colors_info=\u00a0\u00bb{}\u00a0\u00bb]<\/p>\n<h4 style=\"text-align: justify;\"><strong><em>\u00ab J\u2019aimerais bien, mais j\u2019ai pas le choix\u2026 \u00bb<\/em><\/strong><\/h4>\n<p style=\"text-align: justify;\">Ultime argument qui tombe comme une sentence et plonge chacun dans un fatalisme \u00e9tourdissant : l\u2019absence de choix.<br \/>Alors, non non non. Nous avons toujours le choix. Et ne pas faire de choix est un choix. Celui du statu quo. C\u2019est souvent notre choix pr\u00e9f\u00e9r\u00e9. On y est tellement habitu\u00e9 qu\u2019on le fait inconsciemment. Et comme on a l&rsquo;impression de ne pas faire de choix, on subit. Notre frustration augmente. Et elle \u00e9corne au fur et \u00e0 mesure <a href=\"https:\/\/eclorescence.fr\/index.php\/2021\/09\/08\/mesestime-de-soi\/\">notre estime de nous<\/a> et <a href=\"https:\/\/eclorescence.fr\/index.php\/2019\/10\/03\/cultivons-de-meilleures-relations\/\">nos relations aux autres<\/a>. C\u2019est comme \u00e7a que l\u2019on rentre petit \u00e0 petit dans la peau d\u2019une victime. Et d\u00e8s fois, c\u2019est sympa. Parce que \u00e7a nous permet de nous plaindre, de susciter de l\u2019attention : <em>\u00ab moi, j\u2019avais pourtant une id\u00e9e de dingue. Je suis s\u00fbre que mon projet aurait cartonner\u2026 Oui, mais voil\u00e0, j\u2019avais pas le choix<\/em> \u00bb \u2026 Comme l\u2019explique parfaitement cette vid\u00e9o de <em>\u00abEt tout le monde s\u2019en fout\u00bb<\/em>, il y a un verbe magique qu\u2019on oublie trop souvent, c\u2019est le verbe POUVOIR.<\/p>\n<p>[\/et_pb_text][et_pb_video src=\u00a0\u00bbhttps:\/\/www.youtube.com\/watch?v=kF1_qecmP4Y\u00a0\u00bb _builder_version=\u00a0\u00bb4.16&Prime; global_colors_info=\u00a0\u00bb{}\u00a0\u00bb][\/et_pb_video][et_pb_text _builder_version=\u00a0\u00bb4.16&Prime; border_radii=\u00a0\u00bbon|3px|3px|3px|3px\u00a0\u00bb border_width_all=\u00a0\u00bb1px\u00a0\u00bb border_color_all=\u00a0\u00bb#e01f45&Prime; global_colors_info=\u00a0\u00bb{}\u00a0\u00bb]<\/p>\n<p style=\"text-align: center;\">Il est souvent plus facile d\u2019\u00eatre victime que d\u2019\u00eatre acteur et devenir responsable de sa situation&#8230;<\/p>\n<p>[\/et_pb_text][\/et_pb_column][\/et_pb_row][et_pb_row _builder_version=\u00a0\u00bb4.16&Prime; global_colors_info=\u00a0\u00bb{}\u00a0\u00bb][et_pb_column type=\u00a0\u00bb4_4&Prime; _builder_version=\u00a0\u00bb4.16&Prime; global_colors_info=\u00a0\u00bb{}\u00a0\u00bb][et_pb_text _builder_version=\u00a0\u00bb4.16&Prime; global_colors_info=\u00a0\u00bb{}\u00a0\u00bb]<\/p>\n<p style=\"text-align: justify;\">Lorsque vous h\u00e9sitez \u00e0 prendre une d\u00e9cision, on vous a sans doute d\u00e9j\u00e0 conseill\u00e9 de faire un tableau avec des + et des -. L&rsquo;avez-vous d\u00e9j\u00e0 fait, avec d&rsquo;un c\u00f4t\u00e9 <em>\u00ab\u00a0rester dans mon job actuel\u00a0\u00bb<\/em> et de l&rsquo;autre <em>\u00ab\u00a0faire le job dont j&rsquo;ai envie\u00a0\u00bb<\/em> ?<\/p>\n<p style=\"text-align: justify;\">Ecrire clairement les avantages et les inconv\u00e9nients peut vous aider. Mais ce qui vous fera surtout passer \u00e0 l&rsquo;action, c&rsquo;est votre perception des efforts \u00e0 fournir. Et toutes les excuses que nous venons de voir ont cet objectif : gonfler notre perception des efforts n\u00e9cessaires.<\/p>\n<p style=\"text-align: justify;\"><a href=\"https:\/\/eclorescence.fr\/index.php\/2021\/03\/10\/comment-retrouver-sa-motivation\/\">Notre motivation<\/a> \u00e0 changer, notre capacit\u00e9 \u00e0 passer \u00e0 l&rsquo;action, d\u00e9pend en effet de cette \u00e9quation :<\/p>\n<p style=\"text-align: center;\"><strong>avantages de la situation actuelle \/ (avantages de la situation future) x (efforts \u00e0 fournir)<\/strong><\/p>\n<p>[\/et_pb_text][et_pb_text _builder_version=\u00a0\u00bb4.16&Prime; global_colors_info=\u00a0\u00bb{}\u00a0\u00bb]<\/p>\n<p style=\"text-align: justify;\">Les efforts ne seront jamais nuls, mais ils sont sans doute tr\u00e8s diff\u00e9rents de ceux que vous pouvez imaginer et derri\u00e8re lesquels vous pouvez vous cacher.<\/p>\n<p style=\"text-align: justify;\">Pour \u00eatre pass\u00e9e par l\u00e0, je sais \u00e0 quel point ce n&rsquo;est pas \u00e9vident. Je connais parfaitement toutes ces excuses pour les avoir m\u00eame pratiqu\u00e9es. Mais je sais aussi qu&rsquo;elles sont avant tout l\u00e0 pour nous \u00e9viter de se confronter aux \u00ab\u00a0vrais\u00a0\u00bb probl\u00e8mes, qui vont souvent tourner autour des questions de confiance en soi, d&rsquo;affirmation de soi, de renoncements n\u00e9cessaires etc&#8230; L&rsquo;effort le plus difficile sur ces sujets est d&rsquo;admettre qu&rsquo;on a un besoin l\u00e0-dessus et demandez l&rsquo;aide \u00e0 un professionnel. C&rsquo;est ensuite un travail de tous les jours, mais \u00e9trangement, le plus gros effort est d\u00e9j\u00e0 pass\u00e9\u2026\u00a0<\/p>\n<p style=\"text-align: justify;\">Pour aller plus loin, je vous invite \u00e0 lire <a href=\"https:\/\/eclorescence.fr\/index.php\/2019\/11\/07\/pret-pour-de-nouvelles-aventures\/\">l&rsquo;article sur le voyage du H\u00e9ros<\/a> qui est une m\u00e9taphore qui illustre parfaitement les \u00e9tapes par lesquelles on passe lorsqu&rsquo;on vit un changement profond.<\/p>\n<p style=\"text-align: justify;\">J&rsquo;esp\u00e8re que la lecture de cet article vous aura permis de prendre conscience de vos v\u00e9ritables freins. Encore une fois, rassurez-vous, tout le monde passe par l\u00e0. Mais tant que vous regardiez ailleurs, vous ne pouviez pas vous atteler \u00e0 d\u00e9nouer les vrais noeuds. Des peurs seront toujours pr\u00e9sentes et tant mieux ! Elles sont un indicateur pr\u00e9cieux de ce qui est important pour vous et de ce qui peut pr\u00e9senter des risques. Important pour vous, mais avec des risques, \u00e7a r\u00e9sume bien vos envies, non ?<\/p>\n<p style=\"text-align: justify;\">Alors <a href=\"https:\/\/eclorescence.fr\/index.php\/2024\/11\/04\/quand-la-peur-nous-bloque\/\">regardez ces peurs en face<\/a> et vous pourrez ainsi progressivement passer d&rsquo;un <em>\u00ab\u00a0j&rsquo;aimerais bien, mais j&rsquo;peux pas\u00a0\u00bb<\/em> \u00e0 un <em>\u00ab\u00a0j&rsquo;y vais, mais j&rsquo;ai peur\u00a0\u00bb<\/em> \ud83d\ude09<\/p>\n<p style=\"text-align: justify;\">Je vous souhaite sinc\u00e8rement d&rsquo;oser faire ce qui vous tient \u00e0 coeur.<\/p>\n<p style=\"text-align: justify;\">Marion<\/p>\n<p>[\/et_pb_text][et_pb_button button_url=\u00a0\u00bbhttps:\/\/eclorescence.fr\/index.php\/contact\/\u00a0\u00bb button_text=\u00a0\u00bbME CONTACTER\u00a0\u00bb button_alignment=\u00a0\u00bbcenter\u00a0\u00bb _builder_version=\u00a0\u00bb4.27.4&Prime; _module_preset=\u00a0\u00bbccf1d899-4e22-4506-8a07-990957ad9684&Prime; global_colors_info=\u00a0\u00bb{}\u00a0\u00bb][\/et_pb_button][\/et_pb_column][\/et_pb_row][et_pb_row _builder_version=\u00a0\u00bb4.16&Prime; global_colors_info=\u00a0\u00bb{}\u00a0\u00bb][et_pb_column type=\u00a0\u00bb4_4&Prime; _builder_version=\u00a0\u00bb4.16&Prime; global_colors_info=\u00a0\u00bb{}\u00a0\u00bb][et_pb_post_nav _builder_version=\u00a0\u00bb4.16&Prime; global_colors_info=\u00a0\u00bb{}\u00a0\u00bb][\/et_pb_post_nav][\/et_pb_column][\/et_pb_row][\/et_pb_section]<\/p>\n","protected":false},"excerpt":{"rendered":"<p>L\u2019un des sujets sur lequel j\u2019interviens le plus est celui du changement et notamment du changement de carri\u00e8re.<\/p>\n","protected":false},"author":1,"featured_media":6587,"comment_status":"closed","ping_status":"closed","sticky":false,"template":"","format":"standard","meta":{"_et_pb_use_builder":"on","_et_pb_old_content":"","_et_gb_content_width":""},"categories":[30,27,17,29],"tags":[],"yoast_head":"<!-- This site is optimized with the Yoast SEO plugin v18.4.1 - https:\/\/yoast.com\/wordpress\/plugins\/seo\/ -->\n<title>Nos excuses pr\u00e9f\u00e9r\u00e9es pour ne pas suivre nos aspirations professionnelles<\/title>\n<meta name=\"description\" content=\"Suivre ces aspirations professionnelles, c&#039;est faire le grand saut. C&#039;est effrayant. On trouve alors 1000 excuses pour ne pas y aller.\" \/>\n<meta name=\"robots\" content=\"index, follow, max-snippet:-1, max-image-preview:large, max-video-preview:-1\" \/>\n<link rel=\"canonical\" href=\"https:\/\/eclorescence.fr\/index.php\/2020\/05\/07\/jvoudrais-bien-mais-jpeux-point-nos-excuses-preferees-pour-ne-pas-suivre-nos-aspirations-professionnelles\/\" \/>\n<meta property=\"og:locale\" content=\"fr_FR\" \/>\n<meta property=\"og:type\" content=\"article\" \/>\n<meta property=\"og:title\" content=\"Nos excuses pr\u00e9f\u00e9r\u00e9es pour ne pas suivre nos aspirations professionnelles\" \/>\n<meta property=\"og:description\" content=\"Suivre ces aspirations professionnelles, c&#039;est faire le grand saut. C&#039;est effrayant. On trouve alors 1000 excuses pour ne pas y aller.\" \/>\n<meta property=\"og:url\" content=\"https:\/\/eclorescence.fr\/index.php\/2020\/05\/07\/jvoudrais-bien-mais-jpeux-point-nos-excuses-preferees-pour-ne-pas-suivre-nos-aspirations-professionnelles\/\" \/>\n<meta property=\"og:site_name\" content=\"Eclorescence\" \/>\n<meta property=\"article:publisher\" content=\"https:\/\/www.facebook.com\/Eclorescence\" \/>\n<meta property=\"article:published_time\" content=\"2020-05-07T07:07:09+00:00\" \/>\n<meta property=\"article:modified_time\" content=\"2025-08-18T05:58:25+00:00\" \/>\n<meta property=\"og:image\" content=\"https:\/\/eclorescence.fr\/wp-content\/uploads\/2020\/05\/550.jpg\" \/>\n\t<meta property=\"og:image:width\" content=\"1000\" \/>\n\t<meta property=\"og:image:height\" content=\"667\" \/>\n\t<meta property=\"og:image:type\" content=\"image\/jpeg\" \/>\n<meta name=\"twitter:card\" content=\"summary_large_image\" \/>\n<meta name=\"twitter:label1\" content=\"\u00c9crit par\" \/>\n\t<meta name=\"twitter:data1\" content=\"Marion\" \/>\n\t<meta name=\"twitter:label2\" content=\"Dur\u00e9e de lecture estim\u00e9e\" \/>\n\t<meta name=\"twitter:data2\" content=\"15 minutes\" \/>\n<script type=\"application\/ld+json\" class=\"yoast-schema-graph\">{\"@context\":\"https:\/\/schema.org\",\"@graph\":[{\"@type\":\"Organization\",\"@id\":\"https:\/\/eclorescence.fr\/#organization\",\"name\":\"Eclorescence\",\"url\":\"https:\/\/eclorescence.fr\/\",\"sameAs\":[\"https:\/\/www.facebook.com\/Eclorescence\",\"https:\/\/www.instagram.com\/marion_oudot__eclorescence\/\",\"https:\/\/www.linkedin.com\/company\/eclorescence\/\"],\"logo\":{\"@type\":\"ImageObject\",\"@id\":\"https:\/\/eclorescence.fr\/#logo\",\"inLanguage\":\"fr-FR\",\"url\":\"https:\/\/eclorescence.fr\/wp-content\/uploads\/2020\/09\/Copie-de-LOGO-ECLORESCENCE.png\",\"contentUrl\":\"https:\/\/eclorescence.fr\/wp-content\/uploads\/2020\/09\/Copie-de-LOGO-ECLORESCENCE.png\",\"width\":500,\"height\":500,\"caption\":\"Eclorescence\"},\"image\":{\"@id\":\"https:\/\/eclorescence.fr\/#logo\"}},{\"@type\":\"WebSite\",\"@id\":\"https:\/\/eclorescence.fr\/#website\",\"url\":\"https:\/\/eclorescence.fr\/\",\"name\":\"Eclorescence\",\"description\":\"Faire \u00e9clore les ressources de chacun.e\",\"publisher\":{\"@id\":\"https:\/\/eclorescence.fr\/#organization\"},\"potentialAction\":[{\"@type\":\"SearchAction\",\"target\":{\"@type\":\"EntryPoint\",\"urlTemplate\":\"https:\/\/eclorescence.fr\/?s={search_term_string}\"},\"query-input\":\"required name=search_term_string\"}],\"inLanguage\":\"fr-FR\"},{\"@type\":\"ImageObject\",\"@id\":\"https:\/\/eclorescence.fr\/index.php\/2020\/05\/07\/jvoudrais-bien-mais-jpeux-point-nos-excuses-preferees-pour-ne-pas-suivre-nos-aspirations-professionnelles\/#primaryimage\",\"inLanguage\":\"fr-FR\",\"url\":\"https:\/\/eclorescence.fr\/wp-content\/uploads\/2020\/05\/550.jpg\",\"contentUrl\":\"https:\/\/eclorescence.fr\/wp-content\/uploads\/2020\/05\/550.jpg\",\"width\":1000,\"height\":667,\"caption\":\"peur d'entreprendre\"},{\"@type\":\"WebPage\",\"@id\":\"https:\/\/eclorescence.fr\/index.php\/2020\/05\/07\/jvoudrais-bien-mais-jpeux-point-nos-excuses-preferees-pour-ne-pas-suivre-nos-aspirations-professionnelles\/#webpage\",\"url\":\"https:\/\/eclorescence.fr\/index.php\/2020\/05\/07\/jvoudrais-bien-mais-jpeux-point-nos-excuses-preferees-pour-ne-pas-suivre-nos-aspirations-professionnelles\/\",\"name\":\"Nos excuses pr\u00e9f\u00e9r\u00e9es pour ne pas suivre nos aspirations professionnelles\",\"isPartOf\":{\"@id\":\"https:\/\/eclorescence.fr\/#website\"},\"primaryImageOfPage\":{\"@id\":\"https:\/\/eclorescence.fr\/index.php\/2020\/05\/07\/jvoudrais-bien-mais-jpeux-point-nos-excuses-preferees-pour-ne-pas-suivre-nos-aspirations-professionnelles\/#primaryimage\"},\"datePublished\":\"2020-05-07T07:07:09+00:00\",\"dateModified\":\"2025-08-18T05:58:25+00:00\",\"description\":\"Suivre ces aspirations professionnelles, c'est faire le grand saut. C'est effrayant. On trouve alors 1000 excuses pour ne pas y aller.\",\"breadcrumb\":{\"@id\":\"https:\/\/eclorescence.fr\/index.php\/2020\/05\/07\/jvoudrais-bien-mais-jpeux-point-nos-excuses-preferees-pour-ne-pas-suivre-nos-aspirations-professionnelles\/#breadcrumb\"},\"inLanguage\":\"fr-FR\",\"potentialAction\":[{\"@type\":\"ReadAction\",\"target\":[\"https:\/\/eclorescence.fr\/index.php\/2020\/05\/07\/jvoudrais-bien-mais-jpeux-point-nos-excuses-preferees-pour-ne-pas-suivre-nos-aspirations-professionnelles\/\"]}]},{\"@type\":\"BreadcrumbList\",\"@id\":\"https:\/\/eclorescence.fr\/index.php\/2020\/05\/07\/jvoudrais-bien-mais-jpeux-point-nos-excuses-preferees-pour-ne-pas-suivre-nos-aspirations-professionnelles\/#breadcrumb\",\"itemListElement\":[{\"@type\":\"ListItem\",\"position\":1,\"name\":\"Accueil\",\"item\":\"https:\/\/eclorescence.fr\/\"},{\"@type\":\"ListItem\",\"position\":2,\"name\":\"Nos excuses pr\u00e9f\u00e9r\u00e9es pour ne pas suivre nos aspirations professionnelles\"}]},{\"@type\":\"Article\",\"@id\":\"https:\/\/eclorescence.fr\/index.php\/2020\/05\/07\/jvoudrais-bien-mais-jpeux-point-nos-excuses-preferees-pour-ne-pas-suivre-nos-aspirations-professionnelles\/#article\",\"isPartOf\":{\"@id\":\"https:\/\/eclorescence.fr\/index.php\/2020\/05\/07\/jvoudrais-bien-mais-jpeux-point-nos-excuses-preferees-pour-ne-pas-suivre-nos-aspirations-professionnelles\/#webpage\"},\"author\":{\"@id\":\"https:\/\/eclorescence.fr\/#\/schema\/person\/3a80c733b4795ddddb911a3924add89c\"},\"headline\":\"Nos excuses pr\u00e9f\u00e9r\u00e9es pour ne pas suivre nos aspirations professionnelles\",\"datePublished\":\"2020-05-07T07:07:09+00:00\",\"dateModified\":\"2025-08-18T05:58:25+00:00\",\"mainEntityOfPage\":{\"@id\":\"https:\/\/eclorescence.fr\/index.php\/2020\/05\/07\/jvoudrais-bien-mais-jpeux-point-nos-excuses-preferees-pour-ne-pas-suivre-nos-aspirations-professionnelles\/#webpage\"},\"wordCount\":3616,\"publisher\":{\"@id\":\"https:\/\/eclorescence.fr\/#organization\"},\"image\":{\"@id\":\"https:\/\/eclorescence.fr\/index.php\/2020\/05\/07\/jvoudrais-bien-mais-jpeux-point-nos-excuses-preferees-pour-ne-pas-suivre-nos-aspirations-professionnelles\/#primaryimage\"},\"thumbnailUrl\":\"https:\/\/eclorescence.fr\/wp-content\/uploads\/2020\/05\/550.jpg\",\"articleSection\":[\"Confiance en soi\",\"Ego\",\"Epanouissement au travail\",\"Motivation\"],\"inLanguage\":\"fr-FR\"},{\"@type\":\"Person\",\"@id\":\"https:\/\/eclorescence.fr\/#\/schema\/person\/3a80c733b4795ddddb911a3924add89c\",\"name\":\"Marion\",\"image\":{\"@type\":\"ImageObject\",\"@id\":\"https:\/\/eclorescence.fr\/#personlogo\",\"inLanguage\":\"fr-FR\",\"url\":\"https:\/\/secure.gravatar.com\/avatar\/7e5438cabfdaac63e418268991ba5602?s=96&d=mm&r=g\",\"contentUrl\":\"https:\/\/secure.gravatar.com\/avatar\/7e5438cabfdaac63e418268991ba5602?s=96&d=mm&r=g\",\"caption\":\"Marion\"}}]}<\/script>\n<!-- \/ Yoast SEO plugin. -->","yoast_head_json":{"title":"Nos excuses pr\u00e9f\u00e9r\u00e9es pour ne pas suivre nos aspirations professionnelles","description":"Suivre ces aspirations professionnelles, c'est faire le grand saut. C'est effrayant. On trouve alors 1000 excuses pour ne pas y aller.","robots":{"index":"index","follow":"follow","max-snippet":"max-snippet:-1","max-image-preview":"max-image-preview:large","max-video-preview":"max-video-preview:-1"},"canonical":"https:\/\/eclorescence.fr\/index.php\/2020\/05\/07\/jvoudrais-bien-mais-jpeux-point-nos-excuses-preferees-pour-ne-pas-suivre-nos-aspirations-professionnelles\/","og_locale":"fr_FR","og_type":"article","og_title":"Nos excuses pr\u00e9f\u00e9r\u00e9es pour ne pas suivre nos aspirations professionnelles","og_description":"Suivre ces aspirations professionnelles, c'est faire le grand saut. C'est effrayant. On trouve alors 1000 excuses pour ne pas y aller.","og_url":"https:\/\/eclorescence.fr\/index.php\/2020\/05\/07\/jvoudrais-bien-mais-jpeux-point-nos-excuses-preferees-pour-ne-pas-suivre-nos-aspirations-professionnelles\/","og_site_name":"Eclorescence","article_publisher":"https:\/\/www.facebook.com\/Eclorescence","article_published_time":"2020-05-07T07:07:09+00:00","article_modified_time":"2025-08-18T05:58:25+00:00","og_image":[{"width":1000,"height":667,"url":"https:\/\/eclorescence.fr\/wp-content\/uploads\/2020\/05\/550.jpg","type":"image\/jpeg"}],"twitter_card":"summary_large_image","twitter_misc":{"\u00c9crit par":"Marion","Dur\u00e9e de lecture estim\u00e9e":"15 minutes"},"schema":{"@context":"https:\/\/schema.org","@graph":[{"@type":"Organization","@id":"https:\/\/eclorescence.fr\/#organization","name":"Eclorescence","url":"https:\/\/eclorescence.fr\/","sameAs":["https:\/\/www.facebook.com\/Eclorescence","https:\/\/www.instagram.com\/marion_oudot__eclorescence\/","https:\/\/www.linkedin.com\/company\/eclorescence\/"],"logo":{"@type":"ImageObject","@id":"https:\/\/eclorescence.fr\/#logo","inLanguage":"fr-FR","url":"https:\/\/eclorescence.fr\/wp-content\/uploads\/2020\/09\/Copie-de-LOGO-ECLORESCENCE.png","contentUrl":"https:\/\/eclorescence.fr\/wp-content\/uploads\/2020\/09\/Copie-de-LOGO-ECLORESCENCE.png","width":500,"height":500,"caption":"Eclorescence"},"image":{"@id":"https:\/\/eclorescence.fr\/#logo"}},{"@type":"WebSite","@id":"https:\/\/eclorescence.fr\/#website","url":"https:\/\/eclorescence.fr\/","name":"Eclorescence","description":"Faire \u00e9clore les ressources de chacun.e","publisher":{"@id":"https:\/\/eclorescence.fr\/#organization"},"potentialAction":[{"@type":"SearchAction","target":{"@type":"EntryPoint","urlTemplate":"https:\/\/eclorescence.fr\/?s={search_term_string}"},"query-input":"required name=search_term_string"}],"inLanguage":"fr-FR"},{"@type":"ImageObject","@id":"https:\/\/eclorescence.fr\/index.php\/2020\/05\/07\/jvoudrais-bien-mais-jpeux-point-nos-excuses-preferees-pour-ne-pas-suivre-nos-aspirations-professionnelles\/#primaryimage","inLanguage":"fr-FR","url":"https:\/\/eclorescence.fr\/wp-content\/uploads\/2020\/05\/550.jpg","contentUrl":"https:\/\/eclorescence.fr\/wp-content\/uploads\/2020\/05\/550.jpg","width":1000,"height":667,"caption":"peur d'entreprendre"},{"@type":"WebPage","@id":"https:\/\/eclorescence.fr\/index.php\/2020\/05\/07\/jvoudrais-bien-mais-jpeux-point-nos-excuses-preferees-pour-ne-pas-suivre-nos-aspirations-professionnelles\/#webpage","url":"https:\/\/eclorescence.fr\/index.php\/2020\/05\/07\/jvoudrais-bien-mais-jpeux-point-nos-excuses-preferees-pour-ne-pas-suivre-nos-aspirations-professionnelles\/","name":"Nos excuses pr\u00e9f\u00e9r\u00e9es pour ne pas suivre nos aspirations professionnelles","isPartOf":{"@id":"https:\/\/eclorescence.fr\/#website"},"primaryImageOfPage":{"@id":"https:\/\/eclorescence.fr\/index.php\/2020\/05\/07\/jvoudrais-bien-mais-jpeux-point-nos-excuses-preferees-pour-ne-pas-suivre-nos-aspirations-professionnelles\/#primaryimage"},"datePublished":"2020-05-07T07:07:09+00:00","dateModified":"2025-08-18T05:58:25+00:00","description":"Suivre ces aspirations professionnelles, c'est faire le grand saut. C'est effrayant. On trouve alors 1000 excuses pour ne pas y aller.","breadcrumb":{"@id":"https:\/\/eclorescence.fr\/index.php\/2020\/05\/07\/jvoudrais-bien-mais-jpeux-point-nos-excuses-preferees-pour-ne-pas-suivre-nos-aspirations-professionnelles\/#breadcrumb"},"inLanguage":"fr-FR","potentialAction":[{"@type":"ReadAction","target":["https:\/\/eclorescence.fr\/index.php\/2020\/05\/07\/jvoudrais-bien-mais-jpeux-point-nos-excuses-preferees-pour-ne-pas-suivre-nos-aspirations-professionnelles\/"]}]},{"@type":"BreadcrumbList","@id":"https:\/\/eclorescence.fr\/index.php\/2020\/05\/07\/jvoudrais-bien-mais-jpeux-point-nos-excuses-preferees-pour-ne-pas-suivre-nos-aspirations-professionnelles\/#breadcrumb","itemListElement":[{"@type":"ListItem","position":1,"name":"Accueil","item":"https:\/\/eclorescence.fr\/"},{"@type":"ListItem","position":2,"name":"Nos excuses pr\u00e9f\u00e9r\u00e9es pour ne pas suivre nos aspirations professionnelles"}]},{"@type":"Article","@id":"https:\/\/eclorescence.fr\/index.php\/2020\/05\/07\/jvoudrais-bien-mais-jpeux-point-nos-excuses-preferees-pour-ne-pas-suivre-nos-aspirations-professionnelles\/#article","isPartOf":{"@id":"https:\/\/eclorescence.fr\/index.php\/2020\/05\/07\/jvoudrais-bien-mais-jpeux-point-nos-excuses-preferees-pour-ne-pas-suivre-nos-aspirations-professionnelles\/#webpage"},"author":{"@id":"https:\/\/eclorescence.fr\/#\/schema\/person\/3a80c733b4795ddddb911a3924add89c"},"headline":"Nos excuses pr\u00e9f\u00e9r\u00e9es pour ne pas suivre nos aspirations professionnelles","datePublished":"2020-05-07T07:07:09+00:00","dateModified":"2025-08-18T05:58:25+00:00","mainEntityOfPage":{"@id":"https:\/\/eclorescence.fr\/index.php\/2020\/05\/07\/jvoudrais-bien-mais-jpeux-point-nos-excuses-preferees-pour-ne-pas-suivre-nos-aspirations-professionnelles\/#webpage"},"wordCount":3616,"publisher":{"@id":"https:\/\/eclorescence.fr\/#organization"},"image":{"@id":"https:\/\/eclorescence.fr\/index.php\/2020\/05\/07\/jvoudrais-bien-mais-jpeux-point-nos-excuses-preferees-pour-ne-pas-suivre-nos-aspirations-professionnelles\/#primaryimage"},"thumbnailUrl":"https:\/\/eclorescence.fr\/wp-content\/uploads\/2020\/05\/550.jpg","articleSection":["Confiance en soi","Ego","Epanouissement au travail","Motivation"],"inLanguage":"fr-FR"},{"@type":"Person","@id":"https:\/\/eclorescence.fr\/#\/schema\/person\/3a80c733b4795ddddb911a3924add89c","name":"Marion","image":{"@type":"ImageObject","@id":"https:\/\/eclorescence.fr\/#personlogo","inLanguage":"fr-FR","url":"https:\/\/secure.gravatar.com\/avatar\/7e5438cabfdaac63e418268991ba5602?s=96&d=mm&r=g","contentUrl":"https:\/\/secure.gravatar.com\/avatar\/7e5438cabfdaac63e418268991ba5602?s=96&d=mm&r=g","caption":"Marion"}}]}},"_links":{"self":[{"href":"https:\/\/eclorescence.fr\/index.php\/wp-json\/wp\/v2\/posts\/1708"}],"collection":[{"href":"https:\/\/eclorescence.fr\/index.php\/wp-json\/wp\/v2\/posts"}],"about":[{"href":"https:\/\/eclorescence.fr\/index.php\/wp-json\/wp\/v2\/types\/post"}],"author":[{"embeddable":true,"href":"https:\/\/eclorescence.fr\/index.php\/wp-json\/wp\/v2\/users\/1"}],"replies":[{"embeddable":true,"href":"https:\/\/eclorescence.fr\/index.php\/wp-json\/wp\/v2\/comments?post=1708"}],"version-history":[{"count":50,"href":"https:\/\/eclorescence.fr\/index.php\/wp-json\/wp\/v2\/posts\/1708\/revisions"}],"predecessor-version":[{"id":7486,"href":"https:\/\/eclorescence.fr\/index.php\/wp-json\/wp\/v2\/posts\/1708\/revisions\/7486"}],"wp:featuredmedia":[{"embeddable":true,"href":"https:\/\/eclorescence.fr\/index.php\/wp-json\/wp\/v2\/media\/6587"}],"wp:attachment":[{"href":"https:\/\/eclorescence.fr\/index.php\/wp-json\/wp\/v2\/media?parent=1708"}],"wp:term":[{"taxonomy":"category","embeddable":true,"href":"https:\/\/eclorescence.fr\/index.php\/wp-json\/wp\/v2\/categories?post=1708"},{"taxonomy":"post_tag","embeddable":true,"href":"https:\/\/eclorescence.fr\/index.php\/wp-json\/wp\/v2\/tags?post=1708"}],"curies":[{"name":"wp","href":"https:\/\/api.w.org\/{rel}","templated":true}]}}