{"id":3988,"date":"2021-05-29T14:45:09","date_gmt":"2021-05-29T12:45:09","guid":{"rendered":"https:\/\/eclorescence.fr\/?p=3988"},"modified":"2025-04-16T10:43:54","modified_gmt":"2025-04-16T08:43:54","slug":"enquete-alignement","status":"publish","type":"post","link":"https:\/\/eclorescence.fr\/index.php\/2021\/05\/29\/enquete-alignement\/","title":{"rendered":"En qu\u00eate d&rsquo;alignement&#8230;"},"content":{"rendered":"<p>[et_pb_section fb_built=\u00a0\u00bb1&Prime; admin_label=\u00a0\u00bbBlog Section\u00a0\u00bb _builder_version=\u00a0\u00bb4.16&Prime; custom_padding=\u00a0\u00bb20px||11px|||\u00a0\u00bb global_colors_info=\u00a0\u00bb{}\u00a0\u00bb][et_pb_row _builder_version=\u00a0\u00bb4.16&Prime; global_colors_info=\u00a0\u00bb{}\u00a0\u00bb][et_pb_column type=\u00a0\u00bb4_4&Prime; _builder_version=\u00a0\u00bb4.16&Prime; custom_padding=\u00a0\u00bb|||\u00a0\u00bb global_colors_info=\u00a0\u00bb{}\u00a0\u00bb custom_padding__hover=\u00a0\u00bb|||\u00a0\u00bb][et_pb_text _builder_version=\u00a0\u00bb4.16&Prime; _module_preset=\u00a0\u00bbdefault\u00a0\u00bb global_colors_info=\u00a0\u00bb{}\u00a0\u00bb]<\/p>\n<p style=\"text-align: justify;\">Dans le milieu du d\u00e9veloppement personnel, on \u00e9voque souvent le fait de ne pas \u00eatre align\u00e9 et de chercher \u00e0 l\u2019\u00eatre. L&rsquo;alignement apparait comme une sorte de graal, un \u00e9tat id\u00e9al o\u00f9 tout s\u2019emboiterait et deviendrait fluide.<\/p>\n<p style=\"text-align: justify;\">Mais de quoi parle-t-on exactement\u00a0?<\/p>\n<p>[\/et_pb_text][et_pb_text _builder_version=\u00a0\u00bb4.16&Prime; global_colors_info=\u00a0\u00bb{}\u00a0\u00bb]<\/p>\n<h4 style=\"text-align: justify;\"><strong>Qu\u2019est-ce que \u00e7a signifie \u00eatre align\u00e9 ?<\/strong><\/h4>\n<p style=\"text-align: justify;\">Le Larousse d\u00e9fini l\u2019alignement comme l\u2019action de se conformer \u00e0 l\u2019attitude de quelqu\u2019un, de se r\u00e9gler sur quelque chose.<\/p>\n<p style=\"text-align: justify;\">Comme il est ici question d\u2019alignement personnel, ce serait donc <strong>l\u2019action de se conformer \u00e0 ce que nous sommes, de nous r\u00e9gler sur nous-m\u00eame.<\/strong><\/p>\n<p style=\"text-align: justify;\">Pour simplifier, \u00eatre align\u00e9, c\u2019est donc :<\/p>\n<ul style=\"text-align: justify;\">\n<li>Faire ce qu&rsquo;on pense : nos actions sont coh\u00e9rentes avec nos pens\u00e9es<\/li>\n<li>Faire ce qu&rsquo;on dit : nos actions sont coh\u00e9rentes avec nos propos<\/li>\n<li>Dire ce qu&rsquo;on fait : on n\u2019a pas de craintes \u00e0 exprimer nos comportements et actions<\/li>\n<li>Dire ce qu&rsquo;on pense : on n\u2019a pas de craintes \u00e0 exprimer ses pens\u00e9es<\/li>\n<\/ul>\n<p style=\"text-align: justify;\">\n<p style=\"text-align: justify;\">Bien s\u00fbr, cela ne veut pas dire qu\u2019on dira ou fera tout ce qui nous passe par la t\u00eate, mais lorsque c\u2019est important pour nous, on ne se mus\u00e8le pas, on ne se restreint pas, <strong>on passe au-del\u00e0 du regard des autres. On assume qui on est, ce qu\u2019on pense et ce qu\u2019on fait.<\/strong><\/p>\n<p style=\"text-align: justify;\">L\u2019enjeu derri\u00e8re cette notion d\u2019alignement, c\u2019est souvent une notion de s\u00e9r\u00e9nit\u00e9 et de bien-\u00eatre. <strong>On arr\u00eate de lutter contre soi et contre le regard des autres. A la cl\u00e9, c\u2019est notre sant\u00e9 physique et mentale qui est en jeu.<\/strong> Car nombre de sympt\u00f4mes sont li\u00e9s \u00e0 des d\u00e9salignements.<\/p>\n<p>[\/et_pb_text][\/et_pb_column][\/et_pb_row][et_pb_row _builder_version=\u00a0\u00bb4.16&Prime; _module_preset=\u00a0\u00bbdefault\u00a0\u00bb global_colors_info=\u00a0\u00bb{}\u00a0\u00bb][et_pb_column type=\u00a0\u00bb4_4&Prime; _builder_version=\u00a0\u00bb4.16&Prime; _module_preset=\u00a0\u00bbdefault\u00a0\u00bb global_colors_info=\u00a0\u00bb{}\u00a0\u00bb][et_pb_text _builder_version=\u00a0\u00bb4.16&Prime; _module_preset=\u00a0\u00bbdefault\u00a0\u00bb global_colors_info=\u00a0\u00bb{}\u00a0\u00bb]<\/p>\n<h4><strong>Les sympt\u00f4mes du d\u00e9salignement<\/strong><\/h4>\n<p style=\"text-align: justify;\">La maladie, c\u2019est le \u00ab <em>mal a dit<\/em> \u00bb. Ainsi <strong>beaucoup de nos maux sont le reflet de mots mal ou non exprim\u00e9s<\/strong> dans nos paroles ou nos actes. Bref, d&rsquo;un manque d\u2019alignement.<\/p>\n<p style=\"text-align: justify;\">Par exemple, No\u00e9mie a souvent de grosses migraines, notamment lorsqu\u2019elle n\u2019exprime pas ce qu\u2019elle pense profond\u00e9ment et que <a href=\"https:\/\/eclorescence.fr\/index.php\/2024\/09\/11\/comment-stopper-les-ruminations\/\">\u00e7a rumine<\/a> et finit par surchauffer dans sa t\u00eate.<\/p>\n<p style=\"text-align: justify;\">Antoine est \u00e9puis\u00e9. Son corps ne veut plus faire ce que son esprit lui dit d\u2019arr\u00eater de faire depuis si longtemps. En effet, son job ne lui plait plus. Mais il faut bien gagner sa vie. Alors, il fait preuve d\u2019une grande volont\u00e9 et d\u2019obstination, jusqu\u2019\u00e0 ce que son corps lui exprime plus violemment son probl\u00e8me d\u2019alignement, en ne lui donnant plus le carburant n\u00e9cessaire pour continuer \u00e0 travailler comme si de rien n&rsquo;\u00e9tait.<\/p>\n<p style=\"text-align: justify;\">Marie a tout le temps mal au ventre. Reflet de ce qu\u2019elle a du mal \u00e0 dig\u00e9rer\u2026<\/p>\n<p style=\"text-align: justify;\">Etc\u2026<\/p>\n<p style=\"text-align: justify;\">Pour en savoir +\u00a0: <a href=\"https:\/\/sain-et-naturel.ouest-france.fr\/maladie-mal-a-dit-emotions-maladies.html\">https:\/\/sain-et-naturel.ouest-france.fr\/maladie-mal-a-dit-emotions-maladies.html<\/a><\/p>\n<p>[\/et_pb_text][\/et_pb_column][\/et_pb_row][et_pb_row column_structure=\u00a0\u00bb3_5,2_5&Prime; _builder_version=\u00a0\u00bb4.16&Prime; _module_preset=\u00a0\u00bbdefault\u00a0\u00bb global_colors_info=\u00a0\u00bb{}\u00a0\u00bb][et_pb_column type=\u00a0\u00bb3_5&Prime; _builder_version=\u00a0\u00bb4.16&Prime; _module_preset=\u00a0\u00bbdefault\u00a0\u00bb global_colors_info=\u00a0\u00bb{}\u00a0\u00bb][et_pb_text _builder_version=\u00a0\u00bb4.16&Prime; _module_preset=\u00a0\u00bbdefault\u00a0\u00bb global_colors_info=\u00a0\u00bb{}\u00a0\u00bb]<\/p>\n<p style=\"text-align: justify;\">Au-del\u00e0 de tous ces maux, <strong>quand on n\u2019est pas align\u00e9, on a souvent le sentiment de\u00a0:<\/strong><\/p>\n<ul style=\"text-align: justify;\">\n<li><strong>Jouer un r\u00f4le<\/strong><\/li>\n<li><strong>Ne pas \u00eatre \u00e0 sa place<\/strong><\/li>\n<li><strong>Manquer de sens<\/strong><\/li>\n<\/ul>\n<p style=\"text-align: justify;\">Bref, notre corps et notre c\u0153ur nous parlent. Ils \u00e9mettent des signaux d\u2019alerte \u00e0 tout va.\u00a0<\/p>\n<p>[\/et_pb_text][\/et_pb_column][et_pb_column type=\u00a0\u00bb2_5&Prime; _builder_version=\u00a0\u00bb4.16&Prime; _module_preset=\u00a0\u00bbdefault\u00a0\u00bb global_colors_info=\u00a0\u00bb{}\u00a0\u00bb][et_pb_image src=\u00a0\u00bbhttps:\/\/eclorescence.fr\/wp-content\/uploads\/2021\/05\/corps.jpg\u00a0\u00bb alt=\u00a0\u00bbtexte illustr\u00e9 sur le corps et les \u00e9motions\u00a0\u00bb title_text=\u00a0\u00bbcorps\u00a0\u00bb _builder_version=\u00a0\u00bb4.16&Prime; _module_preset=\u00a0\u00bbdefault\u00a0\u00bb global_colors_info=\u00a0\u00bb{}\u00a0\u00bb][\/et_pb_image][\/et_pb_column][\/et_pb_row][et_pb_row _builder_version=\u00a0\u00bb4.16&Prime; _module_preset=\u00a0\u00bbdefault\u00a0\u00bb global_colors_info=\u00a0\u00bb{}\u00a0\u00bb][et_pb_column type=\u00a0\u00bb4_4&Prime; _builder_version=\u00a0\u00bb4.16&Prime; _module_preset=\u00a0\u00bbdefault\u00a0\u00bb global_colors_info=\u00a0\u00bb{}\u00a0\u00bb][et_pb_text _builder_version=\u00a0\u00bb4.20.2&Prime; _module_preset=\u00a0\u00bbdefault\u00a0\u00bb global_colors_info=\u00a0\u00bb{}\u00a0\u00bb]<\/p>\n<p style=\"text-align: justify;\">Et plus on tente de les \u00e9touffer, plus ils ont tendance \u00e0 s\u2019exprimer fortement. C\u2019est pourquoi, en g\u00e9n\u00e9ral, autour de 35\/45ans, on finit par y porter davantage attention car il devient de plus en plus difficile d\u2019ignorer ces signaux. On commence alors \u00e0 admettre que quelque chose ne va pas. <a href=\"https:\/\/eclorescence.fr\/index.php\/2019\/11\/07\/pret-pour-de-nouvelles-aventures\/)\">On pr\u00eate davantage attention \u00e0 cette petite voix<\/a>. Et on se met en qu\u00eate de ce fameux alignement\u2026\u00a0<\/p>\n<p>[\/et_pb_text][et_pb_text _builder_version=\u00a0\u00bb4.16&Prime; _module_preset=\u00a0\u00bbdefault\u00a0\u00bb global_colors_info=\u00a0\u00bb{}\u00a0\u00bb]<\/p>\n<h4><strong>Trouver l\u2019alignement gr\u00e2ce \u00e0 la pyramide de Dilts<\/strong><\/h4>\n<p style=\"text-align: justify;\">D\u2019apr\u00e8s Robert Dilts, notre pens\u00e9e est organis\u00e9e en diff\u00e9rents niveaux logiques.<\/p>\n<p>[\/et_pb_text][\/et_pb_column][\/et_pb_row][et_pb_row _builder_version=\u00a0\u00bb4.16&Prime; _module_preset=\u00a0\u00bbdefault\u00a0\u00bb global_colors_info=\u00a0\u00bb{}\u00a0\u00bb][et_pb_column type=\u00a0\u00bb4_4&Prime; _builder_version=\u00a0\u00bb4.16&Prime; _module_preset=\u00a0\u00bbdefault\u00a0\u00bb global_colors_info=\u00a0\u00bb{}\u00a0\u00bb][et_pb_image src=\u00a0\u00bbhttps:\/\/eclorescence.fr\/wp-content\/uploads\/2021\/05\/La_pyramide_de_Dilts.png\u00a0\u00bb alt=\u00a0\u00bbPyramide de Dilts\u00a0\u00bb title_text=\u00a0\u00bbLa_pyramide_de_Dilts\u00a0\u00bb _builder_version=\u00a0\u00bb4.16&Prime; _module_preset=\u00a0\u00bbdefault\u00a0\u00bb width=\u00a0\u00bb39%\u00a0\u00bb module_alignment=\u00a0\u00bbcenter\u00a0\u00bb global_colors_info=\u00a0\u00bb{}\u00a0\u00bb][\/et_pb_image][\/et_pb_column][\/et_pb_row][et_pb_row _builder_version=\u00a0\u00bb4.16&Prime; _module_preset=\u00a0\u00bbdefault\u00a0\u00bb global_colors_info=\u00a0\u00bb{}\u00a0\u00bb][et_pb_column type=\u00a0\u00bb4_4&Prime; _builder_version=\u00a0\u00bb4.16&Prime; _module_preset=\u00a0\u00bbdefault\u00a0\u00bb global_colors_info=\u00a0\u00bb{}\u00a0\u00bb][et_pb_text _builder_version=\u00a0\u00bb4.16&Prime; _module_preset=\u00a0\u00bbdefault\u00a0\u00bb global_colors_info=\u00a0\u00bb{}\u00a0\u00bb]<\/p>\n<h5 style=\"text-align: justify;\"><strong>L\u2019environnement\u00a0(o\u00f9, quand et avec qui nous sommes)<\/strong><\/h5>\n<p style=\"text-align: justify;\">C\u2019est tout ce qui d\u00e9finit le contexte : le lieu, l\u2019\u00e9v\u00e8nement, les personnes.<\/p>\n<h5 style=\"text-align: justify;\"><strong>Les comportements (ce que nous faisons)<\/strong><\/h5>\n<p style=\"text-align: justify;\">Ce sont toutes les actions et attitudes que nous mettons en \u0153uvre dans l\u2019environnement.<\/p>\n<h5 style=\"text-align: justify;\"><strong>Les capacit\u00e9s\u00a0(Ce que nous savons)<\/strong><\/h5>\n<p style=\"text-align: justify;\">C\u2019est l\u2019ensemble de nos comp\u00e9tences qui nous permettent d\u2019adopter les bons comportements en fonction de l\u2019environnement dans lequel on se trouve.<\/p>\n<h5><strong>Les valeurs et croyances\u00a0(ce \u00e0 quoi nous croyons)<\/strong><\/h5>\n<p style=\"text-align: justify;\">C\u2019est tout ce que nous \u00e9valuons comme bon ou mauvais, vrai ou faux. \u00c7a colore nos capacit\u00e9s (en fonction de mes valeurs et croyances, je vais me sentir capable ou non de faire certaines choses), nos comportements (en fonction de mes valeurs et croyances, je vais avoir envie d\u2019agir ou non d\u2019une certaine fa\u00e7on) et notre environnement (je vais probablement aller dans des environnements qui partagent mes valeurs et croyances).<\/p>\n<h5 style=\"text-align: justify;\"><strong>L\u2019identit\u00e9\u00a0(ce que nous sommes)<\/strong><\/h5>\n<p style=\"text-align: justify;\">Comme un oignon, nous disposons de plusieurs couches de notre identit\u00e9. Ces couches sont li\u00e9es aux diff\u00e9rents r\u00f4les que nous adoptons tout au long de notre vie (fils de, mari, p\u00e8re, artisan, patron, footballeur\u2026). Au c\u0153ur de cet oignon, il y a ce que nous sommes profond\u00e9ment, notre singularit\u00e9 et nos \u00e9l\u00e9ments identitaires stables.<\/p>\n<h5 style=\"text-align: justify;\"><strong>Le spirituel (ce que nous sentons)<\/strong><\/h5>\n<p style=\"text-align: justify;\">C\u2019est ce qui nous relie au monde, \u00e0 quelque chose de plus vaste et qui nous d\u00e9passe. C\u2019est de l\u2019ordre du ressenti \u00e0 l\u2019int\u00e9rieur de nous, et qui nous relie d\u2019une certaine fa\u00e7on au monde. C&rsquo;est le fameux sens que l&rsquo;on donne \u00e0 ce qui se passe et \u00e0 la raison de notre pr\u00e9sence sur cette terre.<\/p>\n<p>[\/et_pb_text][et_pb_text _builder_version=\u00a0\u00bb4.20.2&Prime; _module_preset=\u00a0\u00bbdefault\u00a0\u00bb global_colors_info=\u00a0\u00bb{}\u00a0\u00bb]<\/p>\n<p style=\"text-align: justify;\">Pour reprendre un exemple de Robert Dilts, voici comment la m\u00eame information peut \u00eatre trait\u00e9e de fa\u00e7on diff\u00e9rente selon le niveau logique que l\u2019on prend :<\/p>\n<ul style=\"text-align: justify;\">\n<li>Cet objet dans cet environnement est dangereux (environnement)<\/li>\n<li>Vos actions dans ce contexte sont dangereuses (comportement)<\/li>\n<li>Votre incapacit\u00e9 \u00e0 analyser la situation est dangereuse (capacit\u00e9s)<\/li>\n<li>Vos croyances et valeurs sont dangereuses (valeurs et croyances)<\/li>\n<li>Vous \u00eates dangereux (Identit\u00e9)<\/li>\n<li>Votre vision de la vie\/philosophie\/religion est dangereuse (spirituel)<\/li>\n<\/ul>\n<p style=\"text-align: justify;\">Je vous laisse imaginer le nombre de fois o\u00f9 nous pouvons nous tromper sur le niveau logique. Par exemple, combien de fois attaquons-nous l\u2019identit\u00e9 de quelqu\u2019un, alors que c\u2019est au niveau comportement qu\u2019il y avait un souci. Et combien de fois, faisons-nous ainsi des conclusions sur notre propre identit\u00e9, alors qu\u2019il s\u2019agissait d\u2019un autre niveau logique ? Mais bon, \u00e7a, c\u2019est un autre sujet \ud83d\ude09 directement en lien avec la construction de <a href=\"https:\/\/eclorescence.fr\/index.php\/2021\/09\/08\/mesestime-de-soi\/\">l\u2019estime de soi.<\/a>..\u00a0<\/p>\n<p>[\/et_pb_text][et_pb_text _builder_version=\u00a0\u00bb4.16&Prime; _module_preset=\u00a0\u00bbdefault\u00a0\u00bb global_colors_info=\u00a0\u00bb{}\u00a0\u00bb]<\/p>\n<p style=\"text-align: justify;\">Gregory Batson explique que nos apprentissages se font naturellement de fa\u00e7on progressive au sein de la pyramide\u00a0:<\/p>\n<ul>\n<li style=\"text-align: justify;\">Quand nous sommes petit, notre attention se porte sur notre environnement. O\u00f9 et avec qui on se trouve. En l\u2019occurrence, papa, maman, mes fr\u00e8res et s\u0153urs, ma maison, la cr\u00e8che, l\u2019\u00e9cole\u2026<\/li>\n<li style=\"text-align: justify;\">En grandissant, on s\u2019axe sur les comportements. Ce qu\u2019on fait, doit faire et ce que les autres font<\/li>\n<li style=\"text-align: justify;\">En grandissant encore, on acquiert des savoirs et on doit montrer nos capacit\u00e9s<\/li>\n<li style=\"text-align: justify;\">Vers 35\/45ans, on passe par ce qu\u2019on appelle la transition de milieu de vie, o\u00f9 c\u2019est notre ETRE qui prend le pas sur le FAIRE. On commence \u00e0 confronter son quotidien \u00e0 nos valeurs et on requestionne certaines de <a href=\"https:\/\/eclorescence.fr\/index.php\/2024\/03\/13\/zoom-sur-le-mecanisme-des-croyances-limitantes-et-aidantes\/\">nos croyances<\/a> (pour en savoir +, je vous invite \u00e0 \u00e9couter le <a href=\"https:\/\/eclorescence.fr\/index.php\/2020\/08\/20\/podcast-ikigai\/%20\">Cocon Podcast<\/a> o\u00f9 j\u2019\u00e9tais justement invit\u00e9e pour parler de ce sujet)<\/li>\n<li style=\"text-align: justify;\">Vers la cinquantaine, notre identit\u00e9 s\u2019affirme. Nous assumons davantage qui nous sommes, avec toutes les facettes et les casquettes de notre identit\u00e9<\/li>\n<li style=\"text-align: justify;\">Enfin la vie se poursuit vers la voie de la sagesse, vers ce qu\u2019on appelle le transpersonnel et donc le spirituel.<\/li>\n<\/ul>\n<p>[\/et_pb_text][et_pb_text _builder_version=\u00a0\u00bb4.16&Prime; _module_preset=\u00a0\u00bbdefault\u00a0\u00bb global_colors_info=\u00a0\u00bb{}\u00a0\u00bb]<\/p>\n<p style=\"text-align: justify;\">Bien s\u00fbr, toutes ces \u00e9tapes peuvent \u00eatre franchies un peu plus t\u00f4t ou plus tard. Les autres niveaux logiques ne sont pas inexistants avant, mais ils ont moins d\u2019importance.<\/p>\n<p style=\"text-align: justify;\">On comprend donc que naturellement, <strong>nous \u00e9voluons dans la vie en allant du bas de la pyramide, vers le haut.<\/strong> Pour autant des questions de sens, d\u2019identit\u00e9, peuvent bien s\u00fbr se poser avant la quarantaine. Et c\u2019est justement quand on se pose ce type de questions que le sentiment de d\u00e9salignement peut se faire ressentir. <strong>C\u2019est comme si on se sentait pris en \u00e9tau au milieu de la pyramide car on la remonte comme tout le monde, et en m\u00eame temps, quelque chose venant du haut nous souffle d&rsquo;autres chemins.<\/strong> On peut alors ressentir un profond d\u00e9calage entre o\u00f9 nous sommes, ce que nous faisons, ce que nous sommes ou pensons \u00eatre et ce \u00e0 quoi nous aspirons. C\u2019est le fameux d\u00e9salignement\u2026<\/p>\n<p style=\"text-align: justify;\">Face \u00e0 cela 2 grandes possibilit\u00e9s\u00a0:<\/p>\n<ul>\n<li style=\"text-align: justify;\">Soit on \u00e9touffe ses ressentis et questionnements. Il y a cependant de tr\u00e8s fortes probabilit\u00e9s pour que \u00e7a revienne de plus en plus souvent et de plus en plus intens\u00e9ment, ce qui demandera alors de plus en plus d\u2019efforts pour \u00e9touffer ces ressentis. Et par cons\u00e9quence, sans doute de plus en plus de sympt\u00f4mes physiques et psychiques comme \u00e9voqu\u00e9 plus haut<\/li>\n<li style=\"text-align: justify;\">Soit on \u00e9coute ses ressentis et questionnements et on cherche alors ce fameux alignement.<\/li>\n<\/ul>\n<p style=\"text-align: justify;\">La question est\u00a0: comment fait-on pour atteindre cet alignement\u00a0?<\/p>\n<p style=\"text-align: justify;\">Et bien, \u00ab\u00a0simplement\u00a0\u00bb, en prenant la pyramide dans l\u2019autre sens, et en se posant, pas \u00e0 pas, les questions suivantes :<\/p>\n<p>[\/et_pb_text][\/et_pb_column][\/et_pb_row][et_pb_row column_structure=\u00a0\u00bb2_3,1_3&Prime; _builder_version=\u00a0\u00bb4.16&Prime; _module_preset=\u00a0\u00bbdefault\u00a0\u00bb global_colors_info=\u00a0\u00bb{}\u00a0\u00bb][et_pb_column type=\u00a0\u00bb2_3&Prime; _builder_version=\u00a0\u00bb4.16&Prime; _module_preset=\u00a0\u00bbdefault\u00a0\u00bb global_colors_info=\u00a0\u00bb{}\u00a0\u00bb][et_pb_text _builder_version=\u00a0\u00bb4.16&Prime; _module_preset=\u00a0\u00bbdefault\u00a0\u00bb global_colors_info=\u00a0\u00bb{}\u00a0\u00bb]<\/p>\n<ul>\n<li style=\"text-align: justify;\"><strong>Spiritualit\u00e9<\/strong>\u00a0: A quoi ressemble le monde dans lequel vous avez envie de vivre\u00a0? Quelle est votre vision de la vie, de l\u2019humanit\u00e9\u00a0? Quel sens \u00e0 la vie pour vous\u00a0? Quelle serait votre mission sur terre\u00a0?<\/li>\n<li style=\"text-align: justify;\"><strong>Identit\u00e9<\/strong>\u00a0: Qui \u00eates-vous\u00a0? Quel genre de personne voulez-vous \u00eatre\u00a0?<\/li>\n<li style=\"text-align: justify;\"><strong>Valeurs\/croyances<\/strong>\u00a0: Quelles sont les valeurs et croyances utiles pour r\u00e9aliser les 2 niveaux sup\u00e9rieurs\u00a0? Qu\u2019est-ce qui est bon, vrai, juste, important pour vous ?<\/li>\n<li style=\"text-align: justify;\"><strong>Capacit\u00e9s<\/strong>\u00a0: De quelles capacit\u00e9s disposez-vous pour r\u00e9aliser les niveaux sup\u00e9rieurs\u00a0? Quelles capacit\u00e9s auriez-vous besoin d\u2019acqu\u00e9rir\u00a0?<\/li>\n<li style=\"text-align: justify;\"><strong>Comportements<\/strong>\u00a0: Quels comportements devez-vous mettre en place, renforcer, diminuer ou abandonner pour r\u00e9aliser les niveaux sup\u00e9rieurs\u00a0?<\/li>\n<li style=\"text-align: justify;\"><strong>Environnement<\/strong>\u00a0: O\u00f9, quand et avec qui voulez-vous r\u00e9aliser tout cela\u00a0? Quels sont les contextes et les environnements propices \u00e0 la r\u00e9alisation des niveaux sup\u00e9rieurs\u00a0?<\/li>\n<\/ul>\n<p>[\/et_pb_text][\/et_pb_column][et_pb_column type=\u00a0\u00bb1_3&Prime; _builder_version=\u00a0\u00bb4.16&Prime; _module_preset=\u00a0\u00bbdefault\u00a0\u00bb global_colors_info=\u00a0\u00bb{}\u00a0\u00bb][et_pb_image src=\u00a0\u00bbhttps:\/\/eclorescence.fr\/wp-content\/uploads\/2021\/05\/La_pyramide_de_Dilts.png\u00a0\u00bb alt=\u00a0\u00bbPyramide de Dilts\u00a0\u00bb title_text=\u00a0\u00bbLa_pyramide_de_Dilts\u00a0\u00bb _builder_version=\u00a0\u00bb4.16&Prime; _module_preset=\u00a0\u00bbdefault\u00a0\u00bb global_colors_info=\u00a0\u00bb{}\u00a0\u00bb][\/et_pb_image][\/et_pb_column][\/et_pb_row][et_pb_row _builder_version=\u00a0\u00bb4.16&Prime; _module_preset=\u00a0\u00bbdefault\u00a0\u00bb global_colors_info=\u00a0\u00bb{}\u00a0\u00bb][et_pb_column type=\u00a0\u00bb4_4&Prime; _builder_version=\u00a0\u00bb4.16&Prime; _module_preset=\u00a0\u00bbdefault\u00a0\u00bb global_colors_info=\u00a0\u00bb{}\u00a0\u00bb][et_pb_text _builder_version=\u00a0\u00bb4.16&Prime; _module_preset=\u00a0\u00bbdefault\u00a0\u00bb global_colors_info=\u00a0\u00bb{}\u00a0\u00bb]<\/p>\n<p style=\"text-align: justify;\"><strong>C\u2019est en partant ainsi du haut que vous pourrez vous aligner.<\/strong><\/p>\n<p style=\"text-align: justify;\">Petite parenth\u00e8se pour les dirigeants, managers et RH : la logique est exactement la m\u00eame pour une entreprise, on parle simplement de vision et ambition \u00e0 la place de la spiritualit\u00e9. Une fois la vision, l&rsquo;ambition et l&rsquo;identit\u00e9 de l&rsquo;entreprise d\u00e9finis, on peut alors, par effet de cascades, les d\u00e9cliner en valeurs et croyances aidantes, capacit\u00e9s n\u00e9cessaires, comportements attendus et environnement ad\u00e9quat. Quand les salari\u00e9s expriment des injonctions paradoxales et des incoh\u00e9rences, c&rsquo;est qu&rsquo;il y a des \u00e9carts entre ce qui est d\u00e9fini en haut de la pyramide et ce qui est v\u00e9cu sur les niveaux inf\u00e9rieurs.\u00a0<\/p>\n<p style=\"text-align: justify;\">Pour revenir \u00e0 la dimension personnelle, <strong>quand on se sent d\u00e9salign\u00e9, c\u2019est qu\u2019on fait beaucoup de choses en fonction de l\u2019environnement dans lequel on est<\/strong> (on part donc du bas de la pyramide),<strong> mais on ressent qu\u2019on est d\u00e9sax\u00e9, qu\u2019on aurait envie d\u2019\u00eatre ou de faire autre chose.<\/strong> Comme \u00e9voqu\u00e9 plus haut, on ne se sent pas \u00e0 sa place, on manque de sens, on a l&rsquo;impression de jouer un r\u00f4le. Sentiment d&rsquo;autant plus difficile \u00e0 vivre qu&rsquo;on constate que d&rsquo;autres personnes se sentent totalement \u00e0 leur place, align\u00e9es et authentiques dans ce m\u00eame environnement. Mais chacun son identit\u00e9 et donc ses environnements propices&#8230;<\/p>\n<p>[\/et_pb_text][\/et_pb_column][\/et_pb_row][et_pb_row _builder_version=\u00a0\u00bb4.16&Prime; _module_preset=\u00a0\u00bbdefault\u00a0\u00bb global_colors_info=\u00a0\u00bb{}\u00a0\u00bb][et_pb_column type=\u00a0\u00bb4_4&Prime; _builder_version=\u00a0\u00bb4.16&Prime; _module_preset=\u00a0\u00bbdefault\u00a0\u00bb global_colors_info=\u00a0\u00bb{}\u00a0\u00bb][et_pb_text _builder_version=\u00a0\u00bb4.16&Prime; _module_preset=\u00a0\u00bbdefault\u00a0\u00bb global_colors_info=\u00a0\u00bb{}\u00a0\u00bb]<\/p>\n<p style=\"text-align: justify;\">L\u2019histoire du vilain petit canard raconte totalement cela. Un cygne qui s\u2019ignore (identit\u00e9 m\u00e9connu) et qui fait tout ce qu\u2019il peut (comportement) pour s\u2019adapter \u00e0 une vie de canard (environnement). S\u2019il avait commenc\u00e9 par le haut de la pyramide, ou au moins par le niveau identit\u00e9, il n\u2019aurait pas d\u00e9velopp\u00e9 des croyances qu\u2019il avait un souci et qu\u2019il n\u2019\u00e9tait pas normal car il ne parvenait pas \u00e0 \u00e9voluer aussi facilement et sereinement que les autres dans ce monde de canards.<\/p>\n<p>[\/et_pb_text][\/et_pb_column][\/et_pb_row][et_pb_row column_structure=\u00a0\u00bb3_5,2_5&Prime; _builder_version=\u00a0\u00bb4.16&Prime; _module_preset=\u00a0\u00bbdefault\u00a0\u00bb global_colors_info=\u00a0\u00bb{}\u00a0\u00bb][et_pb_column type=\u00a0\u00bb3_5&Prime; _builder_version=\u00a0\u00bb4.16&Prime; _module_preset=\u00a0\u00bbdefault\u00a0\u00bb global_colors_info=\u00a0\u00bb{}\u00a0\u00bb][et_pb_text _builder_version=\u00a0\u00bb4.16&Prime; _module_preset=\u00a0\u00bbdefault\u00a0\u00bb global_colors_info=\u00a0\u00bb{}\u00a0\u00bb]<\/p>\n<p style=\"text-align: justify;\"><strong>Et vous, combien de fois essayez-vous de vous fondre dans un environnement qui n\u2019est finalement pas le votre ? Tout cela au prix d&rsquo;efforts consid\u00e9rables mais rarement suffisants et payants et avec toujours ce sentiment de d\u00e9calage et de d\u00e9salignement ? et in fine, une impression d&rsquo;avoir un probl\u00e8me, de ne pas \u00eatre normal ? Et donc progressivement une perte de confiance en soi voire une mauvaise estime de soi&#8230;\u00a0<\/strong><\/p>\n<p style=\"text-align: justify;\">Pourtant, on a bien appris lorsqu&rsquo;on \u00e9tait enfant qu\u2019un triangle ne rentrait pas dans un carr\u00e9 et ce n\u2019est pas, pour autant que le triangle a un probl\u00e8me\u2026<\/p>\n<p>[\/et_pb_text][\/et_pb_column][et_pb_column type=\u00a0\u00bb2_5&Prime; _builder_version=\u00a0\u00bb4.16&Prime; _module_preset=\u00a0\u00bbdefault\u00a0\u00bb global_colors_info=\u00a0\u00bb{}\u00a0\u00bb][et_pb_image src=\u00a0\u00bbhttps:\/\/eclorescence.fr\/wp-content\/uploads\/2021\/05\/CARRE.png\u00a0\u00bb alt=\u00a0\u00bbJeux enfants\u00a0\u00bb title_text=\u00a0\u00bbCARRE\u00a0\u00bb _builder_version=\u00a0\u00bb4.16&Prime; _module_preset=\u00a0\u00bbdefault\u00a0\u00bb global_colors_info=\u00a0\u00bb{}\u00a0\u00bb][\/et_pb_image][\/et_pb_column][\/et_pb_row][et_pb_row _builder_version=\u00a0\u00bb4.16&Prime; _module_preset=\u00a0\u00bbdefault\u00a0\u00bb global_colors_info=\u00a0\u00bb{}\u00a0\u00bb][et_pb_column type=\u00a0\u00bb4_4&Prime; _builder_version=\u00a0\u00bb4.16&Prime; _module_preset=\u00a0\u00bbdefault\u00a0\u00bb global_colors_info=\u00a0\u00bb{}\u00a0\u00bb][et_pb_text _builder_version=\u00a0\u00bb4.16&Prime; _module_preset=\u00a0\u00bbdefault\u00a0\u00bb global_colors_info=\u00a0\u00bb{}\u00a0\u00bb]<\/p>\n<p style=\"text-align: justify;\">Comme le r\u00e9sume parfaitement cet \u00e9pisode de Et tout le monde s\u2019en fout, c\u2019est comme si vous \u00e9tiez en Bretagne (environnement) et que vous vous preniez pour un beurre sal\u00e9 (identit\u00e9)\u00a0\ud83d\ude09<\/p>\n<p>[\/et_pb_text][\/et_pb_column][\/et_pb_row][et_pb_row _builder_version=\u00a0\u00bb4.16&Prime; _module_preset=\u00a0\u00bbdefault\u00a0\u00bb global_colors_info=\u00a0\u00bb{}\u00a0\u00bb][et_pb_column type=\u00a0\u00bb4_4&Prime; _builder_version=\u00a0\u00bb4.16&Prime; _module_preset=\u00a0\u00bbdefault\u00a0\u00bb global_colors_info=\u00a0\u00bb{}\u00a0\u00bb][et_pb_video src=\u00a0\u00bbhttps:\/\/www.youtube.com\/watch?v=R5NHPVrvgnE\u00a0\u00bb _builder_version=\u00a0\u00bb4.16&Prime; _module_preset=\u00a0\u00bbdefault\u00a0\u00bb width=\u00a0\u00bb69%\u00a0\u00bb module_alignment=\u00a0\u00bbcenter\u00a0\u00bb global_colors_info=\u00a0\u00bb{}\u00a0\u00bb][\/et_pb_video][et_pb_text _builder_version=\u00a0\u00bb4.16&Prime; _module_preset=\u00a0\u00bbdefault\u00a0\u00bb global_colors_info=\u00a0\u00bb{}\u00a0\u00bb]<\/p>\n<h4><strong>G\u00e9rer les valeurs ou objectifs contradictoires<\/strong><\/h4>\n<p style=\"text-align: justify;\">La cl\u00e9 consiste donc \u00e0 se poser les vraies questions : des questions existentielles \ud83d\ude09 Oui oui, vous avez bien lu. <strong>Toutes ces questions connot\u00e9es par beaucoup comme trop conceptuelles, abstraites, inutiles et tortueuses. Alors qu\u2019elles sont essentielles et pourraient nous \u00e9viter tant de difficult\u00e9s.<\/strong><\/p>\n<p style=\"text-align: justify;\">Des ressources comme des livres, des vid\u00e9os, des t\u00e9moignages inspirants peuvent vous y aider. Et sinon, faites appel \u00e0 un professionnel car l\u2019exercice peut \u00eatre particuli\u00e8rement difficile et confusant tout seul. D\u2019autant plus que bien souvent l\u2019<a href=\"https:\/\/eclorescence.fr\/index.php\/2020\/10\/01\/quand-notre-ego-se-sent-menace\/\">\u00e9go<\/a> et des croyances limitantes viennent interf\u00e9rer vos r\u00e9ponses et vous emp\u00eachent d\u2019<a href=\"https:\/\/eclorescence.fr\/index.php\/2022\/06\/28\/autorisez-vous-a-rever\/\">oser \u00e9voquer vos aspirations les plus profondes<\/a>.<\/p>\n<p style=\"text-align: justify;\">Je vous propose cependant un petit <strong>exercice sur l\u2019alignement avec vos valeurs<\/strong>. On ne se positionne donc pas tout en haut de la pyramide, mais quand on parvient \u00e0 se sentir align\u00e9 avec ses valeurs, c\u2019est d\u00e9j\u00e0 une tr\u00e8s bonne chose.<\/p>\n<p>[\/et_pb_text][\/et_pb_column][\/et_pb_row][et_pb_row _builder_version=\u00a0\u00bb4.16&Prime; _module_preset=\u00a0\u00bbdefault\u00a0\u00bb global_colors_info=\u00a0\u00bb{}\u00a0\u00bb][et_pb_column type=\u00a0\u00bb4_4&Prime; _builder_version=\u00a0\u00bb4.16&Prime; _module_preset=\u00a0\u00bbdefault\u00a0\u00bb global_colors_info=\u00a0\u00bb{}\u00a0\u00bb][et_pb_image src=\u00a0\u00bbhttps:\/\/eclorescence.fr\/wp-content\/uploads\/2021\/05\/prio-valeurs.png\u00a0\u00bb title_text=\u00a0\u00bbprio valeurs\u00a0\u00bb _builder_version=\u00a0\u00bb4.16&Prime; _module_preset=\u00a0\u00bbdefault\u00a0\u00bb global_colors_info=\u00a0\u00bb{}\u00a0\u00bb][\/et_pb_image][et_pb_text _builder_version=\u00a0\u00bb4.16&Prime; _module_preset=\u00a0\u00bbdefault\u00a0\u00bb global_colors_info=\u00a0\u00bb{}\u00a0\u00bb]<\/p>\n<p style=\"text-align: justify;\"><strong>1\u00e8re \u00e9tape<\/strong> : listez les valeurs importantes pour vous. Faites une liste de maximum 6\/8 valeurs. C\u2019est d\u00e9j\u00e0 pas mal<\/p>\n<p style=\"text-align: justify;\">Demandez-vous quelles sont les valeurs importantes que vos parents vous ont transmises et auxquelles vous \u00eates attach\u00e9es. Si vous avez des enfants, pensez aux valeurs que vous leur transmettez. Et si vous n\u2019en avez pas, faites comme ci et imaginez ce qu\u2019il serait important pour vous de leur inculquer comme valeurs.<\/p>\n<p style=\"text-align: justify;\">Si besoin, vous pourrez trouver des listes de valeurs sur Internet<\/p>\n<p style=\"text-align: justify;\"><strong>2\u00e8me \u00e9tape<\/strong>\u00a0: pond\u00e9rez de 1 \u00e0 3 chacune des valeurs. 3 pour les valeurs les plus importantes pour vous, 2 pour les interm\u00e9diaires et 1 pour les autres.<\/p>\n<p style=\"text-align: justify;\"><strong>3\u00e8me \u00e9tape<\/strong> : \u00e9valuez votre niveau de satisfaction actuelle sur chacune des valeurs. 10 si vous vous sentez totalement align\u00e9 aujourd\u2019hui avec cette valeur et 1 si vous ne l\u2019\u00eates pas du tout<\/p>\n<p style=\"text-align: justify;\"><strong>4\u00e8me \u00e9tape<\/strong> : \u00e9valuez le niveau de satisfaction sur lequel vous aimeriez \u00eatre sur chacune de ses valeurs (toujours sur l\u2019\u00e9chelle de 1 \u00e0 10)<\/p>\n<p style=\"text-align: justify;\"><strong>5\u00e8me \u00e9tape<\/strong>\u00a0: calculez pour chacune des valeurs la diff\u00e9rence entre l\u2019\u00e9tat d\u00e9sir\u00e9 et l\u2019\u00e9tat actuel et multipliez ce r\u00e9sultat par la pond\u00e9ration choisie en \u00e9tape 2<\/p>\n<p style=\"text-align: justify;\">Vous obtenez ainsi un ordre de priorit\u00e9 pour vous sentir davantage align\u00e9 avec vos valeurs.<\/p>\n<p style=\"text-align: justify;\"><strong>6\u00e8me \u00e9tape<\/strong> :\u00a0 sur vos 3 valeurs prioritaires, d\u00e9finissez un objectif et peut-\u00eatre d\u00e9j\u00e0 quelques pistes pour atteindre cet objectif.<\/p>\n<p>[\/et_pb_text][\/et_pb_column][\/et_pb_row][et_pb_row _builder_version=\u00a0\u00bb4.16&Prime; _module_preset=\u00a0\u00bbdefault\u00a0\u00bb global_colors_info=\u00a0\u00bb{}\u00a0\u00bb][et_pb_column type=\u00a0\u00bb4_4&Prime; _builder_version=\u00a0\u00bb4.16&Prime; _module_preset=\u00a0\u00bbdefault\u00a0\u00bb global_colors_info=\u00a0\u00bb{}\u00a0\u00bb][et_pb_text _builder_version=\u00a0\u00bb4.16&Prime; _module_preset=\u00a0\u00bbdefault\u00a0\u00bb global_colors_info=\u00a0\u00bb{}\u00a0\u00bb]<\/p>\n<p style=\"text-align: justify;\">Si malgr\u00e9 cet exercice, vous avez encore le sentiment de vivre un conflit interne de valeurs, comme d\u2019un c\u00f4t\u00e9 un petit ange qui vous dit quelque chose, et de l\u2019autre c\u00f4t\u00e9, un petit d\u00e9mon qui vous souffle le contraire, je vous invite \u00e0 lire l\u2019article\u00a0: <a href=\"https:\/\/eclorescence.fr\/index.php\/2019\/11\/21\/tu-nes-pas-seul-dans-ta-tete-et-cest-une-bonne-chose\/\">Tu n&rsquo;es pas seul dans ta t\u00eate et c&rsquo;est une bonne chose<\/a><\/p>\n<p style=\"text-align: justify;\">\n<p style=\"text-align: justify;\"><strong>La vie est ainsi faite que l&rsquo;alignement n&rsquo;est jamais acquis une bonne fois pour toute<\/strong>. Beaucoup de choses peuvent nous amener \u00e0 d\u00e9vier, tr\u00e8s progressivement, sans r\u00e9ellement s&rsquo;en rendre compte. Et il arrive alors, qu&rsquo;on ressente \u00e0 nouveau des tensions internes, des r\u00e9actions dans notre corps etc&#8230; Il est aussi possible que vous continuiez de d\u00e9couvrir et apprendre des choses sur vous qui vous am\u00e8ne \u00e0 r\u00e9\u00e9valuer diff\u00e9remment votre identit\u00e9, et donc par effet de cascades, vous oblige \u00e0 changer les niveaux logiques inf\u00e9rieurs pour rester align\u00e9. Encore une fois, tout cela est parfaitement normal.<\/p>\n<p style=\"text-align: justify;\">C&rsquo;est en cela, que l&rsquo;alignement est \u00e0 la qu\u00eate d&rsquo;une vie \ud83d\ude09<\/p>\n<p style=\"text-align: justify;\">Belle recherche.<\/p>\n<p style=\"text-align: justify;\">Marion<\/p>\n<p style=\"text-align: justify;\">\n<p>[\/et_pb_text][et_pb_button button_url=\u00a0\u00bbhttps:\/\/eclorescence.fr\/index.php\/contact\/\u00a0\u00bb button_text=\u00a0\u00bbME CONTACTER\u00a0\u00bb button_alignment=\u00a0\u00bbcenter\u00a0\u00bb _builder_version=\u00a0\u00bb4.27.4&Prime; _module_preset=\u00a0\u00bbccf1d899-4e22-4506-8a07-990957ad9684&Prime; global_colors_info=\u00a0\u00bb{}\u00a0\u00bb theme_builder_area=\u00a0\u00bbpost_content\u00a0\u00bb][\/et_pb_button][\/et_pb_column][\/et_pb_row][et_pb_row _builder_version=\u00a0\u00bb4.16&Prime; _module_preset=\u00a0\u00bbdefault\u00a0\u00bb global_colors_info=\u00a0\u00bb{}\u00a0\u00bb][et_pb_column type=\u00a0\u00bb4_4&Prime; _builder_version=\u00a0\u00bb4.16&Prime; _module_preset=\u00a0\u00bbdefault\u00a0\u00bb global_colors_info=\u00a0\u00bb{}\u00a0\u00bb][et_pb_post_nav _builder_version=\u00a0\u00bb4.16&Prime; _module_preset=\u00a0\u00bbdefault\u00a0\u00bb global_colors_info=\u00a0\u00bb{}\u00a0\u00bb][\/et_pb_post_nav][\/et_pb_column][\/et_pb_row][\/et_pb_section]<\/p>\n","protected":false},"excerpt":{"rendered":"<p>Dans le milieu du d\u00e9veloppement personnel, on \u00e9voque souvent le fait de ne pas \u00eatre align\u00e9 et de chercher \u00e0 l\u2019\u00eatre. L&rsquo;alignement apparait comme une sorte de graal, un \u00e9tat id\u00e9al o\u00f9 tout s\u2019emboiterait et deviendrait fluide. Mais de quoi parle-t-on exactement\u00a0?Qu\u2019est-ce que \u00e7a signifie \u00eatre align\u00e9 ? Le Larousse d\u00e9fini l\u2019alignement comme l\u2019action de [&hellip;]<\/p>\n","protected":false},"author":1,"featured_media":4007,"comment_status":"closed","ping_status":"closed","sticky":false,"template":"","format":"gallery","meta":{"_et_pb_use_builder":"on","_et_pb_old_content":"","_et_gb_content_width":""},"categories":[30,19,17,33],"tags":[],"yoast_head":"<!-- This site is optimized with the Yoast SEO plugin v18.4.1 - https:\/\/yoast.com\/wordpress\/plugins\/seo\/ -->\n<title>En qu\u00eate d&#039;alignement...<\/title>\n<meta name=\"description\" content=\"qu&#039;est-ce que l&#039;alignement personnel? Que se passe-t-il lorsqu&#039;on n&#039;est pas align\u00e9 ? Comment r\u00e9ussir \u00e0 \u00eatre align\u00e9 ?\" \/>\n<meta name=\"robots\" content=\"index, follow, max-snippet:-1, max-image-preview:large, max-video-preview:-1\" \/>\n<link rel=\"canonical\" href=\"https:\/\/eclorescence.fr\/index.php\/2021\/05\/29\/enquete-alignement\/\" \/>\n<meta property=\"og:locale\" content=\"fr_FR\" \/>\n<meta property=\"og:type\" content=\"article\" \/>\n<meta property=\"og:title\" content=\"En qu\u00eate d&#039;alignement...\" \/>\n<meta property=\"og:description\" content=\"qu&#039;est-ce que l&#039;alignement personnel? Que se passe-t-il lorsqu&#039;on n&#039;est pas align\u00e9 ? Comment r\u00e9ussir \u00e0 \u00eatre align\u00e9 ?\" \/>\n<meta property=\"og:url\" content=\"https:\/\/eclorescence.fr\/index.php\/2021\/05\/29\/enquete-alignement\/\" \/>\n<meta property=\"og:site_name\" content=\"Eclorescence\" \/>\n<meta property=\"article:publisher\" content=\"https:\/\/www.facebook.com\/Eclorescence\" \/>\n<meta property=\"article:published_time\" content=\"2021-05-29T12:45:09+00:00\" \/>\n<meta property=\"article:modified_time\" content=\"2025-04-16T08:43:54+00:00\" \/>\n<meta property=\"og:image\" content=\"https:\/\/eclorescence.fr\/wp-content\/uploads\/2021\/05\/sun-2571158_640.jpg\" \/>\n\t<meta property=\"og:image:width\" content=\"640\" \/>\n\t<meta property=\"og:image:height\" content=\"372\" \/>\n\t<meta property=\"og:image:type\" content=\"image\/jpeg\" \/>\n<meta name=\"twitter:card\" content=\"summary_large_image\" \/>\n<meta name=\"twitter:label1\" content=\"\u00c9crit par\" \/>\n\t<meta name=\"twitter:data1\" content=\"Marion\" \/>\n\t<meta name=\"twitter:label2\" content=\"Dur\u00e9e de lecture estim\u00e9e\" \/>\n\t<meta name=\"twitter:data2\" content=\"15 minutes\" \/>\n<script type=\"application\/ld+json\" class=\"yoast-schema-graph\">{\"@context\":\"https:\/\/schema.org\",\"@graph\":[{\"@type\":\"Organization\",\"@id\":\"https:\/\/eclorescence.fr\/#organization\",\"name\":\"Eclorescence\",\"url\":\"https:\/\/eclorescence.fr\/\",\"sameAs\":[\"https:\/\/www.facebook.com\/Eclorescence\",\"https:\/\/www.instagram.com\/marion_oudot__eclorescence\/\",\"https:\/\/www.linkedin.com\/company\/eclorescence\/\"],\"logo\":{\"@type\":\"ImageObject\",\"@id\":\"https:\/\/eclorescence.fr\/#logo\",\"inLanguage\":\"fr-FR\",\"url\":\"https:\/\/eclorescence.fr\/wp-content\/uploads\/2020\/09\/Copie-de-LOGO-ECLORESCENCE.png\",\"contentUrl\":\"https:\/\/eclorescence.fr\/wp-content\/uploads\/2020\/09\/Copie-de-LOGO-ECLORESCENCE.png\",\"width\":500,\"height\":500,\"caption\":\"Eclorescence\"},\"image\":{\"@id\":\"https:\/\/eclorescence.fr\/#logo\"}},{\"@type\":\"WebSite\",\"@id\":\"https:\/\/eclorescence.fr\/#website\",\"url\":\"https:\/\/eclorescence.fr\/\",\"name\":\"Eclorescence\",\"description\":\"Faire \u00e9clore les ressources de chacun.e\",\"publisher\":{\"@id\":\"https:\/\/eclorescence.fr\/#organization\"},\"potentialAction\":[{\"@type\":\"SearchAction\",\"target\":{\"@type\":\"EntryPoint\",\"urlTemplate\":\"https:\/\/eclorescence.fr\/?s={search_term_string}\"},\"query-input\":\"required name=search_term_string\"}],\"inLanguage\":\"fr-FR\"},{\"@type\":\"ImageObject\",\"@id\":\"https:\/\/eclorescence.fr\/index.php\/2021\/05\/29\/enquete-alignement\/#primaryimage\",\"inLanguage\":\"fr-FR\",\"url\":\"https:\/\/eclorescence.fr\/wp-content\/uploads\/2021\/05\/sun-2571158_640.jpg\",\"contentUrl\":\"https:\/\/eclorescence.fr\/wp-content\/uploads\/2021\/05\/sun-2571158_640.jpg\",\"width\":640,\"height\":372,\"caption\":\"coach de vie\"},{\"@type\":\"WebPage\",\"@id\":\"https:\/\/eclorescence.fr\/index.php\/2021\/05\/29\/enquete-alignement\/#webpage\",\"url\":\"https:\/\/eclorescence.fr\/index.php\/2021\/05\/29\/enquete-alignement\/\",\"name\":\"En qu\u00eate d'alignement...\",\"isPartOf\":{\"@id\":\"https:\/\/eclorescence.fr\/#website\"},\"primaryImageOfPage\":{\"@id\":\"https:\/\/eclorescence.fr\/index.php\/2021\/05\/29\/enquete-alignement\/#primaryimage\"},\"datePublished\":\"2021-05-29T12:45:09+00:00\",\"dateModified\":\"2025-04-16T08:43:54+00:00\",\"description\":\"qu'est-ce que l'alignement personnel? Que se passe-t-il lorsqu'on n'est pas align\u00e9 ? Comment r\u00e9ussir \u00e0 \u00eatre align\u00e9 ?\",\"breadcrumb\":{\"@id\":\"https:\/\/eclorescence.fr\/index.php\/2021\/05\/29\/enquete-alignement\/#breadcrumb\"},\"inLanguage\":\"fr-FR\",\"potentialAction\":[{\"@type\":\"ReadAction\",\"target\":[\"https:\/\/eclorescence.fr\/index.php\/2021\/05\/29\/enquete-alignement\/\"]}]},{\"@type\":\"BreadcrumbList\",\"@id\":\"https:\/\/eclorescence.fr\/index.php\/2021\/05\/29\/enquete-alignement\/#breadcrumb\",\"itemListElement\":[{\"@type\":\"ListItem\",\"position\":1,\"name\":\"Accueil\",\"item\":\"https:\/\/eclorescence.fr\/\"},{\"@type\":\"ListItem\",\"position\":2,\"name\":\"En qu\u00eate d&rsquo;alignement&#8230;\"}]},{\"@type\":\"Article\",\"@id\":\"https:\/\/eclorescence.fr\/index.php\/2021\/05\/29\/enquete-alignement\/#article\",\"isPartOf\":{\"@id\":\"https:\/\/eclorescence.fr\/index.php\/2021\/05\/29\/enquete-alignement\/#webpage\"},\"author\":{\"@id\":\"https:\/\/eclorescence.fr\/#\/schema\/person\/3a80c733b4795ddddb911a3924add89c\"},\"headline\":\"En qu\u00eate d&rsquo;alignement&#8230;\",\"datePublished\":\"2021-05-29T12:45:09+00:00\",\"dateModified\":\"2025-04-16T08:43:54+00:00\",\"mainEntityOfPage\":{\"@id\":\"https:\/\/eclorescence.fr\/index.php\/2021\/05\/29\/enquete-alignement\/#webpage\"},\"wordCount\":3703,\"publisher\":{\"@id\":\"https:\/\/eclorescence.fr\/#organization\"},\"image\":{\"@id\":\"https:\/\/eclorescence.fr\/index.php\/2021\/05\/29\/enquete-alignement\/#primaryimage\"},\"thumbnailUrl\":\"https:\/\/eclorescence.fr\/wp-content\/uploads\/2021\/05\/sun-2571158_640.jpg\",\"articleSection\":[\"Confiance en soi\",\"Ecologie personnelle\",\"Epanouissement au travail\",\"Hypnose PNL\"],\"inLanguage\":\"fr-FR\"},{\"@type\":\"Person\",\"@id\":\"https:\/\/eclorescence.fr\/#\/schema\/person\/3a80c733b4795ddddb911a3924add89c\",\"name\":\"Marion\",\"image\":{\"@type\":\"ImageObject\",\"@id\":\"https:\/\/eclorescence.fr\/#personlogo\",\"inLanguage\":\"fr-FR\",\"url\":\"https:\/\/secure.gravatar.com\/avatar\/7e5438cabfdaac63e418268991ba5602?s=96&d=mm&r=g\",\"contentUrl\":\"https:\/\/secure.gravatar.com\/avatar\/7e5438cabfdaac63e418268991ba5602?s=96&d=mm&r=g\",\"caption\":\"Marion\"}}]}<\/script>\n<!-- \/ Yoast SEO plugin. -->","yoast_head_json":{"title":"En qu\u00eate d'alignement...","description":"qu'est-ce que l'alignement personnel? Que se passe-t-il lorsqu'on n'est pas align\u00e9 ? Comment r\u00e9ussir \u00e0 \u00eatre align\u00e9 ?","robots":{"index":"index","follow":"follow","max-snippet":"max-snippet:-1","max-image-preview":"max-image-preview:large","max-video-preview":"max-video-preview:-1"},"canonical":"https:\/\/eclorescence.fr\/index.php\/2021\/05\/29\/enquete-alignement\/","og_locale":"fr_FR","og_type":"article","og_title":"En qu\u00eate d'alignement...","og_description":"qu'est-ce que l'alignement personnel? Que se passe-t-il lorsqu'on n'est pas align\u00e9 ? Comment r\u00e9ussir \u00e0 \u00eatre align\u00e9 ?","og_url":"https:\/\/eclorescence.fr\/index.php\/2021\/05\/29\/enquete-alignement\/","og_site_name":"Eclorescence","article_publisher":"https:\/\/www.facebook.com\/Eclorescence","article_published_time":"2021-05-29T12:45:09+00:00","article_modified_time":"2025-04-16T08:43:54+00:00","og_image":[{"width":640,"height":372,"url":"https:\/\/eclorescence.fr\/wp-content\/uploads\/2021\/05\/sun-2571158_640.jpg","type":"image\/jpeg"}],"twitter_card":"summary_large_image","twitter_misc":{"\u00c9crit par":"Marion","Dur\u00e9e de lecture estim\u00e9e":"15 minutes"},"schema":{"@context":"https:\/\/schema.org","@graph":[{"@type":"Organization","@id":"https:\/\/eclorescence.fr\/#organization","name":"Eclorescence","url":"https:\/\/eclorescence.fr\/","sameAs":["https:\/\/www.facebook.com\/Eclorescence","https:\/\/www.instagram.com\/marion_oudot__eclorescence\/","https:\/\/www.linkedin.com\/company\/eclorescence\/"],"logo":{"@type":"ImageObject","@id":"https:\/\/eclorescence.fr\/#logo","inLanguage":"fr-FR","url":"https:\/\/eclorescence.fr\/wp-content\/uploads\/2020\/09\/Copie-de-LOGO-ECLORESCENCE.png","contentUrl":"https:\/\/eclorescence.fr\/wp-content\/uploads\/2020\/09\/Copie-de-LOGO-ECLORESCENCE.png","width":500,"height":500,"caption":"Eclorescence"},"image":{"@id":"https:\/\/eclorescence.fr\/#logo"}},{"@type":"WebSite","@id":"https:\/\/eclorescence.fr\/#website","url":"https:\/\/eclorescence.fr\/","name":"Eclorescence","description":"Faire \u00e9clore les ressources de chacun.e","publisher":{"@id":"https:\/\/eclorescence.fr\/#organization"},"potentialAction":[{"@type":"SearchAction","target":{"@type":"EntryPoint","urlTemplate":"https:\/\/eclorescence.fr\/?s={search_term_string}"},"query-input":"required name=search_term_string"}],"inLanguage":"fr-FR"},{"@type":"ImageObject","@id":"https:\/\/eclorescence.fr\/index.php\/2021\/05\/29\/enquete-alignement\/#primaryimage","inLanguage":"fr-FR","url":"https:\/\/eclorescence.fr\/wp-content\/uploads\/2021\/05\/sun-2571158_640.jpg","contentUrl":"https:\/\/eclorescence.fr\/wp-content\/uploads\/2021\/05\/sun-2571158_640.jpg","width":640,"height":372,"caption":"coach de vie"},{"@type":"WebPage","@id":"https:\/\/eclorescence.fr\/index.php\/2021\/05\/29\/enquete-alignement\/#webpage","url":"https:\/\/eclorescence.fr\/index.php\/2021\/05\/29\/enquete-alignement\/","name":"En qu\u00eate d'alignement...","isPartOf":{"@id":"https:\/\/eclorescence.fr\/#website"},"primaryImageOfPage":{"@id":"https:\/\/eclorescence.fr\/index.php\/2021\/05\/29\/enquete-alignement\/#primaryimage"},"datePublished":"2021-05-29T12:45:09+00:00","dateModified":"2025-04-16T08:43:54+00:00","description":"qu'est-ce que l'alignement personnel? Que se passe-t-il lorsqu'on n'est pas align\u00e9 ? Comment r\u00e9ussir \u00e0 \u00eatre align\u00e9 ?","breadcrumb":{"@id":"https:\/\/eclorescence.fr\/index.php\/2021\/05\/29\/enquete-alignement\/#breadcrumb"},"inLanguage":"fr-FR","potentialAction":[{"@type":"ReadAction","target":["https:\/\/eclorescence.fr\/index.php\/2021\/05\/29\/enquete-alignement\/"]}]},{"@type":"BreadcrumbList","@id":"https:\/\/eclorescence.fr\/index.php\/2021\/05\/29\/enquete-alignement\/#breadcrumb","itemListElement":[{"@type":"ListItem","position":1,"name":"Accueil","item":"https:\/\/eclorescence.fr\/"},{"@type":"ListItem","position":2,"name":"En qu\u00eate d&rsquo;alignement&#8230;"}]},{"@type":"Article","@id":"https:\/\/eclorescence.fr\/index.php\/2021\/05\/29\/enquete-alignement\/#article","isPartOf":{"@id":"https:\/\/eclorescence.fr\/index.php\/2021\/05\/29\/enquete-alignement\/#webpage"},"author":{"@id":"https:\/\/eclorescence.fr\/#\/schema\/person\/3a80c733b4795ddddb911a3924add89c"},"headline":"En qu\u00eate d&rsquo;alignement&#8230;","datePublished":"2021-05-29T12:45:09+00:00","dateModified":"2025-04-16T08:43:54+00:00","mainEntityOfPage":{"@id":"https:\/\/eclorescence.fr\/index.php\/2021\/05\/29\/enquete-alignement\/#webpage"},"wordCount":3703,"publisher":{"@id":"https:\/\/eclorescence.fr\/#organization"},"image":{"@id":"https:\/\/eclorescence.fr\/index.php\/2021\/05\/29\/enquete-alignement\/#primaryimage"},"thumbnailUrl":"https:\/\/eclorescence.fr\/wp-content\/uploads\/2021\/05\/sun-2571158_640.jpg","articleSection":["Confiance en soi","Ecologie personnelle","Epanouissement au travail","Hypnose PNL"],"inLanguage":"fr-FR"},{"@type":"Person","@id":"https:\/\/eclorescence.fr\/#\/schema\/person\/3a80c733b4795ddddb911a3924add89c","name":"Marion","image":{"@type":"ImageObject","@id":"https:\/\/eclorescence.fr\/#personlogo","inLanguage":"fr-FR","url":"https:\/\/secure.gravatar.com\/avatar\/7e5438cabfdaac63e418268991ba5602?s=96&d=mm&r=g","contentUrl":"https:\/\/secure.gravatar.com\/avatar\/7e5438cabfdaac63e418268991ba5602?s=96&d=mm&r=g","caption":"Marion"}}]}},"_links":{"self":[{"href":"https:\/\/eclorescence.fr\/index.php\/wp-json\/wp\/v2\/posts\/3988"}],"collection":[{"href":"https:\/\/eclorescence.fr\/index.php\/wp-json\/wp\/v2\/posts"}],"about":[{"href":"https:\/\/eclorescence.fr\/index.php\/wp-json\/wp\/v2\/types\/post"}],"author":[{"embeddable":true,"href":"https:\/\/eclorescence.fr\/index.php\/wp-json\/wp\/v2\/users\/1"}],"replies":[{"embeddable":true,"href":"https:\/\/eclorescence.fr\/index.php\/wp-json\/wp\/v2\/comments?post=3988"}],"version-history":[{"count":32,"href":"https:\/\/eclorescence.fr\/index.php\/wp-json\/wp\/v2\/posts\/3988\/revisions"}],"predecessor-version":[{"id":7324,"href":"https:\/\/eclorescence.fr\/index.php\/wp-json\/wp\/v2\/posts\/3988\/revisions\/7324"}],"wp:featuredmedia":[{"embeddable":true,"href":"https:\/\/eclorescence.fr\/index.php\/wp-json\/wp\/v2\/media\/4007"}],"wp:attachment":[{"href":"https:\/\/eclorescence.fr\/index.php\/wp-json\/wp\/v2\/media?parent=3988"}],"wp:term":[{"taxonomy":"category","embeddable":true,"href":"https:\/\/eclorescence.fr\/index.php\/wp-json\/wp\/v2\/categories?post=3988"},{"taxonomy":"post_tag","embeddable":true,"href":"https:\/\/eclorescence.fr\/index.php\/wp-json\/wp\/v2\/tags?post=3988"}],"curies":[{"name":"wp","href":"https:\/\/api.w.org\/{rel}","templated":true}]}}