{"id":4164,"date":"2021-09-08T16:27:49","date_gmt":"2021-09-08T14:27:49","guid":{"rendered":"https:\/\/eclorescence.fr\/?p=4164"},"modified":"2025-04-16T10:42:27","modified_gmt":"2025-04-16T08:42:27","slug":"mesestime-de-soi","status":"publish","type":"post","link":"https:\/\/eclorescence.fr\/index.php\/2021\/09\/08\/mesestime-de-soi\/","title":{"rendered":"(Mes)estime de soi"},"content":{"rendered":"<p>[et_pb_section fb_built=\u00a0\u00bb1&Prime; admin_label=\u00a0\u00bbBlog Section\u00a0\u00bb _builder_version=\u00a0\u00bb4.16&Prime; custom_padding=\u00a0\u00bb20px||11px|||\u00a0\u00bb global_colors_info=\u00a0\u00bb{}\u00a0\u00bb][et_pb_row _builder_version=\u00a0\u00bb4.16&Prime; global_colors_info=\u00a0\u00bb{}\u00a0\u00bb][et_pb_column type=\u00a0\u00bb4_4&Prime; _builder_version=\u00a0\u00bb4.16&Prime; custom_padding=\u00a0\u00bb|||\u00a0\u00bb global_colors_info=\u00a0\u00bb{}\u00a0\u00bb custom_padding__hover=\u00a0\u00bb|||\u00a0\u00bb][et_pb_text _builder_version=\u00a0\u00bb4.16&Prime; _module_preset=\u00a0\u00bbdefault\u00a0\u00bb global_colors_info=\u00a0\u00bb{}\u00a0\u00bb]<\/p>\n<p style=\"text-align: justify;\"><strong>Avez-vous confiance en vous\u00a0? Avez-vous une juste image de vous\u00a0? Vous aimez-vous\u00a0?<\/strong><\/p>\n<p style=\"text-align: justify;\">Voil\u00e0 3 questions fondamentales. Mais qu\u2019on se pose pourtant rarement.<\/p>\n<p style=\"text-align: justify;\">De fa\u00e7on commune, on va simplement se dire qu\u2019untel manque de confiance en lui ou que nous-m\u00eame manquons de confiance en nous. Mais de l\u00e0 \u00e0 parler de l\u2019image de soi et du fait de s\u2019aimer&#8230; il n\u2019y a qu\u2019un pas \u00e0 franchir que nous nous effor\u00e7ons de ne surtout pas faire. On ne sait jamais\u2026 il ne faudrait pas tomber dans l\u2019\u00e9gocentrisme ou encore le narcissisme\u2026<\/p>\n<p style=\"text-align: justify;\">Pourtant, <strong>m\u00eame si on ne r\u00e9fl\u00e9chit pas consciemment \u00e0 ces questions, inconsciemment les r\u00e9ponses que nous donnons influent tr\u00e8s fortement sur notre relation \u00e0 nous-m\u00eame et donc aux autres. Cela joue aussi sur nos comportements, le sens que nous donnons \u00e0 ce qui nous arrive, les objectifs de vie que nous nous fixons etc\u2026 et infine, \u00e7a impacte notre sant\u00e9 (morale et physique) et n<a href=\"https:\/\/eclorescence.fr\/index.php\/2024\/06\/25\/il-est-ou-le-bonheur-il-est-ou\/\">otre perception de notre bonheur.<\/a><\/strong><\/p>\n<p style=\"text-align: justify;\">Ce \u00ab \u00e7a \u00bb dont je parle, c\u2019est notre estime de nous ;<\/p>\n<p style=\"text-align: justify;\">Estime de soi \u00e0 pas confondre avec la confiance en soi.<\/p>\n<p>[\/et_pb_text][et_pb_text _builder_version=\u00a0\u00bb4.16&Prime; global_colors_info=\u00a0\u00bb{}\u00a0\u00bb]<\/p>\n<h4><strong>Diff\u00e9rence entre Estime de soi et Confiance en soi<\/strong><\/h4>\n<p style=\"text-align: justify;\"><strong>M\u00eame si dans le langage courant on parle souvent de probl\u00e8me de confiance en soi, en r\u00e9alit\u00e9, il s\u2019agit souvent de quelque chose de plus large\u00a0: l\u2019estime de soi. Cette derni\u00e8re repose sur 3 piliers<\/strong> dont la confiance en soi fait partie.<\/p>\n<p style=\"text-align: justify;\">Les 3 piliers de l&rsquo;Estime de soi :<\/p>\n<p>[\/et_pb_text][\/et_pb_column][\/et_pb_row][et_pb_row column_structure=\u00a0\u00bb1_3,1_3,1_3&Prime; _builder_version=\u00a0\u00bb4.16&Prime; _module_preset=\u00a0\u00bbdefault\u00a0\u00bb global_colors_info=\u00a0\u00bb{}\u00a0\u00bb][et_pb_column type=\u00a0\u00bb1_3&Prime; _builder_version=\u00a0\u00bb4.16&Prime; _module_preset=\u00a0\u00bbdefault\u00a0\u00bb global_colors_info=\u00a0\u00bb{}\u00a0\u00bb][et_pb_text _builder_version=\u00a0\u00bb4.16&Prime; _module_preset=\u00a0\u00bbdefault\u00a0\u00bb border_width_all=\u00a0\u00bb2px\u00a0\u00bb global_colors_info=\u00a0\u00bb{}\u00a0\u00bb]<\/p>\n<h5 style=\"text-align: center;\"><strong>La confiance en soi<\/strong><\/h5>\n<p style=\"text-align: center;\">Se penser capable de faire quelque chose.<\/p>\n<p>[\/et_pb_text][\/et_pb_column][et_pb_column type=\u00a0\u00bb1_3&Prime; _builder_version=\u00a0\u00bb4.16&Prime; _module_preset=\u00a0\u00bbdefault\u00a0\u00bb global_colors_info=\u00a0\u00bb{}\u00a0\u00bb][et_pb_text _builder_version=\u00a0\u00bb4.16&Prime; _module_preset=\u00a0\u00bbdefault\u00a0\u00bb border_width_all=\u00a0\u00bb2px\u00a0\u00bb global_colors_info=\u00a0\u00bb{}\u00a0\u00bb]<\/p>\n<h5 style=\"text-align: center;\"><strong>L&rsquo;image de soi<\/strong><\/h5>\n<p style=\"text-align: center;\">Se voir de fa\u00e7on juste, conforme \u00e0 la r\u00e9alit\u00e9.<\/p>\n<p>[\/et_pb_text][\/et_pb_column][et_pb_column type=\u00a0\u00bb1_3&Prime; _builder_version=\u00a0\u00bb4.16&Prime; _module_preset=\u00a0\u00bbdefault\u00a0\u00bb global_colors_info=\u00a0\u00bb{}\u00a0\u00bb][et_pb_text _builder_version=\u00a0\u00bb4.16&Prime; _module_preset=\u00a0\u00bbdefault\u00a0\u00bb border_width_all=\u00a0\u00bb2px\u00a0\u00bb global_colors_info=\u00a0\u00bb{}\u00a0\u00bb]<\/p>\n<h5 style=\"text-align: center;\"><strong>L&rsquo;amour de soi<\/strong><\/h5>\n<p style=\"text-align: center;\">S&rsquo;aimer de fa\u00e7on inconditionnelle.<\/p>\n<p>[\/et_pb_text][\/et_pb_column][\/et_pb_row][et_pb_row _builder_version=\u00a0\u00bb4.16&Prime; _module_preset=\u00a0\u00bbdefault\u00a0\u00bb global_colors_info=\u00a0\u00bb{}\u00a0\u00bb][et_pb_column type=\u00a0\u00bb4_4&Prime; _builder_version=\u00a0\u00bb4.16&Prime; _module_preset=\u00a0\u00bbdefault\u00a0\u00bb global_colors_info=\u00a0\u00bb{}\u00a0\u00bb][et_pb_text _builder_version=\u00a0\u00bb4.16&Prime; _module_preset=\u00a0\u00bbdefault\u00a0\u00bb global_colors_info=\u00a0\u00bb{}\u00a0\u00bb]<\/p>\n<p style=\"text-align: justify;\"><strong>La confiance en soi est donc contextuelle.<\/strong> Si commun\u00e9ment, on entend donc souvent dire <em>\u00ab je n\u2019ai pas confiance en moi \u00bb<\/em> en r\u00e9alit\u00e9, \u00e7a ne veut pas dire grand-chose. Cette personne n\u2019a peut-\u00eatre pas confiance en elle, par exemple pour parler en public, mais elle a forc\u00e9ment confiance en elle dans d&rsquo;autres contextes : par exemple, quand elle conduit, cuisine, fait du sport, explique quelque chose \u00e0 ses enfants etc\u2026<\/p>\n<p style=\"text-align: justify;\"><strong>L\u2019image de soi, c\u2019est la vision subjective que nous avons de nous-m\u00eame<\/strong> avec nos forces, nos qualit\u00e9s, nos d\u00e9fauts etc\u2026 Lorsqu\u2019on accorde une place trop importante \u00e0 nos d\u00e9fauts, notre image de nous se d\u00e9grade et s\u2019\u00e9carte de la r\u00e9alit\u00e9. C\u2019est comme si nous \u00e9tions devant un miroir d\u00e9formant.<\/p>\n<p style=\"text-align: justify;\">Enfin, <strong>l\u2019amour de soi, c\u2019est le fait de s\u2019aimer, quoi que l\u2019on fasse<\/strong>. Comme le dit si bien Christophe Andr\u00e9 :<\/p>\n<blockquote>\n<p style=\"text-align: justify;\"><em>\u00ab s\u2019aimer ne souffre d\u2019aucune condition : on s\u2019aime malgr\u00e9 ses d\u00e9fauts et ses limites, malgr\u00e9 ses \u00e9checs et ses revers, simplement parce qu\u2019une petite voix int\u00e9rieure nous dit que l\u2019on est digne d\u2019amour et de respect \u00bb<\/em><\/p>\n<\/blockquote>\n<p style=\"text-align: justify;\">Bien s\u00fbr, ces 3 piliers sont interd\u00e9pendants. Difficile d\u2019avoir confiance en soi lorsque notre image de soi n\u2019est pas bonne et lorsqu\u2019on ne s\u2019aime pas de fa\u00e7on inconditionnelle. Et inversement.<\/p>\n<p>[\/et_pb_text][et_pb_text _builder_version=\u00a0\u00bb4.16&Prime; _module_preset=\u00a0\u00bbdefault\u00a0\u00bb global_colors_info=\u00a0\u00bb{}\u00a0\u00bb]<\/p>\n<p style=\"text-align: justify;\">Mais chez certaines personnes, l\u2019un des 3 piliers peut \u00eatre plus solide que les autres. Par exemple, ce n\u2019est pas parce que votre coll\u00e8gue de travail a, \u00e0 vos yeux, du charisme, parle facilement, partage ses convictions, est moteur et donc pourrait vous laisser penser qu&rsquo;il a une bonne confiance en lui dans l&rsquo;exercice de ses fonctions (ce qui resterait \u00e0 valider avec lui), qu&rsquo;il a une juste image de lui et s\u2019aime de fa\u00e7on inconditionnelle\u2026<\/p>\n<p style=\"text-align: justify;\">Et c\u2019est important d\u2019avoir cela en t\u00eate, car <strong>les personnes qui manquent d\u2019estime d\u2019elles ont tendance \u00e0 se comparer \u00e0 d&rsquo;autres, mais se font souvent une fausse id\u00e9e.<\/strong> Elles imaginent que ces personnes sont totalement bien dans leurs baskets, mais ce n\u2019est pas toujours le cas ; Un, deux ou les trois piliers de l\u2019estime de soi peuvent \u00eatre fragiles, m\u00eame si les apparences pourraient laisser penser le contraire.<\/p>\n<p>[\/et_pb_text][\/et_pb_column][\/et_pb_row][et_pb_row _builder_version=\u00a0\u00bb4.16&Prime; _module_preset=\u00a0\u00bbdefault\u00a0\u00bb global_colors_info=\u00a0\u00bb{}\u00a0\u00bb][et_pb_column type=\u00a0\u00bb4_4&Prime; _builder_version=\u00a0\u00bb4.16&Prime; _module_preset=\u00a0\u00bbdefault\u00a0\u00bb global_colors_info=\u00a0\u00bb{}\u00a0\u00bb][et_pb_text _builder_version=\u00a0\u00bb4.16&Prime; _module_preset=\u00a0\u00bbdefault\u00a0\u00bb global_colors_info=\u00a0\u00bb{}\u00a0\u00bb]<\/p>\n<h4><strong>Les ingr\u00e9dients de l\u2019estime<\/strong><\/h4>\n<p style=\"text-align: justify;\">Savez-vous estimer, \u00e0 la louche, le prix de l&rsquo;avant dernier iphone ? d\u2019une t\u00e9l\u00e9vision de telle marque ? d\u2019un livre ?<\/p>\n<p style=\"text-align: justify;\">Sans doute que oui. Car vous avez d\u00e9j\u00e0 achet\u00e9 ou vu les prix de ces produits.<\/p>\n<p style=\"text-align: justify;\">\n<p style=\"text-align: justify;\">Et maintenant, savez-vous, toujours \u00e0 la louche, vous estimez vous-m\u00eame ? Car l&rsquo;estime de soi, c&rsquo;est bien cela : une estimation de notre propre valeur.<\/p>\n<p style=\"text-align: justify;\">Difficile n\u2019est-ce pas\u00a0?<\/p>\n<p style=\"text-align: justify;\"><strong>Comment estimez quelque chose, ou ici quelqu\u2019un, qu\u2019on ne connait pas ou si peu\u2026<\/strong> car soyons honn\u00eate la connaissance de soi est loin d\u2019\u00eatre une priorit\u00e9, notamment dans la premi\u00e8re partie de nos vies. Dommage, car c\u2019est d\u00e8s nos premi\u00e8res ann\u00e9es qu\u2019on construit les bases de notre estime de nous\u2026<\/p>\n<p style=\"text-align: justify;\">Et puis, <strong>pour faire une estimation, on a besoin d\u2019une base, de r\u00e9f\u00e9rences. Cela permet ensuite de <a href=\"https:\/\/eclorescence.fr\/index.php\/2022\/04\/06\/comparaison-en-votre-defaveur\/\">faire des comparaisons<\/a>. <\/strong>Evaluer si c\u2019est plus ou moins par rapport \u00e0 ces r\u00e9f\u00e9rences.<\/p>\n<p style=\"text-align: justify;\"><strong>Mais \u00e7a aussi, on ne connait pas vraiment.<\/strong> Comme on l&rsquo;a vu pr\u00e9c\u00e9demment, on ne sait des autres que ce qu&rsquo;ils laissent paraitre&#8230;<\/p>\n<p style=\"text-align: justify;\">Et puis enfin, <strong><a href=\"https:\/\/eclorescence.fr\/index.php\/2021\/10\/13\/chacun-sa-facon-de-voir-les-choses\/\">nous filtrons les informations<\/a> qui nous parviennent.<\/strong> Nous accordons ainsi plus d\u2019importance \u00e0 certains crit\u00e8res ou certaines exp\u00e9riences. Ce tri se fait soit de fa\u00e7on conscience mais g\u00e9n\u00e9ralement arbitraire (ne vous \u00eates-vous d\u00e9j\u00e0 pas \u00e9tonn\u00e9 d&rsquo;entendre quelqu&rsquo;un accorder moins de valeur \u00e0 telle r\u00e9ussite plut\u00f4t qu&rsquo;\u00e0 telle autre, alors qu&rsquo;\u00e0 vos yeux c&rsquo;est la m\u00eame chose ?), soit de fa\u00e7on totalement inconsciente.<\/p>\n<p style=\"text-align: justify;\">Quand je disais que c\u2019est \u00e0 la louche, vous voyez que c\u2019est vraiment \u00e0 la louche. De tr\u00e8s tr\u00e8s grosses louches puisque finalement, tout est subjectif\u00a0:<\/p>\n<ul>\n<li style=\"text-align: justify;\">L\u2019estimation de nous<\/li>\n<li style=\"text-align: justify;\">L\u2019estimation des autres<\/li>\n<li style=\"text-align: justify;\">Ce qu\u2019on prend comme \u00e9tant une r\u00e9f\u00e9rence\u00a0<\/li>\n<li style=\"text-align: justify;\">Ce qu\u2019on imagine devoir \u00eatre<\/li>\n<li style=\"text-align: justify;\">\u2026<\/li>\n<\/ul>\n<p>[\/et_pb_text][\/et_pb_column][\/et_pb_row][et_pb_row column_structure=\u00a0\u00bb3_5,2_5&Prime; _builder_version=\u00a0\u00bb4.16&Prime; _module_preset=\u00a0\u00bbdefault\u00a0\u00bb global_colors_info=\u00a0\u00bb{}\u00a0\u00bb][et_pb_column type=\u00a0\u00bb3_5&Prime; _builder_version=\u00a0\u00bb4.16&Prime; _module_preset=\u00a0\u00bbdefault\u00a0\u00bb global_colors_info=\u00a0\u00bb{}\u00a0\u00bb][et_pb_text _builder_version=\u00a0\u00bb4.16&Prime; _module_preset=\u00a0\u00bbdefault\u00a0\u00bb global_colors_info=\u00a0\u00bb{}\u00a0\u00bb]<\/p>\n<p style=\"text-align: justify;\"><strong>Lorsqu\u2019on est enfant, il y a 5 grands \u00e9l\u00e9ments qui nous servent de r\u00e9f\u00e9rence et impactent ainsi notre \u00e9valuation de nous-m\u00eame\u00a0: notre r\u00e9ussite scolaire, notre conformit\u00e9 comportementale, notre popularit\u00e9 aupr\u00e8s des autres, nos comp\u00e9tences athl\u00e9tiques et enfin notre aspect physique.<\/strong><\/p>\n<p style=\"text-align: justify;\">Pour pouvoir \u00e9valuer tout cela, l\u2019enfant construit un<strong> soi id\u00e9al<\/strong> (tout ce qu\u2019il aimerait \u00eatre sur ces aspects) et un <strong>soi actuel<\/strong> (tout ce qu\u2019il pense \u00eatre sur ces aspects).<\/p>\n<p style=\"text-align: justify;\">Sauf que, comme nous l\u2019avons vu, tout cela se construit sur des bases subjectives. Que ce soit son soi id\u00e9al ou son soi actuel, l\u2019enfant le construit \u00e0 partir de ce qu\u2019il vit, de ce qu\u2019on lui renvoie et \u00e0 partir de ce qu\u2019il filtre comme informations\u2026<\/p>\n<p>[\/et_pb_text][\/et_pb_column][et_pb_column type=\u00a0\u00bb2_5&Prime; _builder_version=\u00a0\u00bb4.16&Prime; _module_preset=\u00a0\u00bbdefault\u00a0\u00bb global_colors_info=\u00a0\u00bb{}\u00a0\u00bb][et_pb_image src=\u00a0\u00bbhttps:\/\/eclorescence.fr\/wp-content\/uploads\/2021\/09\/82ee8ecc040122d97b33a9c0a3ab9f0d.jpg\u00a0\u00bb alt=\u00a0\u00bbjeune fille \u00e9crivant au tableau %22croire en moi%22&Prime; title_text=\u00a0\u00bb82ee8ecc040122d97b33a9c0a3ab9f0d\u00a0\u00bb _builder_version=\u00a0\u00bb4.16&Prime; _module_preset=\u00a0\u00bbdefault\u00a0\u00bb global_colors_info=\u00a0\u00bb{}\u00a0\u00bb][\/et_pb_image][\/et_pb_column][\/et_pb_row][et_pb_row _builder_version=\u00a0\u00bb4.16&Prime; _module_preset=\u00a0\u00bbdefault\u00a0\u00bb global_colors_info=\u00a0\u00bb{}\u00a0\u00bb][et_pb_column type=\u00a0\u00bb4_4&Prime; _builder_version=\u00a0\u00bb4.16&Prime; _module_preset=\u00a0\u00bbdefault\u00a0\u00bb global_colors_info=\u00a0\u00bb{}\u00a0\u00bb][et_pb_text _builder_version=\u00a0\u00bb4.16&Prime; _module_preset=\u00a0\u00bbdefault\u00a0\u00bb global_colors_info=\u00a0\u00bb{}\u00a0\u00bb]<\/p>\n<p style=\"text-align: justify;\"><strong>L\u2019estime de soi est donc \u00e0 la fois une \u00e9valuation personnelle, mais aussi une anticipation et une interpr\u00e9tation de l\u2019\u00e9valuation des autres.<\/strong> Quand on est enfant, il s&rsquo;agit principalement de nos parents, de nos instituteurs, de nos fr\u00e8res et s\u0153urs, de nos amis\u2026<\/p>\n<p style=\"text-align: justify;\">Mais en grandissant, on continue d\u2019anticiper l\u2019\u00e9valuation des autres, au point souvent de devenir notre pire critique.<\/p>\n<blockquote>\n<p style=\"text-align: justify;\"><em>\u00ab\u00a0la personne la plus critique que vous ayez \u00e0 affronter est celle qui vit dans votre propre t\u00eate\u00a0\u00bb<\/em>. Paul Mc Kenna<\/p>\n<\/blockquote>\n<p>[\/et_pb_text][et_pb_text _builder_version=\u00a0\u00bb4.16&Prime; _module_preset=\u00a0\u00bbdefault\u00a0\u00bb global_colors_info=\u00a0\u00bb{}\u00a0\u00bb]<\/p>\n<p style=\"text-align: justify;\">Christophe Andr\u00e9 parle de l\u2019<strong>id\u00e9alopathie, lorsque notre id\u00e9al n\u2019est plus un \u00ab\u00a0je souhaite\u00a0\u00bb, mais un \u00ab\u00a0je dois\u00a0\u00bb.<\/strong><\/p>\n<p>[\/et_pb_text][et_pb_image src=\u00a0\u00bbhttps:\/\/eclorescence.fr\/wp-content\/uploads\/2021\/09\/ideopathologie.jpg\u00a0\u00bb alt=\u00a0\u00bbtableau ideal normal et ideal pathologique\u00a0\u00bb title_text=\u00a0\u00bbideopathologie\u00a0\u00bb _builder_version=\u00a0\u00bb4.16&Prime; _module_preset=\u00a0\u00bbdefault\u00a0\u00bb width=\u00a0\u00bb52%\u00a0\u00bb module_alignment=\u00a0\u00bbcenter\u00a0\u00bb global_colors_info=\u00a0\u00bb{}\u00a0\u00bb][\/et_pb_image][\/et_pb_column][\/et_pb_row][et_pb_row _builder_version=\u00a0\u00bb4.16&Prime; _module_preset=\u00a0\u00bbdefault\u00a0\u00bb global_colors_info=\u00a0\u00bb{}\u00a0\u00bb][et_pb_column type=\u00a0\u00bb4_4&Prime; _builder_version=\u00a0\u00bb4.16&Prime; _module_preset=\u00a0\u00bbdefault\u00a0\u00bb global_colors_info=\u00a0\u00bb{}\u00a0\u00bb][et_pb_text _builder_version=\u00a0\u00bb4.20.2&Prime; _module_preset=\u00a0\u00bbdefault\u00a0\u00bb global_colors_info=\u00a0\u00bb{}\u00a0\u00bb]<\/p>\n<p style=\"text-align: justify;\"><strong>Avoir un id\u00e9al est normal, mais peut devenir pathologique.<\/strong> Pour d\u00e9velopper une bonne estime de soi, il faut ainsi rester dans un id\u00e9al \u00ab\u00a0normal\u00a0\u00bb. A l&rsquo;inverse, les id\u00e9alistes pathologiques plongent dans l&rsquo;insatisfaction constante des <a href=\"https:\/\/eclorescence.fr\/index.php\/2021\/05\/06\/perfectionnisme-perfectionnistes-attention-danger\/\">perfectionnistes<\/a> et cela n&rsquo;est jamais bon pour l&rsquo;estime de soi.<\/p>\n<p style=\"text-align: justify;\"><strong>Nous avons tous des parties de nous-m\u00eame (physiques, comportementales, \u00e9motionnelles) que nous n\u2019aimons pas et que nous cherchons ainsi \u00e0 cacher.<\/strong> Cependant \u00e0 force de vouloir gommer ces parties de nous qui ne nous conviennent pas, nous finissons par nous effacer. Nous portons alors des masques pour tenter de nous remodeler et ainsi apparaitre aux yeux de la soci\u00e9t\u00e9 tel que nous pensons devoir \u00eatre. R\u00e9sultat :<\/p>\n<ul>\n<li style=\"text-align: justify;\">soit \u00e7a marche plut\u00f4t bien, mais on perd en estime de nous, puisque finalement les autres et nous-m\u00eame n&rsquo;appr\u00e9cions qu&rsquo;une fausse image de nous<\/li>\n<li style=\"text-align: justify;\">soit \u00e7a ne marche pas, parce qu&rsquo;on sait bien que<a href=\"https:\/\/eclorescence.fr\/index.php\/2020\/01\/09\/mieux-vaut-etre-complet-que-parfait\/\"> tout ce qu&rsquo;on essaie d&rsquo;\u00e9touffer fini toujours par ressurgir<\/a> et en g\u00e9n\u00e9ral de fa\u00e7on assez brutale. Cette non maitrise de nos masques nous poussent \u00e0 croire que d\u00e9finitivement on a un soucis, et on perd alors encore un peu plus en estime de soi.\u00a0<\/li>\n<\/ul>\n<blockquote>\n<p style=\"text-align: justify;\"><em>\u00ab\u00a0nous sommes tous suffisamment intelligents et malins pour simuler le succ\u00e8s pendant un temps\u00a0; mais finalement, notre foi en nous-m\u00eame en sera \u00e9branl\u00e9e, tout comme la confiance, le respect et l\u2019estime de nous-m\u00eame\u00a0\u00bb<\/em> Christophe Andre<\/p>\n<\/blockquote>\n<p style=\"text-align: justify;\">Ainsi, <strong>chacun de nous poss\u00e8de 3 couches de \u00ab\u00a0moi\u00a0\u00bb<\/strong> :<\/p>\n<p>[\/et_pb_text][\/et_pb_column][\/et_pb_row][et_pb_row column_structure=\u00a0\u00bb3_5,2_5&Prime; _builder_version=\u00a0\u00bb4.16&Prime; _module_preset=\u00a0\u00bbdefault\u00a0\u00bb global_colors_info=\u00a0\u00bb{}\u00a0\u00bb][et_pb_column type=\u00a0\u00bb3_5&Prime; _builder_version=\u00a0\u00bb4.16&Prime; _module_preset=\u00a0\u00bbdefault\u00a0\u00bb global_colors_info=\u00a0\u00bb{}\u00a0\u00bb][et_pb_text _builder_version=\u00a0\u00bb4.20.2&Prime; _module_preset=\u00a0\u00bbdefault\u00a0\u00bb global_colors_info=\u00a0\u00bb{}\u00a0\u00bb]<\/p>\n<ul>\n<li style=\"text-align: justify;\">Le <strong>moi authentique<\/strong> avec toutes nos forces, nos talents, nos potentiels, mais aussi nos \u00e9tranget\u00e9s, nos paradoxes, nos imperfections<\/li>\n<li style=\"text-align: justify;\">Le <strong>moi redout\u00e9<\/strong> qui regroupe toutes nos \u00e9tranget\u00e9s, nos paradoxes et nos imperfections. <a href=\"https:\/\/eclorescence.fr\/index.php\/2020\/09\/02\/je-ne-suis-pas-normal-cest-grave-docteur\/\">Ce moi qu\u2019on ne trouve pas normal<\/a> et qui g\u00e9n\u00e8re chez nous de la peur, de la honte et de la culpabilit\u00e9. On tente donc co\u00fbte que co\u00fbte de le cacher<\/li>\n<li style=\"text-align: justify;\">Le <strong>moi pr\u00e9tendu<\/strong> : ce moi que l\u2019on trouve acceptable \u00e0 nos yeux et que l&rsquo;on souhaite donc exposer aux yeux des autres, afin que le moi redout\u00e9 reste bien cach\u00e9.<\/li>\n<\/ul>\n<p>[\/et_pb_text][\/et_pb_column][et_pb_column type=\u00a0\u00bb2_5&Prime; _builder_version=\u00a0\u00bb4.16&Prime; _module_preset=\u00a0\u00bbdefault\u00a0\u00bb global_colors_info=\u00a0\u00bb{}\u00a0\u00bb][et_pb_image src=\u00a0\u00bbhttps:\/\/eclorescence.fr\/wp-content\/uploads\/2021\/09\/3-MOI.png\u00a0\u00bb alt=\u00a0\u00bb3 moi\u00a0\u00bb title_text=\u00a0\u00bb3 MOI\u00a0\u00bb _builder_version=\u00a0\u00bb4.16&Prime; _module_preset=\u00a0\u00bbdefault\u00a0\u00bb global_colors_info=\u00a0\u00bb{}\u00a0\u00bb][\/et_pb_image][\/et_pb_column][\/et_pb_row][et_pb_row _builder_version=\u00a0\u00bb4.16&Prime; _module_preset=\u00a0\u00bbdefault\u00a0\u00bb global_colors_info=\u00a0\u00bb{}\u00a0\u00bb][et_pb_column type=\u00a0\u00bb4_4&Prime; _builder_version=\u00a0\u00bb4.16&Prime; _module_preset=\u00a0\u00bbdefault\u00a0\u00bb global_colors_info=\u00a0\u00bb{}\u00a0\u00bb][et_pb_text _builder_version=\u00a0\u00bb4.16&Prime; _module_preset=\u00a0\u00bbdefault\u00a0\u00bb global_colors_info=\u00a0\u00bb{}\u00a0\u00bb]<\/p>\n<p style=\"text-align: justify;\">La question \u00e0 se poser est : <strong>entre ces 3 moi, lequel est votre moi per\u00e7u ? <\/strong><\/p>\n<p style=\"text-align: justify;\"><strong>Sur lequel, vous basez-vous pour vous estimez ?<\/strong><\/p>\n<p style=\"text-align: justify;\">Souvent les personnes qui manquent d\u2019estime d\u2019elles ne connaissent que le moi pr\u00e9tendu (le masque qu\u2019on met en soci\u00e9t\u00e9) et le moi redout\u00e9 (ces parties de nous que nous n\u2019aimons pas). Ces deux l\u00e0 prennent tellement de place, qu\u2019elles ne savent m\u00eame plus que <strong>derri\u00e8re les couches de honte, culpabilit\u00e9 et croyances n\u00e9gatives \u00e0 leur \u00e9gard, il y a un moi authentique qui est tout aussi bien, voire mieux que le moi pr\u00e9tendu.<\/strong><\/p>\n<p style=\"text-align: justify;\">Mais si elles d\u00e9couvrent le moi authentique et \u00e9valuent d\u00e9sormais leur valeur \u00e0 partir de ce dernier, leur estime de soi remonte en fl\u00e8che.\u00a0<\/p>\n<p style=\"text-align: justify;\">Travailler sur soi, c\u2019est \u00e7a.\u00a0<\/p>\n<h4 style=\"text-align: justify;\"><strong>Pourquoi travailler son estime de soi\u00a0?<\/strong><\/h4>\n<p style=\"text-align: justify;\">Notre estime de soi peut \u00eatre basse ou haute, stable ou instable. En fonction de cela, nos r\u00e9actions peuvent \u00eatre tr\u00e8s vari\u00e9es. (tableau extrait du livre de Christophe Andr\u00e9 et Fran\u00e7ois Lelord <em>L&rsquo;estime de soi : s&rsquo;aimer pour mieux vivre avec les autres<\/em>)<\/p>\n<p>[\/et_pb_text][et_pb_text _builder_version=\u00a0\u00bb4.16&Prime; _module_preset=\u00a0\u00bbdefault\u00a0\u00bb global_colors_info=\u00a0\u00bb{}\u00a0\u00bb]<\/p>\n<table border=\"1\" style=\"border-collapse: collapse; width: 100%;\">\n<tbody>\n<tr>\n<td style=\"width: 20%;\"><\/td>\n<td style=\"width: 20%;\"><strong>R\u00e9actions type en r\u00e9ponse \u00e0 un succ\u00e8s<\/strong><\/td>\n<td style=\"width: 20%;\"><strong>R\u00e9actions type en r\u00e9ponse \u00e0 un compliment<\/strong><\/td>\n<td style=\"width: 20%;\"><strong>R\u00e9actions type en r\u00e9ponse \u00e0 un \u00e9chec<\/strong><\/td>\n<td style=\"width: 20%;\"><strong>R\u00e9actions type en r\u00e9ponse \u00e0 une critique<\/strong><\/td>\n<\/tr>\n<tr>\n<td style=\"width: 20%;\"><strong>Estime de soi haute et stable<\/strong><\/td>\n<td style=\"width: 20%;\">\u00ab\u00a0je suis content, \u00e7a me fait plaisir d&rsquo;y \u00eatre arriv\u00e9\u00a0\u00bb<\/td>\n<td style=\"width: 20%;\">\u00ab\u00a0merci beaucoup\u00a0\u00bb<\/td>\n<td style=\"width: 20%;\">\u00ab\u00a0je n&rsquo;ai pas r\u00e9ussi cette fois-ci\u00a0\u00bb<\/td>\n<td style=\"width: 20%;\">\u00ab\u00a0ah bon. Et pourquoi me dites vous \u00e7a ?\u00a0\u00bb<\/td>\n<\/tr>\n<tr>\n<td style=\"width: 20%;\"><strong>Estime de soi haute et instable<\/strong><\/td>\n<td style=\"width: 20%;\">\u00ab\u00a0je vous l&rsquo;avais bien dit ! Et vous n&rsquo;avez encore rien vu. Ceux qui n&rsquo;y croyaient pas ont l&rsquo;air malin\u00a0\u00bb<\/td>\n<td style=\"width: 20%;\">en r\u00e9clame encore<\/td>\n<td style=\"width: 20%;\">\u00ab\u00a0qu&rsquo;est-ce que vous vous y connaissez vous d&rsquo;abord ?\u00a0\u00bb<\/td>\n<td style=\"width: 20%;\">\u00ab\u00a0Et vous, vous vous \u00eates regard\u00e9s ?\u00a0\u00bb<\/td>\n<\/tr>\n<tr>\n<td style=\"width: 20%;\"><strong>Estime de soi basse et instable<\/strong><\/td>\n<td style=\"width: 20%;\">\u00ab\u00a0Est-ce que je vais \u00eatre \u00e0 la hauteur maintenant ?\u00a0\u00bb<\/td>\n<td style=\"width: 20%;\">\u00ab\u00a0oh vous savez, je n&rsquo;ai aucun m\u00e9rite\u00a0\u00bb<\/td>\n<td style=\"width: 20%;\">\u00ab\u00a0J&rsquo;ai eu des probl\u00e8mes de pr\u00e9paration. Je n&rsquo;ai pas \u00e9t\u00e9 bon\u00a0\u00bb<\/td>\n<td style=\"width: 20%;\">\u00ab\u00a0Vous croyez ?\u00a0\u00bb<\/td>\n<\/tr>\n<tr>\n<td style=\"width: 20%;\"><strong>Estime de soi basse et stable<\/strong><\/td>\n<td style=\"width: 20%;\">tombe malade quelques jours plus tard<\/td>\n<td style=\"width: 20%;\">N&rsquo;\u00e9coute pas; demande \u00e0 la personne d&rsquo;arr\u00eater<\/td>\n<td style=\"width: 20%;\">\u00ab\u00a0oui je suis nul ! vous ne l&rsquo;aviez pas encore remarqu\u00e9 !\u00a0\u00bb<\/td>\n<td style=\"width: 20%;\">\u00ab\u00a0oui, et plus encore que vous ne le dites\u00a0\u00bb<\/td>\n<\/tr>\n<\/tbody>\n<\/table>\n<p>&nbsp;<\/p>\n<p>[\/et_pb_text][et_pb_text _builder_version=\u00a0\u00bb4.16&Prime; _module_preset=\u00a0\u00bbdefault\u00a0\u00bb global_colors_info=\u00a0\u00bb{}\u00a0\u00bb]<\/p>\n<p style=\"text-align: justify;\">A travers ce tableau et ces quelques exemples, <strong>on voit bien les cons\u00e9quences d&rsquo;une mauvaise estime de soi dans nos relations aux autres.\u00a0\u00a0<\/strong><\/p>\n<p style=\"text-align: justify;\"><strong>Cela impacte aussi la relation avec soi-m\u00eame.<\/strong> Plus notre estime de soi est fragile, plus on peut \u00eatre sujet \u00e0 des maladies, des d\u00e9pendances ou encore des sympt\u00f4mes d\u00e9pressifs.<\/p>\n<p style=\"text-align: justify;\">Enfin, <strong>une estime de soi fragile peut amener soit \u00e0 l\u2019immobilisme, soit \u00e0 la suractivit\u00e9.\u00a0<\/strong><\/p>\n<p style=\"text-align: justify;\">Dans le premier cas, quelqu\u2019un qui a une estime de soi faible va entreprendre peu de choses car il ne se sent pas capable, pense que ce n\u2019est pas pour lui, a peur de l\u2019\u00e9chec etc\u2026Et un cercle vicieux se met en place car moins la personne agit, moins elle se sent capable, moins elle a une image positive d&rsquo;elle, moins elle ose agir&#8230; Je rencontre beaucoup de personnes en coaching, qui sont par exemple dans des situations personnelles ou professionnelles non satisfaisantes, mais qui n&rsquo;arrivent pas \u00e0 entreprendre quelque chose de fa\u00e7on p\u00e9renne pour s&rsquo;en sortir. Elles se sentent d\u00e9munies, prises au pi\u00e8ge et cela renforce encore leur mesestime d&rsquo;elles.\u00a0<\/p>\n<p style=\"text-align: justify;\">Dans le deuxi\u00e8me cas, la personne va entreprendre beaucoup de choses pour prouver \u00e0 elle et aux autres sa valeur. Cependant souvent, ces personnes n\u2019arrivent jamais \u00e0 se satisfaire de ce qu\u2019elles ont pourtant r\u00e9ussie. Alors, elles repartent \u00e0 la conqu\u00eate de l\u2019objectif suivant. Et \u00e7a ne vient toujours pas combler ce manque. Et si au passage, quelques difficult\u00e9s voire <a href=\"https:\/\/eclorescence.fr\/index.php\/2023\/11\/07\/changeons-notre-rapport-a-lechec\/\">\u00e9checs<\/a> se produisent, ils occupent alors toutes leurs pens\u00e9es. Bien plus que les r\u00e9ussites&#8230; Il faut donc repartir \u00e0 l&rsquo;action pour tenter \u00e0 nouveau de prouver sa valeur&#8230;\u00a0 En coaching, cela va souvent \u00eatre des personnes en situation ou risque d&rsquo;\u00e9puisement professionnel, des personnes en perte de sens ou encore des personnes souffrant du <a href=\"https:\/\/eclorescence.fr\/index.php\/2021\/11\/10\/itineraire-dun-adulte-trop-bon-eleve\/\">syndrome du \u00ab\u00a0bon \u00e9l\u00e8ve\u00a0\u00bb<\/a>.\u00a0<\/p>\n<p style=\"text-align: justify;\">Cela vous parle ?<\/p>\n<p style=\"text-align: justify;\">\n<p>[\/et_pb_text][et_pb_text _builder_version=\u00a0\u00bb4.20.2&Prime; _module_preset=\u00a0\u00bbdefault\u00a0\u00bb global_colors_info=\u00a0\u00bb{}\u00a0\u00bb]<\/p>\n<h4><strong>Comment d\u00e9velopper son estime de soi\u00a0?<\/strong><\/h4>\n<p style=\"text-align: justify;\"><strong>D\u00e9velopper son estime de soi signifie donc aller vers une estime de soi haute et stable.<\/strong> Cela permet ainsi de ne plus remettre tout en question de fa\u00e7on exag\u00e9r\u00e9e lorsque des circonstances externes viennent nous bousculer.<\/p>\n<p style=\"text-align: justify;\">Pr\u00e9cisons cependant que la remise en question et l\u2019humilit\u00e9 restent essentielles pour continuer \u00e0 progresser. <strong>Il ne faut pas confondre haute &amp; stable estime de soi, et suffisance.<\/strong><\/p>\n<p style=\"text-align: justify;\">Voici en synth\u00e8se 9 cl\u00e9s propos\u00e9es par Christophe Andr\u00e9 et Fran\u00e7ois Lelord pour d\u00e9velopper son estime de soi :<\/p>\n<h5 style=\"text-align: justify;\"><strong>1\/\u00a0 Se connaitre<\/strong><\/h5>\n<p style=\"text-align: justify;\">Nous l\u2019avons vu en \u00e9voquant les 3 moi, se connaitre v\u00e9ritablement est fondamental. Cela permet d\u2019aller plus loin que le moi pr\u00e9tendu et le moi redout\u00e9.<\/p>\n<h5 style=\"text-align: justify;\"><strong>2\/ S\u2019accepter<\/strong><\/h5>\n<p style=\"text-align: justify;\">S\u2019accepter, c\u2019est accepter notre humanitude, avec nos forces et nos limites. Accueillir notre part de fragilit\u00e9, de <a href=\"https:\/\/eclorescence.fr\/index.php\/2023\/05\/01\/et-si-votre-vulnerabilite-etait-une-force\/\">vuln\u00e9rabilit\u00e9<\/a>. Accepter nos parfaites imperfections et nos bizareries si normales \ud83d\ude09 Et aussi bien s\u00fbr, accueillir pleinement, sans fausse modestie, toutes nos capacit\u00e9s, forces et<a href=\"https:\/\/eclorescence.fr\/index.php\/2021\/01\/06\/vous-avez-du-talent\/\"> talents<\/a>.<\/p>\n<h5 style=\"text-align: justify;\"><strong>3\/ Etre honn\u00eate avec soi-m\u00eame<\/strong><\/h5>\n<p style=\"text-align: justify;\">Pour pouvoir totalement se connaitre et s\u2019accepter, il faut <a href=\"https:\/\/eclorescence.fr\/index.php\/2020\/10\/01\/quand-notre-ego-se-sent-menace\/\">savoir d\u00e9jouer notre \u00e9go<\/a>. Car lui, son r\u00f4le, c\u2019est justement de donner \u00e0 voir le \u00ab moi pr\u00e9tendu \u00bb le plus acceptable \u00e0 nos yeux et aux yeux des autres. Il est alors normal que nous r\u00e9agissions de temps en temps dans ce travail sur nous par la fuite, le d\u00e9ni\u2026<\/p>\n<p>[\/et_pb_text][\/et_pb_column][\/et_pb_row][et_pb_row column_structure=\u00a0\u00bb3_5,2_5&Prime; _builder_version=\u00a0\u00bb4.16&Prime; _module_preset=\u00a0\u00bbdefault\u00a0\u00bb global_colors_info=\u00a0\u00bb{}\u00a0\u00bb][et_pb_column type=\u00a0\u00bb3_5&Prime; _builder_version=\u00a0\u00bb4.16&Prime; _module_preset=\u00a0\u00bbdefault\u00a0\u00bb global_colors_info=\u00a0\u00bb{}\u00a0\u00bb][et_pb_text _builder_version=\u00a0\u00bb4.16&Prime; _module_preset=\u00a0\u00bbdefault\u00a0\u00bb global_colors_info=\u00a0\u00bb{}\u00a0\u00bb]<\/p>\n<h5 style=\"text-align: justify;\"><strong>4\/ Agir<\/strong><\/h5>\n<p style=\"text-align: justify;\">L\u2019estime de soi ne tombe pas du ciel. C\u2019est un travail. Et ce travail peut \u00eatre difficile \u00e0 r\u00e9aliser seul. Il ne faut alors pas h\u00e9siter \u00e0 solliciter l&rsquo;aide d&rsquo;un professionnel. Je sais, c&rsquo;est une premi\u00e8re action qui demande beaucoup de courage. Mais qui permet ensuite d&rsquo;avancer plus facilement sur le chemin de la connaissance et de l&rsquo;estime de soi.<\/p>\n<h5 style=\"text-align: justify;\"><strong>5 \/ Faire taire le critique int\u00e9rieur<\/strong><\/h5>\n<p style=\"text-align: justify;\">Comme nous l\u2019avons vu, nous sommes souvent notre pire ennemi. Apprenez plut\u00f4t \u00e0 devenir votre meilleur ami, \u00e0 vous parler avec bienveillance, amour et encouragement, comme vous le faites avec les personnes que vous aimez.<\/p>\n<p>[\/et_pb_text][\/et_pb_column][et_pb_column type=\u00a0\u00bb2_5&Prime; _builder_version=\u00a0\u00bb4.16&Prime; _module_preset=\u00a0\u00bbdefault\u00a0\u00bb global_colors_info=\u00a0\u00bb{}\u00a0\u00bb][et_pb_image src=\u00a0\u00bbhttps:\/\/eclorescence.fr\/wp-content\/uploads\/2021\/09\/37114b5a1213384d63180051c1b3a473.jpg\u00a0\u00bb alt=\u00a0\u00bbfemme qui s&rsquo;aime\u00a0\u00bb title_text=\u00a0\u00bb37114b5a1213384d63180051c1b3a473&Prime; _builder_version=\u00a0\u00bb4.16&Prime; _module_preset=\u00a0\u00bbdefault\u00a0\u00bb global_colors_info=\u00a0\u00bb{}\u00a0\u00bb][\/et_pb_image][\/et_pb_column][\/et_pb_row][et_pb_row _builder_version=\u00a0\u00bb4.16&Prime; _module_preset=\u00a0\u00bbdefault\u00a0\u00bb global_colors_info=\u00a0\u00bb{}\u00a0\u00bb][et_pb_column type=\u00a0\u00bb4_4&Prime; _builder_version=\u00a0\u00bb4.16&Prime; _module_preset=\u00a0\u00bbdefault\u00a0\u00bb global_colors_info=\u00a0\u00bb{}\u00a0\u00bb][et_pb_text _builder_version=\u00a0\u00bb4.20.2&Prime; _module_preset=\u00a0\u00bbdefault\u00a0\u00bb global_colors_info=\u00a0\u00bb{}\u00a0\u00bb]<\/p>\n<h5 style=\"text-align: justify;\"><strong>6\/ Accepter l\u2019\u00e9chec<\/strong><\/h5>\n<p style=\"text-align: justify;\">Ce n\u2019est pas parce qu\u2019on n\u2019a pas r\u00e9ussi quelque chose qu\u2019on ne vaut rien. <a href=\"https:\/\/eclorescence.fr\/index.php\/2023\/11\/07\/changeons-notre-rapport-a-lechec\/\">L\u2019\u00e9chec<\/a> fait partie de la vie et sans doute que les personnes que vous estimez, en sont l\u00e0 o\u00f9 elles en sont, justement parce qu\u2019elles ont connu des \u00e9checs et ont su s\u2019en servir pour apprendre et rebondir.<\/p>\n<h5 style=\"text-align: justify;\"><strong>7\/ S\u2019affirmer\u00a0<\/strong><\/h5>\n<p style=\"text-align: justify;\">S\u2019estimer, c\u2019est se sentir tout aussi important que les autres. Ni plus, ni moins. Cela vous donne donc tout autant <a href=\"https:\/\/eclorescence.fr\/index.php\/2019\/10\/03\/cultivons-de-meilleures-relations\/\">la l\u00e9gitimit\u00e9 de vous exprimer et affirmer votre point de vue et vos besoins.<\/a>\u00a0<\/p>\n<h5 style=\"text-align: justify;\"><strong>8\/ Etre empathique\u00a0<\/strong><\/h5>\n<p style=\"text-align: justify;\">Plus vous serez proches des autres, mieux vous les comprendrez. Cela vous permettra d\u2019une part de percevoir qu\u2019ils sont bien plus que ce qu\u2019ils ne laissent paraitre. Et que donc, eux aussi, derri\u00e8re les apparences, peuvent avoir quelques fragilit\u00e9s en terme de confiance, d\u2019image ou d\u2019amour de soi (ce qui peut aussi vous aider \u00e0 revoir vos id\u00e9aux&#8230;) Et d&rsquo;autre part, \u00eatre empathique, c&rsquo;est \u00eatre plus proche des autres, construire des relations plus vraies et intimes. C&rsquo;est donc \u00eatre appr\u00e9ci\u00e9 au del\u00e0 des masques. Et si les autres vous appr\u00e9cient ainsi, \u00e7a vous aide forc\u00e9ment dans votre appr\u00e9ciation de vous-m\u00eame.<\/p>\n<h5 style=\"text-align: justify;\"><strong>9\/ S\u2019appuyer sur le soutien social<\/strong><\/h5>\n<p style=\"text-align: justify;\">Il ne faut pas h\u00e9siter \u00e0 demander de l\u2019aide, car se sentir soutenu, c\u2019est se sentir aimable (dans le sens \u00ab\u00a0digne d\u2019\u00eatre aim\u00e9\u00a0\u00bb). Passez outre votre pudeur, votre envie de vous montrer fort ou votre peur de d\u00e9ranger. Nous sommes des \u00eatres sociaux. Vous, comme tout le monde, avez besoin de compter sur les autres et c&rsquo;est normal.<\/p>\n<p style=\"text-align: justify;\">J\u2019esp\u00e8re que vous y voyez maintenant plus clair sur ce qu\u2019est l\u2019estime de soi et de quoi elle se nourrit. Pour finir sur une touche humoristique, je vous propose cet \u00e9pisode de <em>Et tout le monde s\u2019en fout<\/em><\/p>\n<p>[\/et_pb_text][et_pb_video src=\u00a0\u00bbhttps:\/\/www.youtube.com\/watch?v=a82VN1RZI-k\u00a0\u00bb _builder_version=\u00a0\u00bb4.16&Prime; _module_preset=\u00a0\u00bbdefault\u00a0\u00bb global_colors_info=\u00a0\u00bb{}\u00a0\u00bb][\/et_pb_video][\/et_pb_column][\/et_pb_row][et_pb_row _builder_version=\u00a0\u00bb4.16&Prime; _module_preset=\u00a0\u00bbdefault\u00a0\u00bb global_colors_info=\u00a0\u00bb{}\u00a0\u00bb][et_pb_column type=\u00a0\u00bb4_4&Prime; _builder_version=\u00a0\u00bb4.16&Prime; _module_preset=\u00a0\u00bbdefault\u00a0\u00bb global_colors_info=\u00a0\u00bb{}\u00a0\u00bb][et_pb_text _builder_version=\u00a0\u00bb4.16&Prime; _module_preset=\u00a0\u00bbdefault\u00a0\u00bb global_colors_info=\u00a0\u00bb{}\u00a0\u00bb]<\/p>\n<p>Belle estimation de vous-m\u00eame !<\/p>\n<p>Marion<\/p>\n<p>[\/et_pb_text][et_pb_button button_url=\u00a0\u00bbhttps:\/\/eclorescence.fr\/index.php\/contact\/\u00a0\u00bb button_text=\u00a0\u00bbME CONTACTER\u00a0\u00bb button_alignment=\u00a0\u00bbcenter\u00a0\u00bb _builder_version=\u00a0\u00bb4.27.4&Prime; _module_preset=\u00a0\u00bbccf1d899-4e22-4506-8a07-990957ad9684&Prime; global_colors_info=\u00a0\u00bb{}\u00a0\u00bb theme_builder_area=\u00a0\u00bbpost_content\u00a0\u00bb][\/et_pb_button][\/et_pb_column][\/et_pb_row][et_pb_row _builder_version=\u00a0\u00bb4.16&Prime; _module_preset=\u00a0\u00bbdefault\u00a0\u00bb global_colors_info=\u00a0\u00bb{}\u00a0\u00bb][et_pb_column type=\u00a0\u00bb4_4&Prime; _builder_version=\u00a0\u00bb4.16&Prime; _module_preset=\u00a0\u00bbdefault\u00a0\u00bb global_colors_info=\u00a0\u00bb{}\u00a0\u00bb][et_pb_post_nav prev_text=\u00a0\u00bbIntroversion ou Extraversion\u00a0\u00bb next_text=\u00a0\u00bbHistoires inspirantes sur les r\u00e9cits qu&rsquo;on se raconte\u00a0\u00bb _builder_version=\u00a0\u00bb4.21.0&Prime; _module_preset=\u00a0\u00bbdefault\u00a0\u00bb global_colors_info=\u00a0\u00bb{}\u00a0\u00bb][\/et_pb_post_nav][\/et_pb_column][\/et_pb_row][\/et_pb_section]<\/p>\n","protected":false},"excerpt":{"rendered":"<p>Avez-vous confiance en vous ? Avez-vous une juste image de vous ? Vous aimez-vous ?<br \/>\nVoil\u00e0 3 questions fondamentales qu\u2019on se pose rarement. <\/p>\n","protected":false},"author":1,"featured_media":4192,"comment_status":"closed","ping_status":"closed","sticky":false,"template":"","format":"gallery","meta":{"_et_pb_use_builder":"on","_et_pb_old_content":"","_et_gb_content_width":""},"categories":[30],"tags":[],"yoast_head":"<!-- This site is optimized with the Yoast SEO plugin v18.4.1 - https:\/\/yoast.com\/wordpress\/plugins\/seo\/ -->\n<title>(Mes)estime de soi<\/title>\n<meta name=\"description\" content=\"Connaissez-vous la diff\u00e9rence entre la confiance en soi et l&#039;estime de soi ? Et comment d\u00e9velopper cette derni\u00e8re ?\" \/>\n<meta name=\"robots\" content=\"index, follow, max-snippet:-1, max-image-preview:large, max-video-preview:-1\" \/>\n<link rel=\"canonical\" href=\"https:\/\/eclorescence.fr\/index.php\/2021\/09\/08\/mesestime-de-soi\/\" \/>\n<meta property=\"og:locale\" content=\"fr_FR\" \/>\n<meta property=\"og:type\" content=\"article\" \/>\n<meta property=\"og:title\" content=\"(Mes)estime de soi\" \/>\n<meta property=\"og:description\" content=\"Connaissez-vous la diff\u00e9rence entre la confiance en soi et l&#039;estime de soi ? Et comment d\u00e9velopper cette derni\u00e8re ?\" \/>\n<meta property=\"og:url\" content=\"https:\/\/eclorescence.fr\/index.php\/2021\/09\/08\/mesestime-de-soi\/\" \/>\n<meta property=\"og:site_name\" content=\"Eclorescence\" \/>\n<meta property=\"article:publisher\" content=\"https:\/\/www.facebook.com\/Eclorescence\" \/>\n<meta property=\"article:published_time\" content=\"2021-09-08T14:27:49+00:00\" \/>\n<meta property=\"article:modified_time\" content=\"2025-04-16T08:42:27+00:00\" \/>\n<meta property=\"og:image\" content=\"https:\/\/eclorescence.fr\/wp-content\/uploads\/2021\/09\/girl-3141766_1280.jpg\" \/>\n\t<meta property=\"og:image:width\" content=\"1280\" \/>\n\t<meta property=\"og:image:height\" content=\"960\" \/>\n\t<meta property=\"og:image:type\" content=\"image\/jpeg\" \/>\n<meta name=\"twitter:card\" content=\"summary_large_image\" \/>\n<meta name=\"twitter:label1\" content=\"\u00c9crit par\" \/>\n\t<meta name=\"twitter:data1\" content=\"Marion\" \/>\n\t<meta name=\"twitter:label2\" content=\"Dur\u00e9e de lecture estim\u00e9e\" \/>\n\t<meta name=\"twitter:data2\" content=\"16 minutes\" \/>\n<script type=\"application\/ld+json\" class=\"yoast-schema-graph\">{\"@context\":\"https:\/\/schema.org\",\"@graph\":[{\"@type\":\"Organization\",\"@id\":\"https:\/\/eclorescence.fr\/#organization\",\"name\":\"Eclorescence\",\"url\":\"https:\/\/eclorescence.fr\/\",\"sameAs\":[\"https:\/\/www.facebook.com\/Eclorescence\",\"https:\/\/www.instagram.com\/marion_oudot__eclorescence\/\",\"https:\/\/www.linkedin.com\/company\/eclorescence\/\"],\"logo\":{\"@type\":\"ImageObject\",\"@id\":\"https:\/\/eclorescence.fr\/#logo\",\"inLanguage\":\"fr-FR\",\"url\":\"https:\/\/eclorescence.fr\/wp-content\/uploads\/2020\/09\/Copie-de-LOGO-ECLORESCENCE.png\",\"contentUrl\":\"https:\/\/eclorescence.fr\/wp-content\/uploads\/2020\/09\/Copie-de-LOGO-ECLORESCENCE.png\",\"width\":500,\"height\":500,\"caption\":\"Eclorescence\"},\"image\":{\"@id\":\"https:\/\/eclorescence.fr\/#logo\"}},{\"@type\":\"WebSite\",\"@id\":\"https:\/\/eclorescence.fr\/#website\",\"url\":\"https:\/\/eclorescence.fr\/\",\"name\":\"Eclorescence\",\"description\":\"Faire \u00e9clore les ressources de chacun.e\",\"publisher\":{\"@id\":\"https:\/\/eclorescence.fr\/#organization\"},\"potentialAction\":[{\"@type\":\"SearchAction\",\"target\":{\"@type\":\"EntryPoint\",\"urlTemplate\":\"https:\/\/eclorescence.fr\/?s={search_term_string}\"},\"query-input\":\"required name=search_term_string\"}],\"inLanguage\":\"fr-FR\"},{\"@type\":\"ImageObject\",\"@id\":\"https:\/\/eclorescence.fr\/index.php\/2021\/09\/08\/mesestime-de-soi\/#primaryimage\",\"inLanguage\":\"fr-FR\",\"url\":\"https:\/\/eclorescence.fr\/wp-content\/uploads\/2021\/09\/girl-3141766_1280.jpg\",\"contentUrl\":\"https:\/\/eclorescence.fr\/wp-content\/uploads\/2021\/09\/girl-3141766_1280.jpg\",\"width\":1280,\"height\":960,\"caption\":\"femme avec des coeurs\"},{\"@type\":\"WebPage\",\"@id\":\"https:\/\/eclorescence.fr\/index.php\/2021\/09\/08\/mesestime-de-soi\/#webpage\",\"url\":\"https:\/\/eclorescence.fr\/index.php\/2021\/09\/08\/mesestime-de-soi\/\",\"name\":\"(Mes)estime de soi\",\"isPartOf\":{\"@id\":\"https:\/\/eclorescence.fr\/#website\"},\"primaryImageOfPage\":{\"@id\":\"https:\/\/eclorescence.fr\/index.php\/2021\/09\/08\/mesestime-de-soi\/#primaryimage\"},\"datePublished\":\"2021-09-08T14:27:49+00:00\",\"dateModified\":\"2025-04-16T08:42:27+00:00\",\"description\":\"Connaissez-vous la diff\u00e9rence entre la confiance en soi et l'estime de soi ? Et comment d\u00e9velopper cette derni\u00e8re ?\",\"breadcrumb\":{\"@id\":\"https:\/\/eclorescence.fr\/index.php\/2021\/09\/08\/mesestime-de-soi\/#breadcrumb\"},\"inLanguage\":\"fr-FR\",\"potentialAction\":[{\"@type\":\"ReadAction\",\"target\":[\"https:\/\/eclorescence.fr\/index.php\/2021\/09\/08\/mesestime-de-soi\/\"]}]},{\"@type\":\"BreadcrumbList\",\"@id\":\"https:\/\/eclorescence.fr\/index.php\/2021\/09\/08\/mesestime-de-soi\/#breadcrumb\",\"itemListElement\":[{\"@type\":\"ListItem\",\"position\":1,\"name\":\"Accueil\",\"item\":\"https:\/\/eclorescence.fr\/\"},{\"@type\":\"ListItem\",\"position\":2,\"name\":\"(Mes)estime de soi\"}]},{\"@type\":\"Article\",\"@id\":\"https:\/\/eclorescence.fr\/index.php\/2021\/09\/08\/mesestime-de-soi\/#article\",\"isPartOf\":{\"@id\":\"https:\/\/eclorescence.fr\/index.php\/2021\/09\/08\/mesestime-de-soi\/#webpage\"},\"author\":{\"@id\":\"https:\/\/eclorescence.fr\/#\/schema\/person\/3a80c733b4795ddddb911a3924add89c\"},\"headline\":\"(Mes)estime de soi\",\"datePublished\":\"2021-09-08T14:27:49+00:00\",\"dateModified\":\"2025-04-16T08:42:27+00:00\",\"mainEntityOfPage\":{\"@id\":\"https:\/\/eclorescence.fr\/index.php\/2021\/09\/08\/mesestime-de-soi\/#webpage\"},\"wordCount\":3982,\"publisher\":{\"@id\":\"https:\/\/eclorescence.fr\/#organization\"},\"image\":{\"@id\":\"https:\/\/eclorescence.fr\/index.php\/2021\/09\/08\/mesestime-de-soi\/#primaryimage\"},\"thumbnailUrl\":\"https:\/\/eclorescence.fr\/wp-content\/uploads\/2021\/09\/girl-3141766_1280.jpg\",\"articleSection\":[\"Confiance en soi\"],\"inLanguage\":\"fr-FR\"},{\"@type\":\"Person\",\"@id\":\"https:\/\/eclorescence.fr\/#\/schema\/person\/3a80c733b4795ddddb911a3924add89c\",\"name\":\"Marion\",\"image\":{\"@type\":\"ImageObject\",\"@id\":\"https:\/\/eclorescence.fr\/#personlogo\",\"inLanguage\":\"fr-FR\",\"url\":\"https:\/\/secure.gravatar.com\/avatar\/7e5438cabfdaac63e418268991ba5602?s=96&d=mm&r=g\",\"contentUrl\":\"https:\/\/secure.gravatar.com\/avatar\/7e5438cabfdaac63e418268991ba5602?s=96&d=mm&r=g\",\"caption\":\"Marion\"}}]}<\/script>\n<!-- \/ Yoast SEO plugin. -->","yoast_head_json":{"title":"(Mes)estime de soi","description":"Connaissez-vous la diff\u00e9rence entre la confiance en soi et l'estime de soi ? Et comment d\u00e9velopper cette derni\u00e8re ?","robots":{"index":"index","follow":"follow","max-snippet":"max-snippet:-1","max-image-preview":"max-image-preview:large","max-video-preview":"max-video-preview:-1"},"canonical":"https:\/\/eclorescence.fr\/index.php\/2021\/09\/08\/mesestime-de-soi\/","og_locale":"fr_FR","og_type":"article","og_title":"(Mes)estime de soi","og_description":"Connaissez-vous la diff\u00e9rence entre la confiance en soi et l'estime de soi ? Et comment d\u00e9velopper cette derni\u00e8re ?","og_url":"https:\/\/eclorescence.fr\/index.php\/2021\/09\/08\/mesestime-de-soi\/","og_site_name":"Eclorescence","article_publisher":"https:\/\/www.facebook.com\/Eclorescence","article_published_time":"2021-09-08T14:27:49+00:00","article_modified_time":"2025-04-16T08:42:27+00:00","og_image":[{"width":1280,"height":960,"url":"https:\/\/eclorescence.fr\/wp-content\/uploads\/2021\/09\/girl-3141766_1280.jpg","type":"image\/jpeg"}],"twitter_card":"summary_large_image","twitter_misc":{"\u00c9crit par":"Marion","Dur\u00e9e de lecture estim\u00e9e":"16 minutes"},"schema":{"@context":"https:\/\/schema.org","@graph":[{"@type":"Organization","@id":"https:\/\/eclorescence.fr\/#organization","name":"Eclorescence","url":"https:\/\/eclorescence.fr\/","sameAs":["https:\/\/www.facebook.com\/Eclorescence","https:\/\/www.instagram.com\/marion_oudot__eclorescence\/","https:\/\/www.linkedin.com\/company\/eclorescence\/"],"logo":{"@type":"ImageObject","@id":"https:\/\/eclorescence.fr\/#logo","inLanguage":"fr-FR","url":"https:\/\/eclorescence.fr\/wp-content\/uploads\/2020\/09\/Copie-de-LOGO-ECLORESCENCE.png","contentUrl":"https:\/\/eclorescence.fr\/wp-content\/uploads\/2020\/09\/Copie-de-LOGO-ECLORESCENCE.png","width":500,"height":500,"caption":"Eclorescence"},"image":{"@id":"https:\/\/eclorescence.fr\/#logo"}},{"@type":"WebSite","@id":"https:\/\/eclorescence.fr\/#website","url":"https:\/\/eclorescence.fr\/","name":"Eclorescence","description":"Faire \u00e9clore les ressources de chacun.e","publisher":{"@id":"https:\/\/eclorescence.fr\/#organization"},"potentialAction":[{"@type":"SearchAction","target":{"@type":"EntryPoint","urlTemplate":"https:\/\/eclorescence.fr\/?s={search_term_string}"},"query-input":"required name=search_term_string"}],"inLanguage":"fr-FR"},{"@type":"ImageObject","@id":"https:\/\/eclorescence.fr\/index.php\/2021\/09\/08\/mesestime-de-soi\/#primaryimage","inLanguage":"fr-FR","url":"https:\/\/eclorescence.fr\/wp-content\/uploads\/2021\/09\/girl-3141766_1280.jpg","contentUrl":"https:\/\/eclorescence.fr\/wp-content\/uploads\/2021\/09\/girl-3141766_1280.jpg","width":1280,"height":960,"caption":"femme avec des coeurs"},{"@type":"WebPage","@id":"https:\/\/eclorescence.fr\/index.php\/2021\/09\/08\/mesestime-de-soi\/#webpage","url":"https:\/\/eclorescence.fr\/index.php\/2021\/09\/08\/mesestime-de-soi\/","name":"(Mes)estime de soi","isPartOf":{"@id":"https:\/\/eclorescence.fr\/#website"},"primaryImageOfPage":{"@id":"https:\/\/eclorescence.fr\/index.php\/2021\/09\/08\/mesestime-de-soi\/#primaryimage"},"datePublished":"2021-09-08T14:27:49+00:00","dateModified":"2025-04-16T08:42:27+00:00","description":"Connaissez-vous la diff\u00e9rence entre la confiance en soi et l'estime de soi ? Et comment d\u00e9velopper cette derni\u00e8re ?","breadcrumb":{"@id":"https:\/\/eclorescence.fr\/index.php\/2021\/09\/08\/mesestime-de-soi\/#breadcrumb"},"inLanguage":"fr-FR","potentialAction":[{"@type":"ReadAction","target":["https:\/\/eclorescence.fr\/index.php\/2021\/09\/08\/mesestime-de-soi\/"]}]},{"@type":"BreadcrumbList","@id":"https:\/\/eclorescence.fr\/index.php\/2021\/09\/08\/mesestime-de-soi\/#breadcrumb","itemListElement":[{"@type":"ListItem","position":1,"name":"Accueil","item":"https:\/\/eclorescence.fr\/"},{"@type":"ListItem","position":2,"name":"(Mes)estime de soi"}]},{"@type":"Article","@id":"https:\/\/eclorescence.fr\/index.php\/2021\/09\/08\/mesestime-de-soi\/#article","isPartOf":{"@id":"https:\/\/eclorescence.fr\/index.php\/2021\/09\/08\/mesestime-de-soi\/#webpage"},"author":{"@id":"https:\/\/eclorescence.fr\/#\/schema\/person\/3a80c733b4795ddddb911a3924add89c"},"headline":"(Mes)estime de soi","datePublished":"2021-09-08T14:27:49+00:00","dateModified":"2025-04-16T08:42:27+00:00","mainEntityOfPage":{"@id":"https:\/\/eclorescence.fr\/index.php\/2021\/09\/08\/mesestime-de-soi\/#webpage"},"wordCount":3982,"publisher":{"@id":"https:\/\/eclorescence.fr\/#organization"},"image":{"@id":"https:\/\/eclorescence.fr\/index.php\/2021\/09\/08\/mesestime-de-soi\/#primaryimage"},"thumbnailUrl":"https:\/\/eclorescence.fr\/wp-content\/uploads\/2021\/09\/girl-3141766_1280.jpg","articleSection":["Confiance en soi"],"inLanguage":"fr-FR"},{"@type":"Person","@id":"https:\/\/eclorescence.fr\/#\/schema\/person\/3a80c733b4795ddddb911a3924add89c","name":"Marion","image":{"@type":"ImageObject","@id":"https:\/\/eclorescence.fr\/#personlogo","inLanguage":"fr-FR","url":"https:\/\/secure.gravatar.com\/avatar\/7e5438cabfdaac63e418268991ba5602?s=96&d=mm&r=g","contentUrl":"https:\/\/secure.gravatar.com\/avatar\/7e5438cabfdaac63e418268991ba5602?s=96&d=mm&r=g","caption":"Marion"}}]}},"_links":{"self":[{"href":"https:\/\/eclorescence.fr\/index.php\/wp-json\/wp\/v2\/posts\/4164"}],"collection":[{"href":"https:\/\/eclorescence.fr\/index.php\/wp-json\/wp\/v2\/posts"}],"about":[{"href":"https:\/\/eclorescence.fr\/index.php\/wp-json\/wp\/v2\/types\/post"}],"author":[{"embeddable":true,"href":"https:\/\/eclorescence.fr\/index.php\/wp-json\/wp\/v2\/users\/1"}],"replies":[{"embeddable":true,"href":"https:\/\/eclorescence.fr\/index.php\/wp-json\/wp\/v2\/comments?post=4164"}],"version-history":[{"count":63,"href":"https:\/\/eclorescence.fr\/index.php\/wp-json\/wp\/v2\/posts\/4164\/revisions"}],"predecessor-version":[{"id":7322,"href":"https:\/\/eclorescence.fr\/index.php\/wp-json\/wp\/v2\/posts\/4164\/revisions\/7322"}],"wp:featuredmedia":[{"embeddable":true,"href":"https:\/\/eclorescence.fr\/index.php\/wp-json\/wp\/v2\/media\/4192"}],"wp:attachment":[{"href":"https:\/\/eclorescence.fr\/index.php\/wp-json\/wp\/v2\/media?parent=4164"}],"wp:term":[{"taxonomy":"category","embeddable":true,"href":"https:\/\/eclorescence.fr\/index.php\/wp-json\/wp\/v2\/categories?post=4164"},{"taxonomy":"post_tag","embeddable":true,"href":"https:\/\/eclorescence.fr\/index.php\/wp-json\/wp\/v2\/tags?post=4164"}],"curies":[{"name":"wp","href":"https:\/\/api.w.org\/{rel}","templated":true}]}}