{"id":4425,"date":"2021-11-10T07:20:47","date_gmt":"2021-11-10T06:20:47","guid":{"rendered":"https:\/\/eclorescence.fr\/?p=4425"},"modified":"2025-04-24T16:13:41","modified_gmt":"2025-04-24T14:13:41","slug":"itineraire-dun-adulte-trop-bon-eleve","status":"publish","type":"post","link":"https:\/\/eclorescence.fr\/index.php\/2021\/11\/10\/itineraire-dun-adulte-trop-bon-eleve\/","title":{"rendered":"Itin\u00e9raire d&rsquo;un adulte \u00ab\u00a0trop bon \u00e9l\u00e8ve\u00a0\u00bb"},"content":{"rendered":"<p>[et_pb_section fb_built=\u00a0\u00bb1&Prime; admin_label=\u00a0\u00bbBlog Section\u00a0\u00bb _builder_version=\u00a0\u00bb4.16&Prime; custom_padding=\u00a0\u00bb20px||11px|||\u00a0\u00bb global_colors_info=\u00a0\u00bb{}\u00a0\u00bb][et_pb_row _builder_version=\u00a0\u00bb4.16&Prime; global_colors_info=\u00a0\u00bb{}\u00a0\u00bb][et_pb_column type=\u00a0\u00bb4_4&Prime; _builder_version=\u00a0\u00bb4.16&Prime; custom_padding=\u00a0\u00bb|||\u00a0\u00bb global_colors_info=\u00a0\u00bb{}\u00a0\u00bb custom_padding__hover=\u00a0\u00bb|||\u00a0\u00bb][et_pb_text _builder_version=\u00a0\u00bb4.16&Prime; global_colors_info=\u00a0\u00bb{}\u00a0\u00bb]<\/p>\n<p style=\"text-align: justify;\">Vanessa a 34 ans. Elle vient me voir parce qu\u2019elle est en train de perdre pied, comme elle dit. Charge mentale au taquet. Stress \u00e0 un niveau particuli\u00e8rement \u00e9lev\u00e9. Elle est fatigu\u00e9e. Les maux se multiplient. Les \u00e9motions d\u00e9bordent\u2026<\/p>\n<p style=\"text-align: justify;\"><strong>Wonderwoman,\u00a0 Wondermaman, , wonderbusinesswoman. Elle ne porte pas une mais plusieurs capes de super-h\u00e9ro\u00efne\u00a0; Sauf que \u00e7a commence \u00e0 peser lourd sur ses \u00e9paules.<\/strong><\/p>\n<p style=\"text-align: justify;\">\u00ab <em>Comment fait-on<\/em> me demande-t-elle ? <em>Comment font toutes ces femmes qui parviennent \u00e0 \u00eatre sur tous les fronts ? On me dit de prendre du recul, d\u2019\u00eatre moins exigeante, de savoir l\u00e2cher sur certaines choses. Mais, ce n\u2019est pas que je ne veux pas. C\u2019est que je ne sais pas. Et surtout, je ne peux pas ! Faire moins \u00e0 la maison ? Mais je culpabilise d\u00e9j\u00e0 de ne pas \u00eatre assez pr\u00e9sente pour mes enfants et mon mari. Faire moins au travail ? Mais je viens d\u2019avoir ce poste de manager que j\u2019attendais depuis des ann\u00e9es. Je n\u2019ai pas le choix. Je dois faire mes preuves, leur montrer qu\u2019ils ont eu raison de me faire confiance. Et mon \u00e9quipe compte sur moi ! Faire moins dans ma vie sociale ? C\u2019est d\u00e9j\u00e0 le cas. J\u2019ai supprim\u00e9 beaucoup d\u2019activit\u00e9s. Mais \u00e7a me manque. Je sais que le sport me fait du bien. Et puis j\u2019ai de plus en plus de remarques de mes amis qui soulignent bien que je ne suis pas tr\u00e8s pr\u00e9sente en ce moment. Et que m\u00eame quand je suis l\u00e0, et bien je ne suis pas vraiment l\u00e0. Soit trop fatigu\u00e9e. Soit la t\u00eate ailleurs, en train mentalement de faire la liste des choses \u00e0 faire pour le lendemain. \u00bb<\/em><\/p>\n<p>[\/et_pb_text][\/et_pb_column][\/et_pb_row][et_pb_row column_structure=\u00a0\u00bb3_5,2_5&Prime; _builder_version=\u00a0\u00bb4.16&Prime; _module_preset=\u00a0\u00bbdefault\u00a0\u00bb global_colors_info=\u00a0\u00bb{}\u00a0\u00bb][et_pb_column type=\u00a0\u00bb3_5&Prime; _builder_version=\u00a0\u00bb4.16&Prime; _module_preset=\u00a0\u00bbdefault\u00a0\u00bb global_colors_info=\u00a0\u00bb{}\u00a0\u00bb][et_pb_text _builder_version=\u00a0\u00bb4.16&Prime; _module_preset=\u00a0\u00bbdefault\u00a0\u00bb global_colors_info=\u00a0\u00bb{}\u00a0\u00bb]<\/p>\n<p style=\"text-align: justify;\">Vanessa me raconte tout \u00e7a d\u2019une traite. Avec une telle d\u00e9tresse\u00a0!<\/p>\n<p style=\"text-align: justify;\">Sa demande\u00a0?<\/p>\n<p style=\"text-align: justify;\">\u00ab\u00a0Aidez-moi \u00e0 mieux g\u00e9rer cette charge mentale ! Aidez-moi \u00e0 mieux m\u2019adapter ! Aidez-moi \u00e0 mieux m\u2019organiser ! Dites-moi comment r\u00e9ussir tout \u00e7a en \u00e9tant moins stress\u00e9e, moins irritable\u2026\u00a0\u00bb<\/p>\n<p style=\"text-align: justify;\">Vanessa, comme beaucoup de femmes, mais d\u2019hommes aussi, souffre du syndrome du bon \u00e9l\u00e8ve.<\/p>\n<p>[\/et_pb_text][\/et_pb_column][et_pb_column type=\u00a0\u00bb2_5&Prime; _builder_version=\u00a0\u00bb4.16&Prime; _module_preset=\u00a0\u00bbdefault\u00a0\u00bb global_colors_info=\u00a0\u00bb{}\u00a0\u00bb][et_pb_image src=\u00a0\u00bbhttps:\/\/eclorescence.fr\/wp-content\/uploads\/2021\/10\/c3a90a07c2b8dcfcdad9581a16fd8df7.jpg\u00a0\u00bb alt=\u00a0\u00bbfemme shiva\u00a0\u00bb title_text=\u00a0\u00bbc3a90a07c2b8dcfcdad9581a16fd8df7&Prime; _builder_version=\u00a0\u00bb4.16&Prime; _module_preset=\u00a0\u00bbdefault\u00a0\u00bb global_colors_info=\u00a0\u00bb{}\u00a0\u00bb][\/et_pb_image][\/et_pb_column][\/et_pb_row][et_pb_row _builder_version=\u00a0\u00bb4.16&Prime; _module_preset=\u00a0\u00bbdefault\u00a0\u00bb global_colors_info=\u00a0\u00bb{}\u00a0\u00bb][et_pb_column type=\u00a0\u00bb4_4&Prime; _builder_version=\u00a0\u00bb4.16&Prime; _module_preset=\u00a0\u00bbdefault\u00a0\u00bb global_colors_info=\u00a0\u00bb{}\u00a0\u00bb][et_pb_text _builder_version=\u00a0\u00bb4.16&Prime; _module_preset=\u00a0\u00bbdefault\u00a0\u00bb global_colors_info=\u00a0\u00bb{}\u00a0\u00bb]<\/p>\n<h4><strong>Portrait robot du \u00ab\u00a0bon \u00e9l\u00e8ve\u00a0\u00bb<\/strong><\/h4>\n<blockquote>\n<p><em>\u00ab Une partie de la population arrive dans la vie active en sachant rentrer dans les cases, et en aimant les cocher. Certains profils sans doute plus que d\u2019autres : les personnes intelligentes, sensibles, \u00e0 l\u2019\u00e9coute, et exigeantes voire perfectionnistes. \u00bb <\/em>Karine Aubry, extrait de son livre <em>Trop bon \u00e9l\u00e8ve au travail attention danger<\/em><\/p>\n<\/blockquote>\n<p>[\/et_pb_text][\/et_pb_column][\/et_pb_row][et_pb_row column_structure=\u00a0\u00bb2_5,3_5&Prime; _builder_version=\u00a0\u00bb4.16&Prime; _module_preset=\u00a0\u00bbdefault\u00a0\u00bb global_colors_info=\u00a0\u00bb{}\u00a0\u00bb][et_pb_column type=\u00a0\u00bb2_5&Prime; _builder_version=\u00a0\u00bb4.16&Prime; _module_preset=\u00a0\u00bbdefault\u00a0\u00bb global_colors_info=\u00a0\u00bb{}\u00a0\u00bb][et_pb_image src=\u00a0\u00bbhttps:\/\/eclorescence.fr\/wp-content\/uploads\/2021\/10\/2057588_w2127h2127c1cx1228cy2021cxt0cyt1185cxb2127cyb3042.jpg\u00a0\u00bb alt=\u00a0\u00bbHermione levant la main\u00a0\u00bb title_text=\u00a0\u00bb2057588_w2127h2127c1cx1228cy2021cxt0cyt1185cxb2127cyb3042&Prime; _builder_version=\u00a0\u00bb4.16&Prime; _module_preset=\u00a0\u00bbdefault\u00a0\u00bb global_colors_info=\u00a0\u00bb{}\u00a0\u00bb][\/et_pb_image][\/et_pb_column][et_pb_column type=\u00a0\u00bb3_5&Prime; _builder_version=\u00a0\u00bb4.16&Prime; _module_preset=\u00a0\u00bbdefault\u00a0\u00bb global_colors_info=\u00a0\u00bb{}\u00a0\u00bb][et_pb_text _builder_version=\u00a0\u00bb4.16&Prime; _module_preset=\u00a0\u00bbdefault\u00a0\u00bb global_colors_info=\u00a0\u00bb{}\u00a0\u00bb]<\/p>\n<p style=\"text-align: justify;\">A l\u2019\u00e9cole, ils \u00e9taient les premiers de la classe. Ou s\u2019ils ne l\u2019\u00e9taient pas, ils \u00e9taient largement reconnus pour leurs efforts, leur gentillesse, leur calme, leur attention etc\u2026<\/p>\n<p style=\"text-align: justify;\"><strong>Ces bons \u00e9l\u00e8ves ont totalement int\u00e9gr\u00e9 les r\u00e8gles du jeu de l\u2019\u00e9cole. Faire ce que l&rsquo;on attend d\u2019eux. Rentrer dans les cases.<\/strong> Et en faisant \u00e7a, ils obtiennent exactement ce dont ils ont besoin : <a href=\"https:\/\/eclorescence.fr\/index.php\/2022\/01\/11\/le-besoin-de-reconnaissance\/\">reconnaissance<\/a>, approbation, amour, s\u00e9curit\u00e9.<\/p>\n<p>Sauf que \u00e7a ne marche plus vraiment \u00e0 l\u2019\u00e2ge adulte. Et c\u2019est l\u00e0 que \u00e7a commence \u00e0 poser probl\u00e8me.<\/p>\n<p>[\/et_pb_text][\/et_pb_column][\/et_pb_row][et_pb_row _builder_version=\u00a0\u00bb4.16&Prime; _module_preset=\u00a0\u00bbdefault\u00a0\u00bb global_colors_info=\u00a0\u00bb{}\u00a0\u00bb][et_pb_column type=\u00a0\u00bb4_4&Prime; _builder_version=\u00a0\u00bb4.16&Prime; _module_preset=\u00a0\u00bbdefault\u00a0\u00bb global_colors_info=\u00a0\u00bb{}\u00a0\u00bb][et_pb_text _builder_version=\u00a0\u00bb4.16&Prime; _module_preset=\u00a0\u00bbdefault\u00a0\u00bb global_colors_info=\u00a0\u00bb{}\u00a0\u00bb]<\/p>\n<p style=\"text-align: justify;\"><strong>Ces bons \u00e9l\u00e8ves d\u00e9couvrent qu\u2019en dehors de l\u2019\u00e9cole, ce n\u2019est pas parce que l&rsquo;on respecte les r\u00e8gles, que l&rsquo;on obtient de la reconnaissance.<\/strong> Au travail, on leur dira qu\u2019ils sont trop scolaires, qu\u2019ils doivent apprendre \u00e0 se l\u00e2cher, \u00eatre davantage proactif, ne pas demander constamment la permission ou l\u2019approbation, s\u2019imposer davantage, se faire remarquer, et m\u00eame savoir contourner les r\u00e8gles lorsque cela est n\u00e9cessaire. Incompr\u00e9hensible pour de bons \u00e9l\u00e8ves\u2026. Tout \u00e7a, c\u2019est ce qu\u2019ils ont appris \u00e0 ne surtout pas faire \u00e0 l\u2019\u00e9cole\u2026Et \u00e7a leur a r\u00e9ussi !<\/p>\n<p style=\"text-align: justify;\">Et maintenant, ils devraient faire le contraire ?! Difficile pour eux d\u2019appr\u00e9hender cette nouvelle r\u00e9alit\u00e9.<\/p>\n<p style=\"text-align: justify;\">Alors, ils continuent de faire ce qu\u2019ils savent d\u00e9j\u00e0 faire parfaitement : se concentrer sur les t\u00e2ches, abattre un travail de fou, ex\u00e9cuter tout cela avec beaucoup de professionnalisme. On ne les voit pas. On ne les entend pas. Ils ne se mettent pas en lumi\u00e8re et font tout pour ne pas d\u00e9ranger les autres. Ce sont souvent des travailleurs de l\u2019ombre, tr\u00e8s concentr\u00e9s dans ce qu\u2019ils font et toujours pr\u00eats \u00e0 donner un coup de main. <strong>\u00a0Ils ex\u00e9cutent donc avec brio leur fonction et pensent que, comme \u00e0 l\u2019\u00e9cole, \u00e7a suffira pour \u00eatre reconnu et obtenir une promotion.<\/strong> Mais souvent c\u2019est Untel qui aura la promotion, car lui, il maitrise des choses qui \u00e9chappent totalement aux bons \u00e9l\u00e8ves : se rendre visible, communiquer sur ce que l&rsquo;on fait, accorder autant, voire plus d\u2019importance au paraitre qu\u2019au faire, jouer politique\u2026<\/p>\n<p style=\"text-align: justify;\">Rude pour ces bons \u00e9l\u00e8ves\u2026 plut\u00f4t consid\u00e9r\u00e9s comme des valeurs s\u00fbres, des personnes qui ne font pas de vagues, qui sont de vrais piliers. Bref des bons num\u00e9ros deux\u2026<\/p>\n<p>[\/et_pb_text][\/et_pb_column][\/et_pb_row][et_pb_row column_structure=\u00a0\u00bb3_5,2_5&Prime; _builder_version=\u00a0\u00bb4.16&Prime; _module_preset=\u00a0\u00bbdefault\u00a0\u00bb global_colors_info=\u00a0\u00bb{}\u00a0\u00bb][et_pb_column type=\u00a0\u00bb3_5&Prime; _builder_version=\u00a0\u00bb4.16&Prime; _module_preset=\u00a0\u00bbdefault\u00a0\u00bb global_colors_info=\u00a0\u00bb{}\u00a0\u00bb][et_pb_text _builder_version=\u00a0\u00bb4.16&Prime; _module_preset=\u00a0\u00bbdefault\u00a0\u00bb global_colors_info=\u00a0\u00bb{}\u00a0\u00bb]<\/p>\n<p style=\"text-align: justify;\">Comme souvent alors, quand une strat\u00e9gie ne fonctionne pas, au lieu de la remettre en question, on va plut\u00f4t se remettre soi-m\u00eame en question, en imaginant qu\u2019on n&rsquo;a pas ex\u00e9cut\u00e9 parfaitement ce qu&rsquo;on devait faire. <strong>Alors, les bons \u00e9l\u00e8ves se remettent deux fois plus au travail, en \u00e9tant encore plus s\u00e9rieux, encore plus consciencieux, encore plus au service de\u2026<\/strong><\/p>\n<p style=\"text-align: justify;\">Et voil\u00e0 nos petits hamsters qui courent deux fois plus vite dans leurs roues.<\/p>\n<p>[\/et_pb_text][\/et_pb_column][et_pb_column type=\u00a0\u00bb2_5&Prime; _builder_version=\u00a0\u00bb4.16&Prime; _module_preset=\u00a0\u00bbdefault\u00a0\u00bb global_colors_info=\u00a0\u00bb{}\u00a0\u00bb][et_pb_image src=\u00a0\u00bbhttps:\/\/eclorescence.fr\/wp-content\/uploads\/2021\/10\/1633674998255.gif\u00a0\u00bb alt=\u00a0\u00bbhomme courant dans une roue\u00a0\u00bb title_text=\u00a0\u00bb1633674998255&Prime; _builder_version=\u00a0\u00bb4.16&Prime; _module_preset=\u00a0\u00bbdefault\u00a0\u00bb global_colors_info=\u00a0\u00bb{}\u00a0\u00bb][\/et_pb_image][\/et_pb_column][\/et_pb_row][et_pb_row _builder_version=\u00a0\u00bb4.16&Prime; _module_preset=\u00a0\u00bbdefault\u00a0\u00bb global_colors_info=\u00a0\u00bb{}\u00a0\u00bb][et_pb_column type=\u00a0\u00bb4_4&Prime; _builder_version=\u00a0\u00bb4.16&Prime; _module_preset=\u00a0\u00bbdefault\u00a0\u00bb global_colors_info=\u00a0\u00bb{}\u00a0\u00bb][et_pb_text _builder_version=\u00a0\u00bb4.20.2&Prime; _module_preset=\u00a0\u00bbdefault\u00a0\u00bb global_colors_info=\u00a0\u00bb{}\u00a0\u00bb]<\/p>\n<blockquote>\n<p><em>\u00ab\u00a0Habitu\u00e9 \u00e0 \u00eatre f\u00e9licit\u00e9, il vise, sous couvert d\u2019excellence, l\u2019approbation constante de sa hi\u00e9rarchie\u00a0\u00bb <\/em>(Sophie P\u00e9ters, \u00ab\u00a0Le syndrome du bon \u00e9l\u00e8ve\u00a0\u00bb, Le Monde, 2015)<\/p>\n<\/blockquote>\n<p style=\"text-align: justify;\">Le bon \u00e9l\u00e8ve est tr\u00e8s souvent <a href=\"https:\/\/eclorescence.fr\/index.php\/2021\/05\/06\/perfectionnisme-perfectionnistes-attention-danger\/\">perfectionniste<\/a>. Car <strong>m\u00eame s&rsquo;il n&rsquo;y a plus personne pour lui remettre une bonne note, dans sa t\u00eate les voix des figures d&rsquo;autorit\u00e9 raisonnent.<\/strong> Nul besoin d&rsquo;avoir son patron \u00e0 c\u00f4t\u00e9 de lui. Il imagine tr\u00e8s bien ce qu&rsquo;il pourrait lui dire&#8230; enfin, c&rsquo;est ce qu&rsquo;il pense car tr\u00e8s souvent ces petites voix int\u00e9rieures sont bien plus autoritaires et pinailleuses que dans la r\u00e9alit\u00e9.<\/p>\n<p style=\"text-align: justify;\">Et quand ces voix s&rsquo;expriment dans la r\u00e9alit\u00e9, ce sont presque des paroles sacr\u00e9es pour le bon \u00e9l\u00e8ve. Pour lui, son patron, ses parents, comme ses professeurs \u00e0 l\u2019\u00e9poque, ou peut-\u00eatre un entraineur dans une \u00e9quipe de sport etc\u2026 d\u00e9tiennent la v\u00e9rit\u00e9. Ils savent mieux que lui l\u2019\u00e9valuer, lui dire quoi faire, comment se comporter, ce qui est mieux pour lui etc\u2026 bref, <strong>notre bon \u00e9l\u00e8ve se place constamment en enfant adapt\u00e9 soumis et invite ainsi inconsciemment les autres \u00e0 se placer en parent pour lui. Sauf que <a href=\"https:\/\/eclorescence.fr\/index.php\/2021\/04\/08\/infantilisation-soumission-rebellion-responsabilisation-notre-communication-dans-tous-ses-etats\/\">si tout le monde peut y trouver son compte dans un premier temps, cette logique arrive vite \u00e0 ses limites.<\/a><\/strong>\u00a0<\/p>\n<p>[\/et_pb_text][\/et_pb_column][\/et_pb_row][et_pb_row _builder_version=\u00a0\u00bb4.16&Prime; _module_preset=\u00a0\u00bbdefault\u00a0\u00bb global_colors_info=\u00a0\u00bb{}\u00a0\u00bb][et_pb_column type=\u00a0\u00bb4_4&Prime; _builder_version=\u00a0\u00bb4.16&Prime; _module_preset=\u00a0\u00bbdefault\u00a0\u00bb global_colors_info=\u00a0\u00bb{}\u00a0\u00bb][et_pb_text _builder_version=\u00a0\u00bb4.16&Prime; _module_preset=\u00a0\u00bbdefault\u00a0\u00bb global_colors_info=\u00a0\u00bb{}\u00a0\u00bb]<\/p>\n<h4><strong>Cons\u00e9quences du syndrome du bon \u00e9l\u00e8ve<\/strong><\/h4>\n<p style=\"text-align: justify;\">Convaincu que s\u2019il travaille bien, il aura de bonnes notes, le bon \u00e9l\u00e8ve va de d\u00e9sillusion en d\u00e9sillusion. <strong><a href=\"https:\/\/eclorescence.fr\/index.php\/2022\/01\/11\/le-besoin-de-reconnaissance\/\">Il court inexorablement apr\u00e8s une reconnaissance<\/a> qu\u2019il n\u2019obtient pas ou si peu compte tenu de toute l\u2019\u00e9nergie qu\u2019il mobilise pour r\u00e9aliser ce qu\u2019il doit faire. Et c\u2019est encore plus incompr\u00e9hensible et injuste lorsqu\u2019il observe dans son environnement que d\u2019autres personnes obtiennent davantage de reconnaissance sans \u00eatre de \u00ab\u00a0bons \u00e9l\u00e8ves\u00a0\u00bb.<\/strong><\/p>\n<p style=\"text-align: justify;\">R\u00e9sultat, il se fatigue \u00e0 faire toujours plus et \u00e0 courir apr\u00e8s quelque chose qu\u2019il n\u2019obtient pas. Les sentiments de <a href=\"https:\/\/eclorescence.fr\/index.php\/2025\/04\/09\/la-colere-en-faire-une-alliee-plutot-quun-ennemi\/\">col\u00e8re<\/a>, frustrations, injustice se multiplient. Il devient irritable. Et on lui fait remarquer. Mais cela vient \u00e0 nouveau renforcer sa croyance\u00a0: <em>\u00ab\u00a0d\u00e8s que je sors des cases de l\u2019\u00e9l\u00e8ve sage et ob\u00e9issant, on me le reproche.\u00a0\u00bb<\/em><\/p>\n<p style=\"text-align: justify;\">Et c\u2019est ainsi que progressivement, <strong>le syndrome du bon \u00e9l\u00e8ve peut nuire \u00e0 la sant\u00e9 mentale et mener tout droit vers le \u00ab\u00a0burn-out\u00a0\u00bb.<\/strong> L\u2019\u00e9tape pr\u00e9c\u00e9dent ce dernier \u00e9tant une \u00e9tape dite de surchauffe dans laquelle la personne tente d\u00e9sesp\u00e9r\u00e9ment de courir encore plus vite dans sa petite roue de hamster. On remarque alors l\u2019\u00e9mergence de 3 types de sympt\u00f4mes :<\/p>\n<p>[\/et_pb_text][\/et_pb_column][\/et_pb_row][et_pb_row column_structure=\u00a0\u00bb2_3,1_3&Prime; _builder_version=\u00a0\u00bb4.16&Prime; _module_preset=\u00a0\u00bbdefault\u00a0\u00bb global_colors_info=\u00a0\u00bb{}\u00a0\u00bb][et_pb_column type=\u00a0\u00bb2_3&Prime; _builder_version=\u00a0\u00bb4.16&Prime; _module_preset=\u00a0\u00bbdefault\u00a0\u00bb global_colors_info=\u00a0\u00bb{}\u00a0\u00bb][et_pb_text _builder_version=\u00a0\u00bb4.16&Prime; _module_preset=\u00a0\u00bbdefault\u00a0\u00bb global_colors_info=\u00a0\u00bb{}\u00a0\u00bb]<\/p>\n<ul>\n<li style=\"text-align: justify;\"><strong>Un \u00e9puisement physique et psychologique\u00a0:<\/strong> notre bon \u00e9l\u00e8ve est \u00e9puis\u00e9 mais en tant que bon petit soldat, il continue et fait ce qui doit \u00eatre fait. Cependant, on voit bien que ces traits sont de plus en plus marqu\u00e9s, que le moindre petit impr\u00e9vu le met dans un \u00e9tat impossible, qu\u2019il a par exemple de plus en plus souvent mal au dos, ou \u00e0 la t\u00eate\u2026<\/li>\n<li style=\"text-align: justify;\"><strong>Une d\u00e9personnalisation et du cynisme\u00a0:<\/strong> pour tenir le coup, il se met en mode \u00ab robot \u00bb. Ne pas r\u00e9fl\u00e9chir. Ne pas pr\u00eater attention \u00e0 tous ces maux du corps qui se multiplient. Bien refermer le couvercle de toutes ces <a href=\"https:\/\/eclorescence.fr\/index.php\/2020\/11\/04\/ces-emotions-qui-nous-veulent-du-bien\/\">\u00e9motions<\/a> qui tentent de d\u00e9border. Celles qui finissent par ressortir apparaissent alors souvent sous forme de cynisme. Notre bon \u00e9l\u00e8ve commence \u00e0 faire un peu d\u2019humour noir, relevant l\u2019injustice du syst\u00e8me qui r\u00e9compense des personnes qui ne le m\u00e9ritent pas \u00e0 ses yeux. Une perte de sens et un conflit de valeurs \u00e9mergent.<\/li>\n<li style=\"text-align: justify;\"><strong>Une perte d\u2019efficacit\u00e9 et d\u00e9valorisation de soi\u00a0:<\/strong> fatigu\u00e9, notre bon \u00e9l\u00e8ve est moins performant. Il n\u2019est pas habitu\u00e9 \u00e0 \u00e7a. Entre une reconnaissance qui lui fait d\u00e9faut, un corps et des \u00e9motions qu\u2019il a de plus en plus de mal \u00e0 maitriser et une efficacit\u00e9 qui d\u00e9cline, notre bon \u00e9l\u00e8ve, souffrant d\u00e9j\u00e0 souvent d\u2019une faible <a href=\"https:\/\/eclorescence.fr\/index.php\/2021\/09\/08\/mesestime-de-soi\/\">estime de lui<\/a>, perd encore plus confiance\u2026<\/li>\n<\/ul>\n<p>[\/et_pb_text][\/et_pb_column][et_pb_column type=\u00a0\u00bb1_3&Prime; _builder_version=\u00a0\u00bb4.16&Prime; _module_preset=\u00a0\u00bbdefault\u00a0\u00bb global_colors_info=\u00a0\u00bb{}\u00a0\u00bb][et_pb_image src=\u00a0\u00bbhttps:\/\/eclorescence.fr\/wp-content\/uploads\/2021\/10\/pexels-cottonbro-4769486-scaled.jpg\u00a0\u00bb alt=\u00a0\u00bbfemme \u00e9puis\u00e9e sous un livre\u00a0\u00bb title_text=\u00a0\u00bbpexels-cottonbro-4769486&Prime; _builder_version=\u00a0\u00bb4.16&Prime; _module_preset=\u00a0\u00bbdefault\u00a0\u00bb global_colors_info=\u00a0\u00bb{}\u00a0\u00bb][\/et_pb_image][\/et_pb_column][\/et_pb_row][et_pb_row _builder_version=\u00a0\u00bb4.16&Prime; _module_preset=\u00a0\u00bbdefault\u00a0\u00bb global_colors_info=\u00a0\u00bb{}\u00a0\u00bb][et_pb_column type=\u00a0\u00bb4_4&Prime; _builder_version=\u00a0\u00bb4.16&Prime; _module_preset=\u00a0\u00bbdefault\u00a0\u00bb global_colors_info=\u00a0\u00bb{}\u00a0\u00bb][et_pb_text _builder_version=\u00a0\u00bb4.16&Prime; _module_preset=\u00a0\u00bbdefault\u00a0\u00bb global_colors_info=\u00a0\u00bb{}\u00a0\u00bb]<\/p>\n<p style=\"text-align: justify;\">Si le fonctionnement du bon \u00e9l\u00e8ve touche avant tout ses limites au travail, cela est aussi le cas dans sa vie familiale et sociale. Il se donne \u00e0 fond pour les autres, anticipe les moindres besoins, organise tout pour que chacun soit content. Mais cela parait tellement naturel qu\u2019au mieux notre bon \u00e9l\u00e8ve re\u00e7oit un merci de politesse. Au pire, fait face \u00e0 une certaine ingratitude : aucun retour ou juste un retour sur ce qui a manqu\u00e9 ou qui n\u2019allait pas. Soit l\u2019\u00e9quivalent d\u2019une note bien en dessous de la moyenne pour notre bon \u00e9l\u00e8ve\u2026. <strong>Encore une fois la col\u00e8re, l\u2019injustice, la frustration s\u2019accumulent\u2026<\/strong><\/p>\n<p style=\"text-align: justify;\">Mais alors, comment obtenir cette reconnaissance dont il a tant besoin ? (et dont tout un chacun a besoin \u00e9galement). Comment sortir de ce pi\u00e8ge du fonctionnement du bon \u00e9l\u00e8ve ?<\/p>\n<p>[\/et_pb_text][et_pb_text _builder_version=\u00a0\u00bb4.20.2&Prime; _module_preset=\u00a0\u00bbdefault\u00a0\u00bb global_colors_info=\u00a0\u00bb{}\u00a0\u00bb]<\/p>\n<h4><strong>Rem\u00e8des<\/strong><\/h4>\n<p style=\"text-align: justify;\">Revenons \u00e0 l\u2019histoire de Vanessa.<\/p>\n<p style=\"text-align: justify;\">Avant toute chose, on agit en urgence sur son <a href=\"https:\/\/eclorescence.fr\/index.php\/2020\/04\/02\/le-stress-mecanisme-equation-protection\/\">niveau de stress<\/a>. Car si pour un esprit sain, certaines r\u00e9flexions semblent ais\u00e9es, lorsqu\u2019on est soumis depuis un certain temps \u00e0 un stress chronique, nous perdons en capacit\u00e9 de clairvoyance. Vanessa n\u2019est pour le moment pas en \u00e9tat de r\u00e9aliser un travail de fond et revoir certains de ses sch\u00e9mas. Elle doit d\u00e9j\u00e0 \u00e9vacuer du stress et trouver des moyens de se ressourcer.<\/p>\n<p style=\"text-align: justify;\">Ensuite, Vanessa a pu mieux comprendre les strat\u00e9gies qu\u2019elle mettait en place et les r\u00e9sultats qu\u2019elle obtenait. Et comme le disait si bien Einstein\u00a0:<\/p>\n<blockquote>\n<p style=\"text-align: justify;\"><em>\u00ab La folie, c&rsquo;est de faire toujours la m\u00eame chose et de s&rsquo;attendre \u00e0 un r\u00e9sultat diff\u00e9rent \u00bb<\/em><\/p>\n<\/blockquote>\n<p style=\"text-align: justify;\">Alors, on envisage de nouvelles strat\u00e9gies. Avec les avantages et les inconv\u00e9nients. Les gains et les risques pour elle.<\/p>\n<p>[\/et_pb_text][et_pb_text _builder_version=\u00a0\u00bb4.20.2&Prime; _module_preset=\u00a0\u00bbdefault\u00a0\u00bb global_colors_info=\u00a0\u00bb{}\u00a0\u00bb]<\/p>\n<p style=\"text-align: justify;\">On travaille notamment autour des <a href=\"https:\/\/eclorescence.fr\/index.php\/2019\/11\/21\/tu-nes-pas-seul-dans-ta-tete-et-cest-une-bonne-chose\/\">diff\u00e9rents \u00e9tats du moi<\/a> de l\u2019analyse transactionnelle. Vanessa ne connaissait pratiquement que son enfant adapt\u00e9 soumis et le parent normatif.\u00a0<strong>Elle part alors \u00e0 la rencontre d\u2019autres \u00e9tats du moi qui peuvent lui \u00eatre particuli\u00e8rement aidant\u00a0:<\/strong><\/p>\n<ul>\n<li style=\"text-align: justify;\">Le parent bienveillant pour se donner soi-m\u00eame le r\u00e9confort, l\u2019amour, la s\u00e9curit\u00e9 et la reconnaissance dont elle a besoin ;<\/li>\n<li style=\"text-align: justify;\">L\u2019enfant rebelle pour s\u2019opposer aux figures d\u2019autorit\u00e9, imaginer d\u2019autres comportements que ceux consistant \u00e0 cocher sagement toutes les cases ;<\/li>\n<li style=\"text-align: justify;\">L\u2019<a href=\"https:\/\/eclorescence.fr\/index.php\/2020\/07\/09\/de-couvrez-votre-enfant-libre\/\">enfant libre<\/a> pour \u00e9couter ses envies, ses besoins, ses r\u00eaves les plus fous. Retrouver ainsi de l\u2019\u00e9nergie, de la spontan\u00e9it\u00e9, de l\u2019ancrage dans l\u2019instant pr\u00e9sent, de la joie de vivre ;<\/li>\n<li style=\"text-align: justify;\">L\u2019adulte pour prendre une d\u00e9cision compte tenu de ce que tous les \u00e9tats du moi (parent normatif et enfant adapt\u00e9 soumis compris) auront pu exprimer.<\/li>\n<\/ul>\n<p>[\/et_pb_text][et_pb_text _builder_version=\u00a0\u00bb4.20.2&Prime; _module_preset=\u00a0\u00bbdefault\u00a0\u00bb global_colors_info=\u00a0\u00bb{}\u00a0\u00bb]<\/p>\n<p style=\"text-align: justify;\">Petit \u00e0 petit, Vanessa apprend \u00e0<a href=\"https:\/\/eclorescence.fr\/index.php\/2023\/03\/15\/a-quoi-ca-sert-de-mieux-se-connaitre\/\"> mieux se connaitre<\/a>. Elle ose davantage s\u2019\u00e9couter. <a href=\"https:\/\/eclorescence.fr\/index.php\/2022\/09\/01\/quand-on-ne-sait-pas-dire-non\/\">Dire non<\/a>. Demander quand elle a besoin d\u2019aide. Se f\u00e9liciter elle-m\u00eame. Elle gagne en confiance et en <a href=\"https:\/\/eclorescence.fr\/index.php\/2021\/09\/08\/mesestime-de-soi\/\">estime de soi<\/a>. Son regard sur elle-m\u00eame change et prend de plus en plus d\u2019importance. Et parall\u00e8lement, son regard sur les autres change et perd de son importance. Bien s\u00fbr, elle ne s\u2019en fout pas des autres. Vanessa a de la marge avant d\u2019\u00eatre \u00e9go\u00efste (mais c\u2019\u00e9tait quand m\u00eame une de ces craintes quand on a commenc\u00e9 le travail\u2026). <strong>Elle sait d\u00e9sormais que ce qui compte avant tout c\u2019est le respect qu\u2019elle s\u2019accorde \u00e0 elle-m\u00eame. C\u2019est ainsi qu\u2019elle obtient le respect des autres, ce qui est encore mieux qu&rsquo;une bonne note \ud83d\ude09<\/strong> Enfin, elle a <a href=\"https:\/\/eclorescence.fr\/index.php\/2020\/06\/04\/quelles-limites-vous-posez-vous\/\">repositionn\u00e9 les limites<\/a> qu\u2019elle se mettait \u00e0 elle-m\u00eame et celles qu\u2019elles mettaient aux autres.<\/p>\n<blockquote>\n<p style=\"text-align: justify;\"><em>\u00ab j\u2019ai toujours fait comme on m\u2019a dit de faire. J\u2019ai cru que c\u2019est comme \u00e7a qu\u2019on r\u00e9ussissait sa vie, comme cela m\u2019avait permis de r\u00e9ussir pendant mes \u00e9tudes. Sauf qu\u2019aujourd\u2019hui je comprends qu\u2019il n\u2019y a pas d\u2019examens finaux pour valider que je suis une bonne m\u00e8re, un bon manager, une bonne \u00e9pouse etc\u2026 C&rsquo;est un contr\u00f4le continu fait inexorablement de hauts et de bas. Ce qui compte en r\u00e9alit\u00e9 pour moi, ce n\u2019est pas d\u2019obtenir des bonnes notes, mais d\u2019\u00eatre heureuse, et \u00e7a, il n\u2019y a que moi qui connait ma <a href=\"https:\/\/eclorescence.fr\/index.php\/2024\/06\/25\/il-est-ou-le-bonheur-il-est-ou\/\">recette du bonheur<\/a> et qui est donc l\u00e9gitime pour m&rsquo;\u00e9valuer.\u00bb<\/em> Vanessa<\/p>\n<\/blockquote>\n<p style=\"text-align: justify;\">Voil\u00e0 une chose que l&rsquo;on n&rsquo;apprend pas \u00e0 l\u2019\u00e9cole \ud83d\ude09<\/p>\n<p style=\"text-align: justify;\">Marion<\/p>\n<p style=\"text-align: justify;\">\n<p>[\/et_pb_text][et_pb_button button_url=\u00a0\u00bbhttps:\/\/eclorescence.fr\/index.php\/contact\/\u00a0\u00bb button_text=\u00a0\u00bbME CONTACTER\u00a0\u00bb button_alignment=\u00a0\u00bbcenter\u00a0\u00bb _builder_version=\u00a0\u00bb4.27.4&Prime; _module_preset=\u00a0\u00bbccf1d899-4e22-4506-8a07-990957ad9684&Prime; global_colors_info=\u00a0\u00bb{}\u00a0\u00bb theme_builder_area=\u00a0\u00bbpost_content\u00a0\u00bb][\/et_pb_button][\/et_pb_column][\/et_pb_row][et_pb_row _builder_version=\u00a0\u00bb4.16&Prime; _module_preset=\u00a0\u00bbdefault\u00a0\u00bb global_colors_info=\u00a0\u00bb{}\u00a0\u00bb][et_pb_column type=\u00a0\u00bb4_4&Prime; _builder_version=\u00a0\u00bb4.16&Prime; _module_preset=\u00a0\u00bbdefault\u00a0\u00bb global_colors_info=\u00a0\u00bb{}\u00a0\u00bb][et_pb_post_nav _builder_version=\u00a0\u00bb4.16&Prime; _module_preset=\u00a0\u00bbdefault\u00a0\u00bb global_colors_info=\u00a0\u00bb{}\u00a0\u00bb][\/et_pb_post_nav][\/et_pb_column][\/et_pb_row][\/et_pb_section]<\/p>\n","protected":false},"excerpt":{"rendered":"<p>Vanessa a 34ans. Elle vient me voir parce qu\u2019elle dit qu\u2019elle est en train de perdre pieds. Charge mentale au taquet. Stress \u00e0 un niveau particuli\u00e8rement \u00e9lev\u00e9. <\/p>\n","protected":false},"author":1,"featured_media":4426,"comment_status":"closed","ping_status":"closed","sticky":false,"template":"","format":"gallery","meta":{"_et_pb_use_builder":"on","_et_pb_old_content":"","_et_gb_content_width":""},"categories":[30,17,34],"tags":[],"yoast_head":"<!-- This site is optimized with the Yoast SEO plugin v18.4.1 - https:\/\/yoast.com\/wordpress\/plugins\/seo\/ -->\n<title>Itin\u00e9raire d&#039;un adulte &quot;trop bon \u00e9l\u00e8ve&quot;<\/title>\n<meta name=\"description\" content=\"Que devient le bon \u00e9l\u00e8ve quand il arrive dans le monde de l&#039;entreprise o\u00f9 les r\u00e8gles sont parfois diff\u00e9rentes ?\" \/>\n<meta name=\"robots\" content=\"index, follow, max-snippet:-1, max-image-preview:large, max-video-preview:-1\" \/>\n<link rel=\"canonical\" href=\"https:\/\/eclorescence.fr\/index.php\/2021\/11\/10\/itineraire-dun-adulte-trop-bon-eleve\/\" \/>\n<meta property=\"og:locale\" content=\"fr_FR\" \/>\n<meta property=\"og:type\" content=\"article\" \/>\n<meta property=\"og:title\" content=\"Itin\u00e9raire d&#039;un adulte &quot;trop bon \u00e9l\u00e8ve&quot;\" \/>\n<meta property=\"og:description\" content=\"Que devient le bon \u00e9l\u00e8ve quand il arrive dans le monde de l&#039;entreprise o\u00f9 les r\u00e8gles sont parfois diff\u00e9rentes ?\" \/>\n<meta property=\"og:url\" content=\"https:\/\/eclorescence.fr\/index.php\/2021\/11\/10\/itineraire-dun-adulte-trop-bon-eleve\/\" \/>\n<meta property=\"og:site_name\" content=\"Eclorescence\" \/>\n<meta property=\"article:publisher\" content=\"https:\/\/www.facebook.com\/Eclorescence\" \/>\n<meta property=\"article:published_time\" content=\"2021-11-10T06:20:47+00:00\" \/>\n<meta property=\"article:modified_time\" content=\"2025-04-24T14:13:41+00:00\" \/>\n<meta property=\"og:image\" content=\"https:\/\/eclorescence.fr\/wp-content\/uploads\/2021\/10\/pexels-anastasia-shuraeva-8466776-scaled.jpg\" \/>\n\t<meta property=\"og:image:width\" content=\"2560\" \/>\n\t<meta property=\"og:image:height\" content=\"1709\" \/>\n\t<meta property=\"og:image:type\" content=\"image\/jpeg\" \/>\n<meta name=\"twitter:card\" content=\"summary_large_image\" \/>\n<meta name=\"twitter:label1\" content=\"\u00c9crit par\" \/>\n\t<meta name=\"twitter:data1\" content=\"Marion\" \/>\n\t<meta name=\"twitter:label2\" content=\"Dur\u00e9e de lecture estim\u00e9e\" \/>\n\t<meta name=\"twitter:data2\" content=\"12 minutes\" \/>\n<script type=\"application\/ld+json\" class=\"yoast-schema-graph\">{\"@context\":\"https:\/\/schema.org\",\"@graph\":[{\"@type\":\"Organization\",\"@id\":\"https:\/\/eclorescence.fr\/#organization\",\"name\":\"Eclorescence\",\"url\":\"https:\/\/eclorescence.fr\/\",\"sameAs\":[\"https:\/\/www.facebook.com\/Eclorescence\",\"https:\/\/www.instagram.com\/marion_oudot__eclorescence\/\",\"https:\/\/www.linkedin.com\/company\/eclorescence\/\"],\"logo\":{\"@type\":\"ImageObject\",\"@id\":\"https:\/\/eclorescence.fr\/#logo\",\"inLanguage\":\"fr-FR\",\"url\":\"https:\/\/eclorescence.fr\/wp-content\/uploads\/2020\/09\/Copie-de-LOGO-ECLORESCENCE.png\",\"contentUrl\":\"https:\/\/eclorescence.fr\/wp-content\/uploads\/2020\/09\/Copie-de-LOGO-ECLORESCENCE.png\",\"width\":500,\"height\":500,\"caption\":\"Eclorescence\"},\"image\":{\"@id\":\"https:\/\/eclorescence.fr\/#logo\"}},{\"@type\":\"WebSite\",\"@id\":\"https:\/\/eclorescence.fr\/#website\",\"url\":\"https:\/\/eclorescence.fr\/\",\"name\":\"Eclorescence\",\"description\":\"Faire \u00e9clore les ressources de chacun.e\",\"publisher\":{\"@id\":\"https:\/\/eclorescence.fr\/#organization\"},\"potentialAction\":[{\"@type\":\"SearchAction\",\"target\":{\"@type\":\"EntryPoint\",\"urlTemplate\":\"https:\/\/eclorescence.fr\/?s={search_term_string}\"},\"query-input\":\"required name=search_term_string\"}],\"inLanguage\":\"fr-FR\"},{\"@type\":\"ImageObject\",\"@id\":\"https:\/\/eclorescence.fr\/index.php\/2021\/11\/10\/itineraire-dun-adulte-trop-bon-eleve\/#primaryimage\",\"inLanguage\":\"fr-FR\",\"url\":\"https:\/\/eclorescence.fr\/wp-content\/uploads\/2021\/10\/pexels-anastasia-shuraeva-8466776-scaled.jpg\",\"contentUrl\":\"https:\/\/eclorescence.fr\/wp-content\/uploads\/2021\/10\/pexels-anastasia-shuraeva-8466776-scaled.jpg\",\"width\":2560,\"height\":1709,\"caption\":\"petite fille levant la main dans sa classe\"},{\"@type\":\"WebPage\",\"@id\":\"https:\/\/eclorescence.fr\/index.php\/2021\/11\/10\/itineraire-dun-adulte-trop-bon-eleve\/#webpage\",\"url\":\"https:\/\/eclorescence.fr\/index.php\/2021\/11\/10\/itineraire-dun-adulte-trop-bon-eleve\/\",\"name\":\"Itin\u00e9raire d'un adulte \\\"trop bon \u00e9l\u00e8ve\\\"\",\"isPartOf\":{\"@id\":\"https:\/\/eclorescence.fr\/#website\"},\"primaryImageOfPage\":{\"@id\":\"https:\/\/eclorescence.fr\/index.php\/2021\/11\/10\/itineraire-dun-adulte-trop-bon-eleve\/#primaryimage\"},\"datePublished\":\"2021-11-10T06:20:47+00:00\",\"dateModified\":\"2025-04-24T14:13:41+00:00\",\"description\":\"Que devient le bon \u00e9l\u00e8ve quand il arrive dans le monde de l'entreprise o\u00f9 les r\u00e8gles sont parfois diff\u00e9rentes ?\",\"breadcrumb\":{\"@id\":\"https:\/\/eclorescence.fr\/index.php\/2021\/11\/10\/itineraire-dun-adulte-trop-bon-eleve\/#breadcrumb\"},\"inLanguage\":\"fr-FR\",\"potentialAction\":[{\"@type\":\"ReadAction\",\"target\":[\"https:\/\/eclorescence.fr\/index.php\/2021\/11\/10\/itineraire-dun-adulte-trop-bon-eleve\/\"]}]},{\"@type\":\"BreadcrumbList\",\"@id\":\"https:\/\/eclorescence.fr\/index.php\/2021\/11\/10\/itineraire-dun-adulte-trop-bon-eleve\/#breadcrumb\",\"itemListElement\":[{\"@type\":\"ListItem\",\"position\":1,\"name\":\"Accueil\",\"item\":\"https:\/\/eclorescence.fr\/\"},{\"@type\":\"ListItem\",\"position\":2,\"name\":\"Itin\u00e9raire d&rsquo;un adulte \u00ab\u00a0trop bon \u00e9l\u00e8ve\u00a0\u00bb\"}]},{\"@type\":\"Article\",\"@id\":\"https:\/\/eclorescence.fr\/index.php\/2021\/11\/10\/itineraire-dun-adulte-trop-bon-eleve\/#article\",\"isPartOf\":{\"@id\":\"https:\/\/eclorescence.fr\/index.php\/2021\/11\/10\/itineraire-dun-adulte-trop-bon-eleve\/#webpage\"},\"author\":{\"@id\":\"https:\/\/eclorescence.fr\/#\/schema\/person\/3a80c733b4795ddddb911a3924add89c\"},\"headline\":\"Itin\u00e9raire d&rsquo;un adulte \u00ab\u00a0trop bon \u00e9l\u00e8ve\u00a0\u00bb\",\"datePublished\":\"2021-11-10T06:20:47+00:00\",\"dateModified\":\"2025-04-24T14:13:41+00:00\",\"mainEntityOfPage\":{\"@id\":\"https:\/\/eclorescence.fr\/index.php\/2021\/11\/10\/itineraire-dun-adulte-trop-bon-eleve\/#webpage\"},\"wordCount\":3115,\"publisher\":{\"@id\":\"https:\/\/eclorescence.fr\/#organization\"},\"image\":{\"@id\":\"https:\/\/eclorescence.fr\/index.php\/2021\/11\/10\/itineraire-dun-adulte-trop-bon-eleve\/#primaryimage\"},\"thumbnailUrl\":\"https:\/\/eclorescence.fr\/wp-content\/uploads\/2021\/10\/pexels-anastasia-shuraeva-8466776-scaled.jpg\",\"articleSection\":[\"Confiance en soi\",\"Epanouissement au travail\",\"Relations interpersonnelles\"],\"inLanguage\":\"fr-FR\"},{\"@type\":\"Person\",\"@id\":\"https:\/\/eclorescence.fr\/#\/schema\/person\/3a80c733b4795ddddb911a3924add89c\",\"name\":\"Marion\",\"image\":{\"@type\":\"ImageObject\",\"@id\":\"https:\/\/eclorescence.fr\/#personlogo\",\"inLanguage\":\"fr-FR\",\"url\":\"https:\/\/secure.gravatar.com\/avatar\/7e5438cabfdaac63e418268991ba5602?s=96&d=mm&r=g\",\"contentUrl\":\"https:\/\/secure.gravatar.com\/avatar\/7e5438cabfdaac63e418268991ba5602?s=96&d=mm&r=g\",\"caption\":\"Marion\"}}]}<\/script>\n<!-- \/ Yoast SEO plugin. -->","yoast_head_json":{"title":"Itin\u00e9raire d'un adulte \"trop bon \u00e9l\u00e8ve\"","description":"Que devient le bon \u00e9l\u00e8ve quand il arrive dans le monde de l'entreprise o\u00f9 les r\u00e8gles sont parfois diff\u00e9rentes ?","robots":{"index":"index","follow":"follow","max-snippet":"max-snippet:-1","max-image-preview":"max-image-preview:large","max-video-preview":"max-video-preview:-1"},"canonical":"https:\/\/eclorescence.fr\/index.php\/2021\/11\/10\/itineraire-dun-adulte-trop-bon-eleve\/","og_locale":"fr_FR","og_type":"article","og_title":"Itin\u00e9raire d'un adulte \"trop bon \u00e9l\u00e8ve\"","og_description":"Que devient le bon \u00e9l\u00e8ve quand il arrive dans le monde de l'entreprise o\u00f9 les r\u00e8gles sont parfois diff\u00e9rentes ?","og_url":"https:\/\/eclorescence.fr\/index.php\/2021\/11\/10\/itineraire-dun-adulte-trop-bon-eleve\/","og_site_name":"Eclorescence","article_publisher":"https:\/\/www.facebook.com\/Eclorescence","article_published_time":"2021-11-10T06:20:47+00:00","article_modified_time":"2025-04-24T14:13:41+00:00","og_image":[{"width":2560,"height":1709,"url":"https:\/\/eclorescence.fr\/wp-content\/uploads\/2021\/10\/pexels-anastasia-shuraeva-8466776-scaled.jpg","type":"image\/jpeg"}],"twitter_card":"summary_large_image","twitter_misc":{"\u00c9crit par":"Marion","Dur\u00e9e de lecture estim\u00e9e":"12 minutes"},"schema":{"@context":"https:\/\/schema.org","@graph":[{"@type":"Organization","@id":"https:\/\/eclorescence.fr\/#organization","name":"Eclorescence","url":"https:\/\/eclorescence.fr\/","sameAs":["https:\/\/www.facebook.com\/Eclorescence","https:\/\/www.instagram.com\/marion_oudot__eclorescence\/","https:\/\/www.linkedin.com\/company\/eclorescence\/"],"logo":{"@type":"ImageObject","@id":"https:\/\/eclorescence.fr\/#logo","inLanguage":"fr-FR","url":"https:\/\/eclorescence.fr\/wp-content\/uploads\/2020\/09\/Copie-de-LOGO-ECLORESCENCE.png","contentUrl":"https:\/\/eclorescence.fr\/wp-content\/uploads\/2020\/09\/Copie-de-LOGO-ECLORESCENCE.png","width":500,"height":500,"caption":"Eclorescence"},"image":{"@id":"https:\/\/eclorescence.fr\/#logo"}},{"@type":"WebSite","@id":"https:\/\/eclorescence.fr\/#website","url":"https:\/\/eclorescence.fr\/","name":"Eclorescence","description":"Faire \u00e9clore les ressources de chacun.e","publisher":{"@id":"https:\/\/eclorescence.fr\/#organization"},"potentialAction":[{"@type":"SearchAction","target":{"@type":"EntryPoint","urlTemplate":"https:\/\/eclorescence.fr\/?s={search_term_string}"},"query-input":"required name=search_term_string"}],"inLanguage":"fr-FR"},{"@type":"ImageObject","@id":"https:\/\/eclorescence.fr\/index.php\/2021\/11\/10\/itineraire-dun-adulte-trop-bon-eleve\/#primaryimage","inLanguage":"fr-FR","url":"https:\/\/eclorescence.fr\/wp-content\/uploads\/2021\/10\/pexels-anastasia-shuraeva-8466776-scaled.jpg","contentUrl":"https:\/\/eclorescence.fr\/wp-content\/uploads\/2021\/10\/pexels-anastasia-shuraeva-8466776-scaled.jpg","width":2560,"height":1709,"caption":"petite fille levant la main dans sa classe"},{"@type":"WebPage","@id":"https:\/\/eclorescence.fr\/index.php\/2021\/11\/10\/itineraire-dun-adulte-trop-bon-eleve\/#webpage","url":"https:\/\/eclorescence.fr\/index.php\/2021\/11\/10\/itineraire-dun-adulte-trop-bon-eleve\/","name":"Itin\u00e9raire d'un adulte \"trop bon \u00e9l\u00e8ve\"","isPartOf":{"@id":"https:\/\/eclorescence.fr\/#website"},"primaryImageOfPage":{"@id":"https:\/\/eclorescence.fr\/index.php\/2021\/11\/10\/itineraire-dun-adulte-trop-bon-eleve\/#primaryimage"},"datePublished":"2021-11-10T06:20:47+00:00","dateModified":"2025-04-24T14:13:41+00:00","description":"Que devient le bon \u00e9l\u00e8ve quand il arrive dans le monde de l'entreprise o\u00f9 les r\u00e8gles sont parfois diff\u00e9rentes ?","breadcrumb":{"@id":"https:\/\/eclorescence.fr\/index.php\/2021\/11\/10\/itineraire-dun-adulte-trop-bon-eleve\/#breadcrumb"},"inLanguage":"fr-FR","potentialAction":[{"@type":"ReadAction","target":["https:\/\/eclorescence.fr\/index.php\/2021\/11\/10\/itineraire-dun-adulte-trop-bon-eleve\/"]}]},{"@type":"BreadcrumbList","@id":"https:\/\/eclorescence.fr\/index.php\/2021\/11\/10\/itineraire-dun-adulte-trop-bon-eleve\/#breadcrumb","itemListElement":[{"@type":"ListItem","position":1,"name":"Accueil","item":"https:\/\/eclorescence.fr\/"},{"@type":"ListItem","position":2,"name":"Itin\u00e9raire d&rsquo;un adulte \u00ab\u00a0trop bon \u00e9l\u00e8ve\u00a0\u00bb"}]},{"@type":"Article","@id":"https:\/\/eclorescence.fr\/index.php\/2021\/11\/10\/itineraire-dun-adulte-trop-bon-eleve\/#article","isPartOf":{"@id":"https:\/\/eclorescence.fr\/index.php\/2021\/11\/10\/itineraire-dun-adulte-trop-bon-eleve\/#webpage"},"author":{"@id":"https:\/\/eclorescence.fr\/#\/schema\/person\/3a80c733b4795ddddb911a3924add89c"},"headline":"Itin\u00e9raire d&rsquo;un adulte \u00ab\u00a0trop bon \u00e9l\u00e8ve\u00a0\u00bb","datePublished":"2021-11-10T06:20:47+00:00","dateModified":"2025-04-24T14:13:41+00:00","mainEntityOfPage":{"@id":"https:\/\/eclorescence.fr\/index.php\/2021\/11\/10\/itineraire-dun-adulte-trop-bon-eleve\/#webpage"},"wordCount":3115,"publisher":{"@id":"https:\/\/eclorescence.fr\/#organization"},"image":{"@id":"https:\/\/eclorescence.fr\/index.php\/2021\/11\/10\/itineraire-dun-adulte-trop-bon-eleve\/#primaryimage"},"thumbnailUrl":"https:\/\/eclorescence.fr\/wp-content\/uploads\/2021\/10\/pexels-anastasia-shuraeva-8466776-scaled.jpg","articleSection":["Confiance en soi","Epanouissement au travail","Relations interpersonnelles"],"inLanguage":"fr-FR"},{"@type":"Person","@id":"https:\/\/eclorescence.fr\/#\/schema\/person\/3a80c733b4795ddddb911a3924add89c","name":"Marion","image":{"@type":"ImageObject","@id":"https:\/\/eclorescence.fr\/#personlogo","inLanguage":"fr-FR","url":"https:\/\/secure.gravatar.com\/avatar\/7e5438cabfdaac63e418268991ba5602?s=96&d=mm&r=g","contentUrl":"https:\/\/secure.gravatar.com\/avatar\/7e5438cabfdaac63e418268991ba5602?s=96&d=mm&r=g","caption":"Marion"}}]}},"_links":{"self":[{"href":"https:\/\/eclorescence.fr\/index.php\/wp-json\/wp\/v2\/posts\/4425"}],"collection":[{"href":"https:\/\/eclorescence.fr\/index.php\/wp-json\/wp\/v2\/posts"}],"about":[{"href":"https:\/\/eclorescence.fr\/index.php\/wp-json\/wp\/v2\/types\/post"}],"author":[{"embeddable":true,"href":"https:\/\/eclorescence.fr\/index.php\/wp-json\/wp\/v2\/users\/1"}],"replies":[{"embeddable":true,"href":"https:\/\/eclorescence.fr\/index.php\/wp-json\/wp\/v2\/comments?post=4425"}],"version-history":[{"count":37,"href":"https:\/\/eclorescence.fr\/index.php\/wp-json\/wp\/v2\/posts\/4425\/revisions"}],"predecessor-version":[{"id":7429,"href":"https:\/\/eclorescence.fr\/index.php\/wp-json\/wp\/v2\/posts\/4425\/revisions\/7429"}],"wp:featuredmedia":[{"embeddable":true,"href":"https:\/\/eclorescence.fr\/index.php\/wp-json\/wp\/v2\/media\/4426"}],"wp:attachment":[{"href":"https:\/\/eclorescence.fr\/index.php\/wp-json\/wp\/v2\/media?parent=4425"}],"wp:term":[{"taxonomy":"category","embeddable":true,"href":"https:\/\/eclorescence.fr\/index.php\/wp-json\/wp\/v2\/categories?post=4425"},{"taxonomy":"post_tag","embeddable":true,"href":"https:\/\/eclorescence.fr\/index.php\/wp-json\/wp\/v2\/tags?post=4425"}],"curies":[{"name":"wp","href":"https:\/\/api.w.org\/{rel}","templated":true}]}}