{"id":4672,"date":"2022-01-11T09:28:49","date_gmt":"2022-01-11T08:28:49","guid":{"rendered":"https:\/\/eclorescence.fr\/?p=4672"},"modified":"2025-04-16T10:37:52","modified_gmt":"2025-04-16T08:37:52","slug":"le-besoin-de-reconnaissance","status":"publish","type":"post","link":"https:\/\/eclorescence.fr\/index.php\/2022\/01\/11\/le-besoin-de-reconnaissance\/","title":{"rendered":"Le besoin de reconnaissance"},"content":{"rendered":"<p>[et_pb_section fb_built=\u00a0\u00bb1&Prime; admin_label=\u00a0\u00bbBlog Section\u00a0\u00bb _builder_version=\u00a0\u00bb4.16&Prime; custom_padding=\u00a0\u00bb20px||11px|||\u00a0\u00bb global_colors_info=\u00a0\u00bb{}\u00a0\u00bb][et_pb_row _builder_version=\u00a0\u00bb4.16&Prime; global_colors_info=\u00a0\u00bb{}\u00a0\u00bb][et_pb_column type=\u00a0\u00bb4_4&Prime; _builder_version=\u00a0\u00bb4.16&Prime; custom_padding=\u00a0\u00bb|||\u00a0\u00bb global_colors_info=\u00a0\u00bb{}\u00a0\u00bb custom_padding__hover=\u00a0\u00bb|||\u00a0\u00bb][et_pb_text _builder_version=\u00a0\u00bb4.16&Prime; _module_preset=\u00a0\u00bbdefault\u00a0\u00bb global_colors_info=\u00a0\u00bb{}\u00a0\u00bb]<\/p>\n<p style=\"text-align: justify;\">Il arrive presque toujours un moment dans mes accompagnements o\u00f9 on me confie presque honteusement avoir \u00e9norm\u00e9ment besoin de reconnaissance. Quand je demande ce sur quoi la personne se base pour \u00e9valuer un besoin qui serait plus \u00e9lev\u00e9 que les autres, on m&rsquo;exprime en g\u00e9n\u00e9ral que c&rsquo;est quelque chose qui lui a d\u00e9j\u00e0 \u00e9t\u00e9 reproch\u00e9 et\/ou qu&rsquo;on se rend bien compte qu&rsquo;on court d\u00e9sesp\u00e9r\u00e9ment apr\u00e8s un besoin de reconnaissance qu&rsquo;on ne parvient jamais vraiment \u00e0 satisfaire.<\/p>\n<p style=\"text-align: justify;\">\n<p style=\"text-align: justify;\">Si vous vous reconnaissez dans cette description, je vous invite d&rsquo;abord \u00e0 stopper ce sentiment de honte et de culpabilit\u00e9. Relevez la t\u00eate et les \u00e9paules ; Avoir besoin de reconnaissance est tout \u00e0 fait normal ! Et je parierai m\u00eame que <strong>votre besoin n\u2019est ni exceptionnel, ni d\u00e9mesur\u00e9. Il est sans doute globalement le m\u00eame que tout le monde. La question est surtout de savoir comment vous faites pour satisfaire ce besoin.<\/strong><\/p>\n<p style=\"text-align: justify;\">C\u2019est comme si vous me disiez avoir besoin de manger beaucoup plus que les autres. N\u2019importe quel m\u00e9decin ne vous prescrirait pas plus de nourriture. Il analyserait certes peut-\u00eatre la quantit\u00e9, mais aussi et surtout la qualit\u00e9 des aliments et la fa\u00e7on dont vous les ing\u00e9rez.<\/p>\n<p style=\"text-align: justify;\"><strong>Comme le sentiment de sati\u00e9t\u00e9 ne s\u2019instaure pas lorsqu\u2019on mange trop vite et sans pr\u00eater attention \u00e0 ce qu\u2019on mange, et bien, le niveau de sati\u00e9t\u00e9 de reconnaissance n\u00e9cessite \u00e9galement quelques bons r\u00e9flexes\u2026<\/strong><\/p>\n<p>[\/et_pb_text][et_pb_text _builder_version=\u00a0\u00bb4.16&Prime; global_colors_info=\u00a0\u00bb{}\u00a0\u00bb]<\/p>\n<h4 style=\"text-align: justify;\"><strong>L&rsquo;origine de ce besoin universel<\/strong><\/h4>\n<p style=\"text-align: justify;\">Mais commen\u00e7ons par le d\u00e9but. Pourquoi avons-nous besoin de reconnaissance\u00a0?<\/p>\n<p style=\"text-align: justify;\"><strong>Exister aux yeux des autres, c\u2019est pouvoir (sur)vivre.<\/strong> Cette \u00e9quation entre la reconnaissance et la vie, nous l\u2019\u00e9prouvons d\u00e8s notre arriv\u00e9e en ce monde. Contrairement \u00e0 d\u2019autres esp\u00e8ces, l\u2019\u00eatre humain nait sans \u00eatre autonome. Il a besoin qu\u2019on prenne soin de lui, qu\u2019on le nourrisse. Il est donc totalement d\u00e9pendant des autres pendant ses premi\u00e8res ann\u00e9es. L\u2019angoisse de se retrouver seul est d\u2019abord et avant tout une angoisse de la mort. Cela est visc\u00e9ralement inscrit en nous.<\/p>\n<p style=\"text-align: justify;\">Pour combler nos besoins et survivre, nous avons donc besoin des autres. Et cela ne concerne pas que les enfants en bas \u00e2ge. Il y a quelques si\u00e8cles, lorsque nous vivions dans des milieux beaucoup plus hostiles, laisser \u00e9galement un adulte seul, c\u2019\u00e9tait le condamner. Et aujourd\u2019hui, on sait aussi \u00e0 quel point la solitude peut \u00eatre dangereuse.<\/p>\n<p>[\/et_pb_text][\/et_pb_column][\/et_pb_row][et_pb_row column_structure=\u00a0\u00bb3_5,2_5&Prime; _builder_version=\u00a0\u00bb4.16&Prime; _module_preset=\u00a0\u00bbdefault\u00a0\u00bb global_colors_info=\u00a0\u00bb{}\u00a0\u00bb][et_pb_column type=\u00a0\u00bb3_5&Prime; _builder_version=\u00a0\u00bb4.16&Prime; _module_preset=\u00a0\u00bbdefault\u00a0\u00bb global_colors_info=\u00a0\u00bb{}\u00a0\u00bb][et_pb_text _builder_version=\u00a0\u00bb4.20.2&Prime; _module_preset=\u00a0\u00bbdefault\u00a0\u00bb global_colors_info=\u00a0\u00bb{}\u00a0\u00bb]<\/p>\n<p style=\"text-align: justify;\">Ignorer quelqu\u2019un, le mettre en quarantaine, c\u2019est l\u2019une des pires punitions que l\u2019on puisse donner. D\u2019ailleurs,<strong> selon l\u2019analyse transactionnelle, l\u2019\u00eatre humain pr\u00e9f\u00e8re encore avoir des signes de reconnaissance n\u00e9gatifs (appel\u00e9s <a href=\"https:\/\/eclorescence.fr\/index.php\/2019\/08\/18\/comment-structurez-vous-votre-temps\/\">Strokes<\/a> en AT), plut\u00f4t que rien du tout.<\/strong> C\u2019est pour cela par exemple, qu\u2019un enfant qui se sent n\u00e9glig\u00e9, pr\u00e9f\u00e8re encore faire une b\u00eatise et se faire disputer, plut\u00f4t qu\u2019avoir l\u2019impression d\u2019\u00eatre invisible aux yeux des autres. Mais il n\u2019y a pas que l\u2019enfant qui fait cela. On retrouve parfaitement cette m\u00e9canique chez les adultes. Prenons l&rsquo;exemple d&rsquo;un couple : pour ne plus avoir ce d\u00e9sagr\u00e9able sentiment de devenir transparent aux yeux de la personne qu\u2019on aime, on pr\u00e9f\u00e8re chercher la dispute. \u00c7a nous remet en relation avec l\u2019autre, \u00e7a nous rassure sur le fait que nous sommes dignes d\u2019int\u00e9r\u00eat, et donc vivants.<\/p>\n<p>[\/et_pb_text][\/et_pb_column][et_pb_column type=\u00a0\u00bb2_5&Prime; _builder_version=\u00a0\u00bb4.16&Prime; _module_preset=\u00a0\u00bbdefault\u00a0\u00bb global_colors_info=\u00a0\u00bb{}\u00a0\u00bb][et_pb_image src=\u00a0\u00bbhttps:\/\/eclorescence.fr\/wp-content\/uploads\/2022\/01\/5f6331f4da03646aa39e23ee_1_RXohpED9O_eszwZ_Rfof3g.jpeg\u00a0\u00bb alt=\u00a0\u00bbpanneaux satisfait non satisfait\u00a0\u00bb title_text=\u00a0\u00bb5f6331f4da03646aa39e23ee_1_RXohpED9O_eszwZ_Rfof3g\u00a0\u00bb _builder_version=\u00a0\u00bb4.16&Prime; _module_preset=\u00a0\u00bbdefault\u00a0\u00bb global_colors_info=\u00a0\u00bb{}\u00a0\u00bb][\/et_pb_image][\/et_pb_column][\/et_pb_row][et_pb_row _builder_version=\u00a0\u00bb4.16&Prime; _module_preset=\u00a0\u00bbdefault\u00a0\u00bb global_colors_info=\u00a0\u00bb{}\u00a0\u00bb][et_pb_column type=\u00a0\u00bb4_4&Prime; _builder_version=\u00a0\u00bb4.16&Prime; _module_preset=\u00a0\u00bbdefault\u00a0\u00bb global_colors_info=\u00a0\u00bb{}\u00a0\u00bb][et_pb_text _builder_version=\u00a0\u00bb4.16&Prime; _module_preset=\u00a0\u00bbdefault\u00a0\u00bb global_colors_info=\u00a0\u00bb{}\u00a0\u00bb]<\/p>\n<p style=\"text-align: justify;\"><strong>Depuis notre plus jeune \u00e2ge, nous sommes donc d\u00e9pendants de la reconnaissance que nous offre l\u2019autre. On se construit ainsi, ce que la PNL appelle, un cadre de r\u00e9f\u00e9rence externe.<\/strong><\/p>\n<p style=\"text-align: justify;\">L\u2019autre me dit si je me comporte bien ou mal, si je m\u00e9rite ou non d\u2019obtenir ce que je souhaite etc\u2026 L\u2019autre \u00e9tant au d\u00e9part mes parents, puis progressivement le cercle s\u2019\u00e9largit \u00e0 la famille, aux amis, \u00e0 l\u2019\u00e9cole. Mais on grandit avec des signes de reconnaissance constants des autres allant du simple regard, sourire, c\u00e2lins, consid\u00e9rations, notes, f\u00e9licitations, punitions, r\u00e9probations\u2026<\/p>\n<p style=\"text-align: justify;\"><strong>Si on a la chance de recevoir de l\u2019externe, majoritairement, des signes de reconnaissance positifs, on construit une bonne <a href=\"https:\/\/eclorescence.fr\/index.php\/2021\/09\/08\/mesestime-de-soi\/\">estime de soi<\/a><\/strong><a href=\"https:\/\/eclorescence.fr\/index.php\/2021\/09\/08\/mesestime-de-soi\/\">.<\/a> \u00c0 l\u2019inverse, si on re\u00e7oit principalement des signes de reconnaissance n\u00e9gatifs (r\u00e9probations, oppositions, brimades, punitions\u2026 ), on risque de construire une mauvaise <a href=\"https:\/\/eclorescence.fr\/index.php\/2021\/09\/08\/mesestime-de-soi\/\">estime de soi<\/a><\/p>\n<p>[\/et_pb_text][et_pb_text _builder_version=\u00a0\u00bb4.16&Prime; _module_preset=\u00a0\u00bbdefault\u00a0\u00bb global_colors_info=\u00a0\u00bb{}\u00a0\u00bb]<\/p>\n<p style=\"text-align: justify;\"><strong>Mais le rapport n\u2019est pas de un pour un. Car nous sommes soumis \u00e0 des biais cognitifs,<\/strong> et notamment le biais de n\u00e9gativit\u00e9 qui nous pousse \u00e0 pr\u00eater plus d\u2019attention aux messages n\u00e9gatifs qu\u2019aux messages positifs. De plus, on peut \u00e9galement \u00eatre soumis au biais de confirmation qui consiste \u00e0 ne retenir que les informations qui viennent confirmer ce qu\u2019on pense. Donc si je me pense nulle, je vais moins pr\u00eater attention aux signes de reconnaissance positifs, qu\u2019aux signes confirmant la vision n\u00e9gative que j\u2019ai de moi.<\/p>\n<p>[\/et_pb_text][\/et_pb_column][\/et_pb_row][et_pb_row column_structure=\u00a0\u00bb1_2,1_2&Prime; _builder_version=\u00a0\u00bb4.16&Prime; _module_preset=\u00a0\u00bbdefault\u00a0\u00bb global_colors_info=\u00a0\u00bb{}\u00a0\u00bb][et_pb_column type=\u00a0\u00bb1_2&Prime; _builder_version=\u00a0\u00bb4.16&Prime; _module_preset=\u00a0\u00bbdefault\u00a0\u00bb global_colors_info=\u00a0\u00bb{}\u00a0\u00bb][et_pb_text _builder_version=\u00a0\u00bb4.16&Prime; _module_preset=\u00a0\u00bbdefault\u00a0\u00bb global_colors_info=\u00a0\u00bb{}\u00a0\u00bb]<\/p>\n<p style=\"text-align: justify;\">D\u2019apr\u00e8s le psychologue Losada,<strong> il faudrait 3 signes de reconnaissance positifs pour contrebalancer un seul signe de reconnaissance n\u00e9gatif.<\/strong> Le ratio serait m\u00eame de 5 pour 1 pour entretenir une relation de couple harmonieuse\u2026<\/p>\n<p>[\/et_pb_text][\/et_pb_column][et_pb_column type=\u00a0\u00bb1_2&Prime; _builder_version=\u00a0\u00bb4.16&Prime; _module_preset=\u00a0\u00bbdefault\u00a0\u00bb global_colors_info=\u00a0\u00bb{}\u00a0\u00bb][et_pb_image src=\u00a0\u00bbhttps:\/\/eclorescence.fr\/wp-content\/uploads\/2022\/01\/Ratio-de-Losada-300&#215;172-1.jpg\u00a0\u00bb alt=\u00a0\u00bbbalance \u00e9quilibre\u00a0\u00bb title_text=\u00a0\u00bbRatio-de-Losada-300&#215;172&Prime; _builder_version=\u00a0\u00bb4.16&Prime; _module_preset=\u00a0\u00bbdefault\u00a0\u00bb global_colors_info=\u00a0\u00bb{}\u00a0\u00bb][\/et_pb_image][\/et_pb_column][\/et_pb_row][et_pb_row _builder_version=\u00a0\u00bb4.16&Prime; _module_preset=\u00a0\u00bbdefault\u00a0\u00bb global_colors_info=\u00a0\u00bb{}\u00a0\u00bb][et_pb_column type=\u00a0\u00bb4_4&Prime; _builder_version=\u00a0\u00bb4.16&Prime; _module_preset=\u00a0\u00bbdefault\u00a0\u00bb global_colors_info=\u00a0\u00bb{}\u00a0\u00bb][et_pb_text _builder_version=\u00a0\u00bb4.16&Prime; _module_preset=\u00a0\u00bbdefault\u00a0\u00bb global_colors_info=\u00a0\u00bb{}\u00a0\u00bb]<\/p>\n<p style=\"text-align: justify;\">Le hic, c\u2019est qu\u2019<strong>on est assez avare de signes de reconnaissance positifs.<\/strong> On a tendance \u00e0 estimer que ce qui est bien est \u00ab normal \u00bb. Combien de fois peut-on entendre \u00e7a en entreprise ? On ne dit pas merci \u00e0 quelqu\u2019un qui fait juste son travail ! Et puis, on a aussi tendance \u00e0 avoir peur que l\u2019autre prenne la grosse t\u00eate, ou se mette \u00e0 revendiquer des choses en retour. Non non, ne donnons surtout pas trop de signes de reconnaissance positifs, on ne sait jamais\u2026 Ou alors, on l\u00e2che enfin un truc positif, mais tout de suite, on y accole un \u00ab mais \u00bb, comme \u00e7a, on est bien s\u00fbr que le signe de reconnaissance positif est tout de suite annul\u00e9 par tout ce qui va suivre\u2026 Et autant pr\u00e9ciser que la fameuse m\u00e9thode sandwich enseign\u00e9e en management (1 feedback positif, 1 axe de progr\u00e8s, 1 feedback positif) n\u2019est pas id\u00e9ale puisqu\u2019elle propose un ratio de 2 pour 1 et non du minimum de 3 pour 1 ;<\/p>\n<p>[\/et_pb_text][et_pb_text _builder_version=\u00a0\u00bb4.16&Prime; _module_preset=\u00a0\u00bbdefault\u00a0\u00bb global_colors_info=\u00a0\u00bb{}\u00a0\u00bb]<\/p>\n<p style=\"text-align: justify;\">Mais il n&rsquo;y a pas que dans le monde de l&rsquo;entreprise que nous sommes avares de signes de reconnaissance positifs. Dans nos vies personnelles,<strong> combien de fois omettons-nous de remercier les autres, de souligner ce qu&rsquo;ils ont fait, simplement parce que \u00e7a nous semble normal ?<\/strong> (comme un diner pr\u00e9par\u00e9, une pelouse tondue, un temps que l&rsquo;autre nous consacre&#8230;). <strong>Nous sommes aussi tr\u00e8s souvent <a href=\"https:\/\/eclorescence.fr\/index.php\/2023\/05\/01\/et-si-votre-vulnerabilite-etait-une-force\/\">pudiques quant \u00e0 nos sentiments<\/a>.<\/strong> Dire \u00e0 ceux qu&rsquo;on aime, qu&rsquo;on les aime, qu&rsquo;ils comptent pour nous, ce n&rsquo;est pas toujours facile. Pourtant, d&rsquo;une fa\u00e7on ou d&rsquo;une autre, c&rsquo;est bien \u00e7a qu&rsquo;on cherche aussi \u00e0 obtenir de leur part, non ?\u00a0<\/p>\n<p style=\"text-align: justify;\">Enfin, de fa\u00e7on plus intime, on est aussi tr\u00e8s avare de signes de reconnaissance positifs envers nous-m\u00eame. <strong>Dans nos dialogues internes, nous passons plus de temps \u00e0 nous juger de fa\u00e7on n\u00e9gative, qu\u2019\u00e0 nous f\u00e9liciter pour ce que nous avons fait. <\/strong>Et oui, on a beau entendre que nous sommes dans une soci\u00e9t\u00e9 o\u00f9 le narcissisme, l\u2019individualisme et l\u2019\u00e9gocentrisme sont rois, il n\u2019emp\u00eache que ce n\u2019est pas pour autant que les gens s\u2019aiment. Les gens passent plus de temps \u00e0 voir leurs d\u00e9fauts, ce qu\u2019ils pensent avoir mal fait ou dit, qu\u2019\u00e0 appr\u00e9cier leurs qualit\u00e9s et leurs r\u00e9alisations. <strong>Notre soci\u00e9t\u00e9 ne souffre pas de personnes trop s\u00fbres d\u2019elles, mais de personnes qui manquent totalement d\u2019amour d\u2019elles-m\u00eames et qui cherchent par tous les moyens \u00e0 combler alors \u00e0 l\u2019ext\u00e9rieur ce besoin de reconnaissance<\/strong>.<\/p>\n<p>[\/et_pb_text][\/et_pb_column][\/et_pb_row][et_pb_row column_structure=\u00a0\u00bb3_5,2_5&Prime; _builder_version=\u00a0\u00bb4.16&Prime; _module_preset=\u00a0\u00bbdefault\u00a0\u00bb global_colors_info=\u00a0\u00bb{}\u00a0\u00bb][et_pb_column type=\u00a0\u00bb3_5&Prime; _builder_version=\u00a0\u00bb4.16&Prime; _module_preset=\u00a0\u00bbdefault\u00a0\u00bb global_colors_info=\u00a0\u00bb{}\u00a0\u00bb][et_pb_text _builder_version=\u00a0\u00bb4.20.2&Prime; _module_preset=\u00a0\u00bbdefault\u00a0\u00bb global_colors_info=\u00a0\u00bb{}\u00a0\u00bb]<\/p>\n<p style=\"text-align: justify;\">Cependant, <a href=\"https:\/\/eclorescence.fr\/index.php\/2024\/11\/04\/quand-la-peur-nous-bloque\/\">la peur<\/a> d\u2019\u00eatre rejet\u00e9 est tellement forte qu\u2019on a tendance \u00e0 pr\u00e9senter aux autres un <a href=\"https:\/\/eclorescence.fr\/index.php\/2023\/01\/06\/qui-sommes-nous-au-dela-des-etiquettes-et-des-masques\/\">masque social<\/a> : notre moi pr\u00e9tendu. En g\u00e9n\u00e9ral, ce moi pr\u00e9tendu est cens\u00e9 \u00eatre plus favorable pour notre image. Mais si \u00e7a ne plait pas, \u00e7a fonctionne comme un blindage. On se dit qu&rsquo;au pire, les feedbacks n\u00e9gatifs ne nous toucheront pas puisque ce n&rsquo;est pas vraiment nous. Le probl\u00e8me c&rsquo;est que la logique est la m\u00eame lorsqu&rsquo;on plait avec notre masque.<\/p>\n<p style=\"text-align: justify;\">Ainsi,<strong> obtenir des signes de reconnaissance sur ce moi pr\u00e9tendu et non sur notre moi authentique ne nous comble pas.<\/strong>\u00a0<\/p>\n<p>[\/et_pb_text][\/et_pb_column][et_pb_column type=\u00a0\u00bb2_5&Prime; _builder_version=\u00a0\u00bb4.16&Prime; _module_preset=\u00a0\u00bbdefault\u00a0\u00bb global_colors_info=\u00a0\u00bb{}\u00a0\u00bb][et_pb_image src=\u00a0\u00bbhttps:\/\/eclorescence.fr\/wp-content\/uploads\/2022\/01\/75f0ece5c528565cb6affea14f7cb457.jpg\u00a0\u00bb alt=\u00a0\u00bbmasques r\u00e9seaux sociaux\u00a0\u00bb title_text=\u00a0\u00bb75f0ece5c528565cb6affea14f7cb457&Prime; _builder_version=\u00a0\u00bb4.16&Prime; _module_preset=\u00a0\u00bbdefault\u00a0\u00bb global_colors_info=\u00a0\u00bb{}\u00a0\u00bb][\/et_pb_image][\/et_pb_column][\/et_pb_row][et_pb_row _builder_version=\u00a0\u00bb4.16&Prime; _module_preset=\u00a0\u00bbdefault\u00a0\u00bb global_colors_info=\u00a0\u00bb{}\u00a0\u00bb][et_pb_column type=\u00a0\u00bb4_4&Prime; _builder_version=\u00a0\u00bb4.16&Prime; _module_preset=\u00a0\u00bbdefault\u00a0\u00bb global_colors_info=\u00a0\u00bb{}\u00a0\u00bb][et_pb_text _builder_version=\u00a0\u00bb4.16&Prime; _module_preset=\u00a0\u00bbdefault\u00a0\u00bb global_colors_info=\u00a0\u00bb{}\u00a0\u00bb]<\/p>\n<p style=\"text-align: justify;\">Toutes les c\u00e9l\u00e9brit\u00e9s le d\u00e9montrent r\u00e9guli\u00e8rement dans les interviews : leur soif de reconnaissance n&rsquo;est jamais totalement combl\u00e9e malgr\u00e9 leurs succ\u00e8s. <strong>Tous les likes du monde ne pourront jamais satisfaire notre besoin fondamental : celui d\u2019\u00eatre aim\u00e9 et reconnu pour ce que nous sommes profond\u00e9ment.<\/strong><\/p>\n<h4><strong><\/strong><\/h4>\n<h4><strong>Les 4 types de reconnaissance<\/strong><\/h4>\n<p>Il y a 4 grandes fa\u00e7ons de donner des signes de reconnaissances\u00a0:<\/p>\n<ul>\n<li>De fa\u00e7on positive<\/li>\n<li>De fa\u00e7on n\u00e9gative<\/li>\n<li>De fa\u00e7on conditionnelle<\/li>\n<li>Et de fa\u00e7on inconditionnelle<\/li>\n<\/ul>\n<p style=\"text-align: justify;\">Signes de reconnaissance positifs vs n\u00e9gatifs, j\u2019imagine que c\u2019est assez clair pour vous \ud83d\ude09<\/p>\n<p style=\"text-align: justify;\">La distinction entre conditionnel et inconditionnel, et elle, moins connue. <strong>Un signe de reconnaissance conditionnel concerne les comportements, ce que la personne fait.\u00a0<\/strong>Ce dernier peut donc \u00eatre positif <em>\u00ab\u00a0Tu as r\u00e9alis\u00e9 un tr\u00e8s bel article\u00a0\u00bb<\/em>, ou n\u00e9gatif <em>\u00ab\u00a0ton article n\u2019est pas terrible\u00a0\u00bb<\/em>.<\/p>\n<p style=\"text-align: justify;\"><strong>Lorsque le signe de reconnaissance est inconditionnel, il vise la personne, son identit\u00e9, son \u00eatre.<\/strong> En version positive, cela donne\u00a0: <em>\u00ab\u00a0tu es une bonne r\u00e9dactrice\u00a0\u00bb<\/em>. Et en version n\u00e9gative\u00a0: <em>\u00ab\u00a0tu es nulle en r\u00e9daction\u00a0\u00bb<\/em>.\u00a0 Les signes de reconnaissance inconditionnels sont \u00e0 \u00e9viter. Pourquoi ? Parce qu\u2019ils consistent, qu\u2019ils soient positifs ou n\u00e9gatifs, \u00e0 <a href=\"https:\/\/eclorescence.fr\/index.php\/2023\/01\/06\/qui-sommes-nous-au-dela-des-etiquettes-et-des-masques\/\">coller une \u00e9tiquette sur la personne<\/a>.<\/p>\n<p>[\/et_pb_text][et_pb_text _builder_version=\u00a0\u00bb4.16&Prime; _module_preset=\u00a0\u00bbdefault\u00a0\u00bb global_colors_info=\u00a0\u00bb{}\u00a0\u00bb]<\/p>\n<p style=\"text-align: justify;\">On comprend assez facilement les d\u00e9g\u00e2ts que cela peut causer lorsqu\u2019ils sont n\u00e9gatifs\u2026 et pourtant, chacun a h\u00e9las entendu ce type de phrases lors de son enfance : <em>\u00ab tu n\u2019es pas gentil \u00bb, \u00ab tu es nul \u00bb \u00ab \u00e9l\u00e8ve fain\u00e9ant \u00bb<\/em>\u2026 Ces phrases restent ancr\u00e9es tr\u00e8s fortement chez nombre d\u2019adultes. Ce ne sont plus leurs parents, leurs professeurs ou d\u2019autres figures d\u2019autorit\u00e9 qui leur serinent ces signes de reconnaissance n\u00e9gatifs, mais eux-m\u00eames. Devenant ainsi leurs propres bourreaux\u2026 Et par le biais de confirmation d\u00e9j\u00e0 \u00e9voqu\u00e9 plus haut, ces personnes auront tendance \u00e0 davantage pr\u00eater attention \u00e0 tous les signes de reconnaissance venant confirmer ces croyances n\u00e9gatives sur eux-m\u00eames. En gros, <strong>si vous \u00eates certains d&rsquo;\u00eatre nul, vous aurez beau entendre 10, 20, 100 personnes vous dire le contraire, si une seule vous confirme que vous \u00eates nul, c&rsquo;est principalement \u00e0 ce message que vous donnerez du cr\u00e9dit&#8230;<\/strong><\/p>\n<p style=\"text-align: justify;\">Contrairement \u00e0 ce qu\u2019on pourrait croire, <strong>les signes de reconnaissance inconditionnels positifs peuvent aussi \u00eatre dangereux.<\/strong> Car si on d\u00e9finit qui je suis, en me disant par exemple que je suis dr\u00f4le, je ne me sens plus le droit de ne plus l\u2019\u00eatre. Je vais alors totalement rejeter la partie de moins plus triste. Et je vais jouer \u00e0 fond le r\u00f4le du clown. Car c\u2019est comme \u00e7a que j\u2019ai compris que j\u2019allais \u00eatre reconnu et aim\u00e9 des autres. Je me construis alors un masque social, avec toutes les limites \u00e9voqu\u00e9es plus haut. Et voil\u00e0 comment, une intention au d\u00e9marrage positive, peut devenir un vrai pi\u00e8ge qui se referme sur celui \u00e0 qui on a donn\u00e9 ce signe de reconnaissance inconditionnel positif (pour en savoir +, (re)d\u00e9couvrez <a href=\"https:\/\/eclorescence.fr\/index.php\/2020\/01\/09\/mieux-vaut-etre-complet-que-parfait\/\">cet article<\/a>).<\/p>\n<p>[\/et_pb_text][et_pb_text _builder_version=\u00a0\u00bb4.16&Prime; _module_preset=\u00a0\u00bbdefault\u00a0\u00bb global_colors_info=\u00a0\u00bb{}\u00a0\u00bb]<\/p>\n<h4><strong>Les Leviers de la reconnaissance<\/strong><\/h4>\n<p style=\"text-align: justify;\">Face \u00e0 notre besoin de reconnaissance, nous agissons souvent comme si nous n\u2019avions aucun pouvoir dessus. La seule chose que nous pourrions faire, c\u2019est essayer de faire quelque chose ou d\u2019\u00eatre quelqu\u2019un qui m\u00e9riterait peut \u00eatre une attention pour avoir un signe en retour.<\/p>\n<p>[\/et_pb_text][\/et_pb_column][\/et_pb_row][et_pb_row column_structure=\u00a0\u00bb3_5,2_5&Prime; _builder_version=\u00a0\u00bb4.16&Prime; _module_preset=\u00a0\u00bbdefault\u00a0\u00bb global_colors_info=\u00a0\u00bb{}\u00a0\u00bb][et_pb_column type=\u00a0\u00bb3_5&Prime; _builder_version=\u00a0\u00bb4.16&Prime; _module_preset=\u00a0\u00bbdefault\u00a0\u00bb global_colors_info=\u00a0\u00bb{}\u00a0\u00bb][et_pb_text _builder_version=\u00a0\u00bb4.16&Prime; _module_preset=\u00a0\u00bbdefault\u00a0\u00bb global_colors_info=\u00a0\u00bb{}\u00a0\u00bb]<\/p>\n<p style=\"text-align: justify;\">Pour reprendre le parall\u00e8le avec la nourriture, c\u2019est comme si nous \u00e9tions sagement assis et que nous attendions qu\u2019on nous donne la bect\u00e9e.<\/p>\n<p style=\"text-align: justify;\">Or, la nourriture, nous pouvons la demander, la prendre, la donner, la refuser, et se la donner \u00e0 soi-m\u00eame. Et bien encore une fois, <strong>il en est de m\u00eame avec les signes de reconnaissance. C&rsquo;est un cadeau qu&rsquo;on peut demander, prendre, refuser, donner et se donner \u00e0 soi-m\u00eame.<\/strong><\/p>\n<p>[\/et_pb_text][\/et_pb_column][et_pb_column type=\u00a0\u00bb2_5&Prime; _builder_version=\u00a0\u00bb4.16&Prime; _module_preset=\u00a0\u00bbdefault\u00a0\u00bb global_colors_info=\u00a0\u00bb{}\u00a0\u00bb][et_pb_image src=\u00a0\u00bbhttps:\/\/eclorescence.fr\/wp-content\/uploads\/2022\/01\/pexels-porapak-apichodilok-360624-scaled.jpg\u00a0\u00bb alt=\u00a0\u00bbcadeau\u00a0\u00bb title_text=\u00a0\u00bbpexels-porapak-apichodilok-360624&Prime; _builder_version=\u00a0\u00bb4.16&Prime; _module_preset=\u00a0\u00bbdefault\u00a0\u00bb global_colors_info=\u00a0\u00bb{}\u00a0\u00bb][\/et_pb_image][\/et_pb_column][\/et_pb_row][et_pb_row _builder_version=\u00a0\u00bb4.16&Prime; _module_preset=\u00a0\u00bbdefault\u00a0\u00bb global_colors_info=\u00a0\u00bb{}\u00a0\u00bb][et_pb_column type=\u00a0\u00bb4_4&Prime; _builder_version=\u00a0\u00bb4.16&Prime; _module_preset=\u00a0\u00bbdefault\u00a0\u00bb global_colors_info=\u00a0\u00bb{}\u00a0\u00bb][et_pb_text _builder_version=\u00a0\u00bb4.16&Prime; _module_preset=\u00a0\u00bbdefault\u00a0\u00bb global_colors_info=\u00a0\u00bb{}\u00a0\u00bb]<\/p>\n<p style=\"text-align: justify;\">On distingue ainsi 5 leviers :<\/p>\n<ul>\n<li style=\"text-align: justify;\"><strong>Donner\u00a0:<\/strong> Quelle est votre capacit\u00e9 \u00e0 donner des signes de reconnaissance ? Sachant que donner l\u2019exemple, le faire, c\u2019est inconsciemment donner une autorisation \u00e0 l\u2019autre de faire de m\u00eame. Et comme l\u2019\u00e9cho d\u2019une montagne, si on a tendance \u00e0 donner des signes de reconnaissance n\u00e9gatifs, on aura en retour davantage de signes de reconnaissance n\u00e9gatifs. A l\u2019inverse, si on est g\u00e9n\u00e9reux dans nos feedbacks positifs, il est fort \u00e0 parier qu\u2019on en recevra \u00e9galement davantage.<\/li>\n<li style=\"text-align: justify;\"><strong>Demander\u00a0:<\/strong> quelle est votre capacit\u00e9 \u00e0 en demander ? Plut\u00f4t que de rentrer dans un jeu psychologique (ex : je vais me mettre \u00e0 bouder ou chercher le conflit car personne ne m\u2019a rien dit sur ce repas que j\u2019ai mis tant de temps et de c\u0153ur \u00e0 pr\u00e9parer ), on peut simplement formuler la demande : <em>\u00ab\u00a0qu&rsquo;avez-vous pens\u00e9 du diner ?\u00a0\u00bb<\/em><\/li>\n<li style=\"text-align: justify;\"><strong>Recevoir\u00a0:<\/strong> quelle est votre capacit\u00e9 \u00e0 recevoir des signes de reconnaissance ? Comment r\u00e9agissez-vous ? Lors de coachings collectifs, je travaille souvent sur les feedbacks. Il y a notamment un exercice o\u00f9 chacun donne un feedback positif \u00e0 l&rsquo;autre et ce dernier ne doit rien r\u00e9pondre. Pourtant, combien de fois est-ce que je vois la personne gesticuler sur sa chaise tellement c&rsquo;est inconfortable pour elle de recevoir un signe de reconnaissance positif. Et \u00e0 chaque fois, malgr\u00e9 la consigne, il y a toujours un participant qui ne peut s&#8217;emp\u00eacher de r\u00e9pondre au feedback qu&rsquo;il vient de recevoir, en le minimisant : <em>\u00ab\u00a0ah bon ? \u00e7a m&rsquo;\u00e9tonne ce que tu me dis\u00a0\u00bb <\/em>ou bien<em> \u00ab\u00a0oui.. enfin&#8230; c&rsquo;\u00e9tait facile \u00e7a&#8230;\u00a0\u00bb<\/em><\/li>\n<li style=\"text-align: justify;\"><strong>Refuser\u00a0:<\/strong> quelle est votre capacit\u00e9 \u00e0 les refuser ? Si vous n\u2019\u00eates pas d\u2019accord avec le signe de reconnaissance qu\u2019on vous donne, quelle est votre capacit\u00e9 \u00e0 vous dire que ce n\u2019est que l\u2019avis de la personne et non forc\u00e9ment la v\u00e9rit\u00e9 ? Alors, au vu des exemples cit\u00e9s pr\u00e9c\u00e9demment, on pourrait croire que l&rsquo;on a plus de facilit\u00e9 \u00e0 refuser les feedbacks. Et bien, oui et non&#8230; Je remarque que souvent, on sait parfaitement les refuser lorsqu&rsquo;ils sont positifs, mais on ne sait pas le faire lorsqu&rsquo;ils sont n\u00e9gatifs&#8230;<\/li>\n<li style=\"text-align: justify;\"><strong>Se donner\u00a0:<\/strong> quelle est votre capacit\u00e9 \u00e0 vous en donner \u00e0 vous-m\u00eame ? \u00a0Et pas uniquement des signes n\u00e9gatifs ! Mais aussi et surtout des signes positifs. Vous dire BRAVO. Vous dire \u00ab\u00a0<em>Je suis fi\u00e8re de moi\u00a0\u00bb<\/em> etc\u2026<\/li>\n<\/ul>\n<p>[\/et_pb_text][\/et_pb_column][\/et_pb_row][et_pb_row _builder_version=\u00a0\u00bb4.16&Prime; _module_preset=\u00a0\u00bbdefault\u00a0\u00bb global_colors_info=\u00a0\u00bb{}\u00a0\u00bb][et_pb_column type=\u00a0\u00bb4_4&Prime; _builder_version=\u00a0\u00bb4.16&Prime; _module_preset=\u00a0\u00bbdefault\u00a0\u00bb global_colors_info=\u00a0\u00bb{}\u00a0\u00bb][et_pb_text _builder_version=\u00a0\u00bb4.16&Prime; _module_preset=\u00a0\u00bbdefault\u00a0\u00bb global_colors_info=\u00a0\u00bb{}\u00a0\u00bb]<\/p>\n<p style=\"text-align: justify;\">Il me semble que le dernier point est essentiel. C\u2019est comme la base. <strong>Si je ne sais pas me donner \u00e0 moi-m\u00eame des signes de reconnaissance et notamment des signes positifs, dans quelle mesure vais-je \u00eatre capable de prendre ceux des autres ?<\/strong> \u00e7a serait comme essayer de remplir un puits sans fond. C&rsquo;est exactement ce que vivent les personnes prises au pi\u00e8ge du cercle vicieux du <a href=\"https:\/\/eclorescence.fr\/index.php\/2023\/09\/06\/le-syndrome-de-limposteur\/\">syndrome de l&rsquo;imposteur<\/a>.<\/p>\n<p style=\"text-align: justify;\">Par exemple, si je consid\u00e8re que cet article est nul, m\u00eame si quelqu\u2019un me donne un signe de reconnaissance positif sur cet article, il y a peu de chance pour que je le prenne totalement. Je me dirai que la personne se force, le fait pour me faire plaisir, mais ne le pense pas vraiment etc\u2026<\/p>\n<p>[\/et_pb_text][et_pb_text _builder_version=\u00a0\u00bb4.16&Prime; _module_preset=\u00a0\u00bbdefault\u00a0\u00bb global_colors_info=\u00a0\u00bb{}\u00a0\u00bb]<\/p>\n<p style=\"text-align: justify;\">J\u2019entends souvent des personnes qui savent demander des signes de reconnaissance (ce qui est d\u00e9j\u00e0 tr\u00e8s bien) mais, qui, comme elles n&rsquo;osent pas reconnaitre positivement ce qu&rsquo;elles font, vont non seulement formuler une demande assez maladroite, mais en plus, ne prendrons pas vraiment la r\u00e9ponse et donc reviendrons plus souvent \u00e0 la charge, mais sans jamais r\u00e9ussir \u00e0 combler leur app\u00e9tit de reconnaissance.\u00a0 En r\u00e9alit\u00e9, <strong>ce n&rsquo;est pas la r\u00e9ponse de l&rsquo;autre qui pose probl\u00e8me, c&rsquo;est l&rsquo;\u00e9tat d&rsquo;esprit et la formulation de la demande.<\/strong> Par exemple, si je demande <em>\u00ab c\u2019est pas trop mal ce que j\u2019ai fait, hein ?<\/em> \u00bb. Implicitement, je demande \u00e0 l&rsquo;autre de me rassurer. Mais comme la r\u00e9ponse sera forc\u00e9ment influenc\u00e9e par le ton de ma requ\u00eate, quand bien m\u00eame j&rsquo;aurai un feedback positif, je risque de le minimiser en me disant que l&rsquo;autre fait simplement preuve de gentillesse. Maintenant, changez cette phrase par <em>\u00ab je suis fi\u00e8re de ce que j\u2019ai r\u00e9ussi \u00e0 faire. Qu\u2019en penses-tu ? \u00bb, <\/em>ou simplement<em> \u00ab\u00a0j&rsquo;aimerai ton avis sur ce que j&rsquo;ai fait\u00a0\u00bb<\/em>. Vous voyez la diff\u00e9rence ? La r\u00e9ponse sera peut-\u00eatre la m\u00eame dans l\u2019id\u00e9e, mais dans la forme et surtout dans la fa\u00e7on dont moi, je vais prendre ce retour, ce sera totalement diff\u00e9rent. J&rsquo;ai plus de chance de combler mon besoin de reconnaissance dans le second cas que dans le premier.<\/p>\n<p>[\/et_pb_text][\/et_pb_column][\/et_pb_row][et_pb_row column_structure=\u00a0\u00bb1_2,1_2&Prime; _builder_version=\u00a0\u00bb4.16&Prime; _module_preset=\u00a0\u00bbdefault\u00a0\u00bb global_colors_info=\u00a0\u00bb{}\u00a0\u00bb][et_pb_column type=\u00a0\u00bb1_2&Prime; _builder_version=\u00a0\u00bb4.16&Prime; _module_preset=\u00a0\u00bbdefault\u00a0\u00bb global_colors_info=\u00a0\u00bb{}\u00a0\u00bb][et_pb_text _builder_version=\u00a0\u00bb4.16&Prime; _module_preset=\u00a0\u00bbdefault\u00a0\u00bb global_colors_info=\u00a0\u00bb{}\u00a0\u00bb]<\/p>\n<p style=\"text-align: justify;\">Bref, <strong>comme toujours, \u00e0 la racine de tout, c\u2019est l\u2019amour de soi qui fait la diff\u00e9rence.<\/strong> Et \u00e7a, c\u2019est quelque chose qu\u2019on apprend avec l\u2019\u00e2ge. Ainsi, en compl\u00e9ment du cadre de r\u00e9f\u00e9rence externe, <strong>on apprend \u00e0 d\u00e9velopper un cadre de r\u00e9f\u00e9rence interne : s\u2019auto\u00e9valuer, se donner \u00e0 soi des signes de reconnaissance, ind\u00e9pendamment du regard et de l\u2019avis des autres. <\/strong>Et c&rsquo;est ainsi qu&rsquo;on satisfait plus facilement notre besoin de reconnaissance. On saura alors plus facilement aller chercher les signes chez les autres en cas de besoin. On saura s&rsquo;en satisfaire et on saura aussi ne plus prendre ce qui ne nous fait pas du bien. Ainsi, on osera davantage \u00f4ter nos masques et d\u00e9voiler qui nous sommes, ce qui donnera plus de poids aux signes de reconnaissance que les autres nous donnerons&#8230;.<\/p>\n<p>[\/et_pb_text][\/et_pb_column][et_pb_column type=\u00a0\u00bb1_2&Prime; _builder_version=\u00a0\u00bb4.16&Prime; _module_preset=\u00a0\u00bbdefault\u00a0\u00bb global_colors_info=\u00a0\u00bb{}\u00a0\u00bb][et_pb_image src=\u00a0\u00bbhttps:\/\/eclorescence.fr\/wp-content\/uploads\/2022\/01\/citation-frc3a9dc3a9ric-lenoir.jpg\u00a0\u00bb alt=\u00a0\u00bbCitation Frederic Lenoir\u00a0\u00bb title_text=\u00a0\u00bbcitation-frc3a9dc3a9ric-lenoir\u00a0\u00bb _builder_version=\u00a0\u00bb4.16&Prime; _module_preset=\u00a0\u00bbdefault\u00a0\u00bb global_colors_info=\u00a0\u00bb{}\u00a0\u00bb][\/et_pb_image][\/et_pb_column][\/et_pb_row][et_pb_row _builder_version=\u00a0\u00bb4.16&Prime; _module_preset=\u00a0\u00bbdefault\u00a0\u00bb global_colors_info=\u00a0\u00bb{}\u00a0\u00bb][et_pb_column type=\u00a0\u00bb4_4&Prime; _builder_version=\u00a0\u00bb4.16&Prime; _module_preset=\u00a0\u00bbdefault\u00a0\u00bb global_colors_info=\u00a0\u00bb{}\u00a0\u00bb][et_pb_text _builder_version=\u00a0\u00bb4.16&Prime; _module_preset=\u00a0\u00bbdefault\u00a0\u00bb global_colors_info=\u00a0\u00bb{}\u00a0\u00bb]<\/p>\n<p style=\"text-align: justify;\">Et voil\u00e0 comment un cercle vertueux se met en place ; Permettant \u00e0 chacun d&rsquo;atteindre plus facilement son niveau de sati\u00e9t\u00e9.<\/p>\n<p style=\"text-align: justify;\">Belle reconnaissance de vous-m\u00eame \ud83d\ude09<\/p>\n<p style=\"text-align: justify;\">Marion<\/p>\n<p>[\/et_pb_text][et_pb_button button_url=\u00a0\u00bbhttps:\/\/eclorescence.fr\/index.php\/contact\/\u00a0\u00bb button_text=\u00a0\u00bbME CONTACTER\u00a0\u00bb button_alignment=\u00a0\u00bbcenter\u00a0\u00bb _builder_version=\u00a0\u00bb4.27.4&Prime; _module_preset=\u00a0\u00bbccf1d899-4e22-4506-8a07-990957ad9684&Prime; global_colors_info=\u00a0\u00bb{}\u00a0\u00bb theme_builder_area=\u00a0\u00bbpost_content\u00a0\u00bb][\/et_pb_button][\/et_pb_column][\/et_pb_row][et_pb_row _builder_version=\u00a0\u00bb4.16&Prime; _module_preset=\u00a0\u00bbdefault\u00a0\u00bb global_colors_info=\u00a0\u00bb{}\u00a0\u00bb][et_pb_column type=\u00a0\u00bb4_4&Prime; _builder_version=\u00a0\u00bb4.16&Prime; _module_preset=\u00a0\u00bbdefault\u00a0\u00bb global_colors_info=\u00a0\u00bb{}\u00a0\u00bb][et_pb_post_nav next_text=\u00a0\u00bbDans la peau d&rsquo;une hypersensible\u00a0\u00bb _builder_version=\u00a0\u00bb4.21.0&Prime; _module_preset=\u00a0\u00bbdefault\u00a0\u00bb global_colors_info=\u00a0\u00bb{}\u00a0\u00bb][\/et_pb_post_nav][\/et_pb_column][\/et_pb_row][\/et_pb_section]<\/p>\n","protected":false},"excerpt":{"rendered":"<p>Il arrive presque toujours un moment dans mes accompagnements o\u00f9 la personne me confie presque honteusement d\u2019avoir \u00e9norm\u00e9ment besoin de reconnaissance.<\/p>\n","protected":false},"author":1,"featured_media":6498,"comment_status":"closed","ping_status":"closed","sticky":false,"template":"","format":"gallery","meta":{"_et_pb_use_builder":"on","_et_pb_old_content":"","_et_gb_content_width":""},"categories":[16,30,27,17],"tags":[],"yoast_head":"<!-- This site is optimized with the Yoast SEO plugin v18.4.1 - https:\/\/yoast.com\/wordpress\/plugins\/seo\/ -->\n<title>Le besoin de reconnaissance<\/title>\n<meta name=\"description\" content=\"D\u00e9couvrez comment combler ce besoin universel qu&#039;est le besoin de reconnaissance. Et savoir s&#039;en donner soi-m\u00eame.\" \/>\n<meta name=\"robots\" content=\"index, follow, max-snippet:-1, max-image-preview:large, max-video-preview:-1\" \/>\n<link rel=\"canonical\" href=\"https:\/\/eclorescence.fr\/index.php\/2022\/01\/11\/le-besoin-de-reconnaissance\/\" \/>\n<meta property=\"og:locale\" content=\"fr_FR\" \/>\n<meta property=\"og:type\" content=\"article\" \/>\n<meta property=\"og:title\" content=\"Le besoin de reconnaissance\" \/>\n<meta property=\"og:description\" content=\"D\u00e9couvrez comment combler ce besoin universel qu&#039;est le besoin de reconnaissance. Et savoir s&#039;en donner soi-m\u00eame.\" \/>\n<meta property=\"og:url\" content=\"https:\/\/eclorescence.fr\/index.php\/2022\/01\/11\/le-besoin-de-reconnaissance\/\" \/>\n<meta property=\"og:site_name\" content=\"Eclorescence\" \/>\n<meta property=\"article:publisher\" content=\"https:\/\/www.facebook.com\/Eclorescence\" \/>\n<meta property=\"article:published_time\" content=\"2022-01-11T08:28:49+00:00\" \/>\n<meta property=\"article:modified_time\" content=\"2025-04-16T08:37:52+00:00\" \/>\n<meta property=\"og:image\" content=\"https:\/\/eclorescence.fr\/wp-content\/uploads\/2022\/01\/42-1.png\" \/>\n\t<meta property=\"og:image:width\" content=\"1080\" \/>\n\t<meta property=\"og:image:height\" content=\"1080\" \/>\n\t<meta property=\"og:image:type\" content=\"image\/png\" \/>\n<meta name=\"twitter:card\" content=\"summary_large_image\" \/>\n<meta name=\"twitter:label1\" content=\"\u00c9crit par\" \/>\n\t<meta name=\"twitter:data1\" content=\"Marion\" \/>\n\t<meta name=\"twitter:label2\" content=\"Dur\u00e9e de lecture estim\u00e9e\" \/>\n\t<meta name=\"twitter:data2\" content=\"16 minutes\" \/>\n<script type=\"application\/ld+json\" class=\"yoast-schema-graph\">{\"@context\":\"https:\/\/schema.org\",\"@graph\":[{\"@type\":\"Organization\",\"@id\":\"https:\/\/eclorescence.fr\/#organization\",\"name\":\"Eclorescence\",\"url\":\"https:\/\/eclorescence.fr\/\",\"sameAs\":[\"https:\/\/www.facebook.com\/Eclorescence\",\"https:\/\/www.instagram.com\/marion_oudot__eclorescence\/\",\"https:\/\/www.linkedin.com\/company\/eclorescence\/\"],\"logo\":{\"@type\":\"ImageObject\",\"@id\":\"https:\/\/eclorescence.fr\/#logo\",\"inLanguage\":\"fr-FR\",\"url\":\"https:\/\/eclorescence.fr\/wp-content\/uploads\/2020\/09\/Copie-de-LOGO-ECLORESCENCE.png\",\"contentUrl\":\"https:\/\/eclorescence.fr\/wp-content\/uploads\/2020\/09\/Copie-de-LOGO-ECLORESCENCE.png\",\"width\":500,\"height\":500,\"caption\":\"Eclorescence\"},\"image\":{\"@id\":\"https:\/\/eclorescence.fr\/#logo\"}},{\"@type\":\"WebSite\",\"@id\":\"https:\/\/eclorescence.fr\/#website\",\"url\":\"https:\/\/eclorescence.fr\/\",\"name\":\"Eclorescence\",\"description\":\"Faire \u00e9clore les ressources de chacun.e\",\"publisher\":{\"@id\":\"https:\/\/eclorescence.fr\/#organization\"},\"potentialAction\":[{\"@type\":\"SearchAction\",\"target\":{\"@type\":\"EntryPoint\",\"urlTemplate\":\"https:\/\/eclorescence.fr\/?s={search_term_string}\"},\"query-input\":\"required name=search_term_string\"}],\"inLanguage\":\"fr-FR\"},{\"@type\":\"ImageObject\",\"@id\":\"https:\/\/eclorescence.fr\/index.php\/2022\/01\/11\/le-besoin-de-reconnaissance\/#primaryimage\",\"inLanguage\":\"fr-FR\",\"url\":\"https:\/\/eclorescence.fr\/wp-content\/uploads\/2022\/01\/42-1.png\",\"contentUrl\":\"https:\/\/eclorescence.fr\/wp-content\/uploads\/2022\/01\/42-1.png\",\"width\":1080,\"height\":1080,\"caption\":\"besoin de reconnaissance\"},{\"@type\":\"WebPage\",\"@id\":\"https:\/\/eclorescence.fr\/index.php\/2022\/01\/11\/le-besoin-de-reconnaissance\/#webpage\",\"url\":\"https:\/\/eclorescence.fr\/index.php\/2022\/01\/11\/le-besoin-de-reconnaissance\/\",\"name\":\"Le besoin de reconnaissance\",\"isPartOf\":{\"@id\":\"https:\/\/eclorescence.fr\/#website\"},\"primaryImageOfPage\":{\"@id\":\"https:\/\/eclorescence.fr\/index.php\/2022\/01\/11\/le-besoin-de-reconnaissance\/#primaryimage\"},\"datePublished\":\"2022-01-11T08:28:49+00:00\",\"dateModified\":\"2025-04-16T08:37:52+00:00\",\"description\":\"D\u00e9couvrez comment combler ce besoin universel qu'est le besoin de reconnaissance. Et savoir s'en donner soi-m\u00eame.\",\"breadcrumb\":{\"@id\":\"https:\/\/eclorescence.fr\/index.php\/2022\/01\/11\/le-besoin-de-reconnaissance\/#breadcrumb\"},\"inLanguage\":\"fr-FR\",\"potentialAction\":[{\"@type\":\"ReadAction\",\"target\":[\"https:\/\/eclorescence.fr\/index.php\/2022\/01\/11\/le-besoin-de-reconnaissance\/\"]}]},{\"@type\":\"BreadcrumbList\",\"@id\":\"https:\/\/eclorescence.fr\/index.php\/2022\/01\/11\/le-besoin-de-reconnaissance\/#breadcrumb\",\"itemListElement\":[{\"@type\":\"ListItem\",\"position\":1,\"name\":\"Accueil\",\"item\":\"https:\/\/eclorescence.fr\/\"},{\"@type\":\"ListItem\",\"position\":2,\"name\":\"Le besoin de reconnaissance\"}]},{\"@type\":\"Article\",\"@id\":\"https:\/\/eclorescence.fr\/index.php\/2022\/01\/11\/le-besoin-de-reconnaissance\/#article\",\"isPartOf\":{\"@id\":\"https:\/\/eclorescence.fr\/index.php\/2022\/01\/11\/le-besoin-de-reconnaissance\/#webpage\"},\"author\":{\"@id\":\"https:\/\/eclorescence.fr\/#\/schema\/person\/3a80c733b4795ddddb911a3924add89c\"},\"headline\":\"Le besoin de reconnaissance\",\"datePublished\":\"2022-01-11T08:28:49+00:00\",\"dateModified\":\"2025-04-16T08:37:52+00:00\",\"mainEntityOfPage\":{\"@id\":\"https:\/\/eclorescence.fr\/index.php\/2022\/01\/11\/le-besoin-de-reconnaissance\/#webpage\"},\"wordCount\":3964,\"publisher\":{\"@id\":\"https:\/\/eclorescence.fr\/#organization\"},\"image\":{\"@id\":\"https:\/\/eclorescence.fr\/index.php\/2022\/01\/11\/le-besoin-de-reconnaissance\/#primaryimage\"},\"thumbnailUrl\":\"https:\/\/eclorescence.fr\/wp-content\/uploads\/2022\/01\/42-1.png\",\"articleSection\":[\"Analyse transactionnelle\",\"Confiance en soi\",\"Ego\",\"Epanouissement au travail\"],\"inLanguage\":\"fr-FR\"},{\"@type\":\"Person\",\"@id\":\"https:\/\/eclorescence.fr\/#\/schema\/person\/3a80c733b4795ddddb911a3924add89c\",\"name\":\"Marion\",\"image\":{\"@type\":\"ImageObject\",\"@id\":\"https:\/\/eclorescence.fr\/#personlogo\",\"inLanguage\":\"fr-FR\",\"url\":\"https:\/\/secure.gravatar.com\/avatar\/7e5438cabfdaac63e418268991ba5602?s=96&d=mm&r=g\",\"contentUrl\":\"https:\/\/secure.gravatar.com\/avatar\/7e5438cabfdaac63e418268991ba5602?s=96&d=mm&r=g\",\"caption\":\"Marion\"}}]}<\/script>\n<!-- \/ Yoast SEO plugin. -->","yoast_head_json":{"title":"Le besoin de reconnaissance","description":"D\u00e9couvrez comment combler ce besoin universel qu'est le besoin de reconnaissance. Et savoir s'en donner soi-m\u00eame.","robots":{"index":"index","follow":"follow","max-snippet":"max-snippet:-1","max-image-preview":"max-image-preview:large","max-video-preview":"max-video-preview:-1"},"canonical":"https:\/\/eclorescence.fr\/index.php\/2022\/01\/11\/le-besoin-de-reconnaissance\/","og_locale":"fr_FR","og_type":"article","og_title":"Le besoin de reconnaissance","og_description":"D\u00e9couvrez comment combler ce besoin universel qu'est le besoin de reconnaissance. Et savoir s'en donner soi-m\u00eame.","og_url":"https:\/\/eclorescence.fr\/index.php\/2022\/01\/11\/le-besoin-de-reconnaissance\/","og_site_name":"Eclorescence","article_publisher":"https:\/\/www.facebook.com\/Eclorescence","article_published_time":"2022-01-11T08:28:49+00:00","article_modified_time":"2025-04-16T08:37:52+00:00","og_image":[{"width":1080,"height":1080,"url":"https:\/\/eclorescence.fr\/wp-content\/uploads\/2022\/01\/42-1.png","type":"image\/png"}],"twitter_card":"summary_large_image","twitter_misc":{"\u00c9crit par":"Marion","Dur\u00e9e de lecture estim\u00e9e":"16 minutes"},"schema":{"@context":"https:\/\/schema.org","@graph":[{"@type":"Organization","@id":"https:\/\/eclorescence.fr\/#organization","name":"Eclorescence","url":"https:\/\/eclorescence.fr\/","sameAs":["https:\/\/www.facebook.com\/Eclorescence","https:\/\/www.instagram.com\/marion_oudot__eclorescence\/","https:\/\/www.linkedin.com\/company\/eclorescence\/"],"logo":{"@type":"ImageObject","@id":"https:\/\/eclorescence.fr\/#logo","inLanguage":"fr-FR","url":"https:\/\/eclorescence.fr\/wp-content\/uploads\/2020\/09\/Copie-de-LOGO-ECLORESCENCE.png","contentUrl":"https:\/\/eclorescence.fr\/wp-content\/uploads\/2020\/09\/Copie-de-LOGO-ECLORESCENCE.png","width":500,"height":500,"caption":"Eclorescence"},"image":{"@id":"https:\/\/eclorescence.fr\/#logo"}},{"@type":"WebSite","@id":"https:\/\/eclorescence.fr\/#website","url":"https:\/\/eclorescence.fr\/","name":"Eclorescence","description":"Faire \u00e9clore les ressources de chacun.e","publisher":{"@id":"https:\/\/eclorescence.fr\/#organization"},"potentialAction":[{"@type":"SearchAction","target":{"@type":"EntryPoint","urlTemplate":"https:\/\/eclorescence.fr\/?s={search_term_string}"},"query-input":"required name=search_term_string"}],"inLanguage":"fr-FR"},{"@type":"ImageObject","@id":"https:\/\/eclorescence.fr\/index.php\/2022\/01\/11\/le-besoin-de-reconnaissance\/#primaryimage","inLanguage":"fr-FR","url":"https:\/\/eclorescence.fr\/wp-content\/uploads\/2022\/01\/42-1.png","contentUrl":"https:\/\/eclorescence.fr\/wp-content\/uploads\/2022\/01\/42-1.png","width":1080,"height":1080,"caption":"besoin de reconnaissance"},{"@type":"WebPage","@id":"https:\/\/eclorescence.fr\/index.php\/2022\/01\/11\/le-besoin-de-reconnaissance\/#webpage","url":"https:\/\/eclorescence.fr\/index.php\/2022\/01\/11\/le-besoin-de-reconnaissance\/","name":"Le besoin de reconnaissance","isPartOf":{"@id":"https:\/\/eclorescence.fr\/#website"},"primaryImageOfPage":{"@id":"https:\/\/eclorescence.fr\/index.php\/2022\/01\/11\/le-besoin-de-reconnaissance\/#primaryimage"},"datePublished":"2022-01-11T08:28:49+00:00","dateModified":"2025-04-16T08:37:52+00:00","description":"D\u00e9couvrez comment combler ce besoin universel qu'est le besoin de reconnaissance. Et savoir s'en donner soi-m\u00eame.","breadcrumb":{"@id":"https:\/\/eclorescence.fr\/index.php\/2022\/01\/11\/le-besoin-de-reconnaissance\/#breadcrumb"},"inLanguage":"fr-FR","potentialAction":[{"@type":"ReadAction","target":["https:\/\/eclorescence.fr\/index.php\/2022\/01\/11\/le-besoin-de-reconnaissance\/"]}]},{"@type":"BreadcrumbList","@id":"https:\/\/eclorescence.fr\/index.php\/2022\/01\/11\/le-besoin-de-reconnaissance\/#breadcrumb","itemListElement":[{"@type":"ListItem","position":1,"name":"Accueil","item":"https:\/\/eclorescence.fr\/"},{"@type":"ListItem","position":2,"name":"Le besoin de reconnaissance"}]},{"@type":"Article","@id":"https:\/\/eclorescence.fr\/index.php\/2022\/01\/11\/le-besoin-de-reconnaissance\/#article","isPartOf":{"@id":"https:\/\/eclorescence.fr\/index.php\/2022\/01\/11\/le-besoin-de-reconnaissance\/#webpage"},"author":{"@id":"https:\/\/eclorescence.fr\/#\/schema\/person\/3a80c733b4795ddddb911a3924add89c"},"headline":"Le besoin de reconnaissance","datePublished":"2022-01-11T08:28:49+00:00","dateModified":"2025-04-16T08:37:52+00:00","mainEntityOfPage":{"@id":"https:\/\/eclorescence.fr\/index.php\/2022\/01\/11\/le-besoin-de-reconnaissance\/#webpage"},"wordCount":3964,"publisher":{"@id":"https:\/\/eclorescence.fr\/#organization"},"image":{"@id":"https:\/\/eclorescence.fr\/index.php\/2022\/01\/11\/le-besoin-de-reconnaissance\/#primaryimage"},"thumbnailUrl":"https:\/\/eclorescence.fr\/wp-content\/uploads\/2022\/01\/42-1.png","articleSection":["Analyse transactionnelle","Confiance en soi","Ego","Epanouissement au travail"],"inLanguage":"fr-FR"},{"@type":"Person","@id":"https:\/\/eclorescence.fr\/#\/schema\/person\/3a80c733b4795ddddb911a3924add89c","name":"Marion","image":{"@type":"ImageObject","@id":"https:\/\/eclorescence.fr\/#personlogo","inLanguage":"fr-FR","url":"https:\/\/secure.gravatar.com\/avatar\/7e5438cabfdaac63e418268991ba5602?s=96&d=mm&r=g","contentUrl":"https:\/\/secure.gravatar.com\/avatar\/7e5438cabfdaac63e418268991ba5602?s=96&d=mm&r=g","caption":"Marion"}}]}},"_links":{"self":[{"href":"https:\/\/eclorescence.fr\/index.php\/wp-json\/wp\/v2\/posts\/4672"}],"collection":[{"href":"https:\/\/eclorescence.fr\/index.php\/wp-json\/wp\/v2\/posts"}],"about":[{"href":"https:\/\/eclorescence.fr\/index.php\/wp-json\/wp\/v2\/types\/post"}],"author":[{"embeddable":true,"href":"https:\/\/eclorescence.fr\/index.php\/wp-json\/wp\/v2\/users\/1"}],"replies":[{"embeddable":true,"href":"https:\/\/eclorescence.fr\/index.php\/wp-json\/wp\/v2\/comments?post=4672"}],"version-history":[{"count":47,"href":"https:\/\/eclorescence.fr\/index.php\/wp-json\/wp\/v2\/posts\/4672\/revisions"}],"predecessor-version":[{"id":7317,"href":"https:\/\/eclorescence.fr\/index.php\/wp-json\/wp\/v2\/posts\/4672\/revisions\/7317"}],"wp:featuredmedia":[{"embeddable":true,"href":"https:\/\/eclorescence.fr\/index.php\/wp-json\/wp\/v2\/media\/6498"}],"wp:attachment":[{"href":"https:\/\/eclorescence.fr\/index.php\/wp-json\/wp\/v2\/media?parent=4672"}],"wp:term":[{"taxonomy":"category","embeddable":true,"href":"https:\/\/eclorescence.fr\/index.php\/wp-json\/wp\/v2\/categories?post=4672"},{"taxonomy":"post_tag","embeddable":true,"href":"https:\/\/eclorescence.fr\/index.php\/wp-json\/wp\/v2\/tags?post=4672"}],"curies":[{"name":"wp","href":"https:\/\/api.w.org\/{rel}","templated":true}]}}