{"id":6974,"date":"2024-11-04T17:34:06","date_gmt":"2024-11-04T16:34:06","guid":{"rendered":"https:\/\/eclorescence.fr\/?p=6974"},"modified":"2025-04-16T10:19:23","modified_gmt":"2025-04-16T08:19:23","slug":"quand-la-peur-nous-bloque","status":"publish","type":"post","link":"https:\/\/eclorescence.fr\/index.php\/2024\/11\/04\/quand-la-peur-nous-bloque\/","title":{"rendered":"Quand la peur nous bloque&#8230;"},"content":{"rendered":"<p>[et_pb_section fb_built=\u00a0\u00bb1&Prime; admin_label=\u00a0\u00bbBlog Section\u00a0\u00bb _builder_version=\u00a0\u00bb4.16&Prime; custom_padding=\u00a0\u00bb20px||11px|||\u00a0\u00bb global_colors_info=\u00a0\u00bb{}\u00a0\u00bb][et_pb_row _builder_version=\u00a0\u00bb4.20.2&Prime; global_colors_info=\u00a0\u00bb{}\u00a0\u00bb][et_pb_column type=\u00a0\u00bb4_4&Prime; _builder_version=\u00a0\u00bb4.16&Prime; custom_padding=\u00a0\u00bb|||\u00a0\u00bb global_colors_info=\u00a0\u00bb{}\u00a0\u00bb custom_padding__hover=\u00a0\u00bb|||\u00a0\u00bb][et_pb_text _builder_version=\u00a0\u00bb4.27.2&Prime; _module_preset=\u00a0\u00bbdefault\u00a0\u00bb global_colors_info=\u00a0\u00bb{}\u00a0\u00bb]<\/p>\n<p style=\"text-align: justify;\">Sylvie doit monter sur sc\u00e8ne lors de la prochaine convention nationale de son entreprise. Son manager lui a demand\u00e9 de venir pr\u00e9senter le projet tr\u00e8s structurant sur lequel elle travaille depuis de nombreux mois. Sylvie est terrifi\u00e9e \u00e0 l\u2019id\u00e9e de devoir prendre la parole devant plus de 1000 personnes. Elle est \u00e0 deux doigts de renoncer, malgr\u00e9 l\u2019insistance et la confiance de son manager.<\/p>\n<p style=\"text-align: justify;\">Charles r\u00eave de quitter son emploi pour se lancer dans l\u2019entrepreneuriat. \u00c7a fait plus de 2 ans qu\u2019il y pense. 2 ans qu\u2019il s\u2019ennuie dans son job. 2 ans qu\u2019il affine son projet. Mais il ne parvient pas \u00e0 passer \u00e0 l\u2019\u00e9tape suivante. La peur de l\u2019\u00e9chec et de l\u2019incertitude financi\u00e8re le freinent.<\/p>\n<p style=\"text-align: justify;\">Magalie a peur de l\u2019avion. L\u2019id\u00e9e m\u00eame de monter dans un appareil en vol lui donne des sueurs froides. Bien qu\u2019elle r\u00eave de voyager et de d\u00e9couvrir le monde, sa peur de l\u2019avion la cloue au sol depuis de nombreuses ann\u00e9es. Mais voil\u00e0 qu\u2019elle est d\u00e9sormais amen\u00e9e \u00e0 faire des d\u00e9placements en Europe pour son travail. Il va devenir de plus en plus difficile d\u2019\u00e9chapper \u00e0 ce mode de transport. Cette perspective l\u2019angoisse terriblement.<\/p>\n<p style=\"text-align: justify;\">Jonathan se pr\u00e9sente \u00e0 moi comme l\u2019as de la procrastination. Il remet tout \u00e0 plus tard. M\u00eame s\u2019il reconnait finalement s\u2019en sortir correctement \u00e0 chaque fois, il sait qu\u2019il pourrait faire les choses mieux et de fa\u00e7on plus sereine. Il ne comprend pas pourquoi il agit ainsi. En fait, Jonathan souffre du <a href=\"https:\/\/eclorescence.fr\/index.php\/2023\/09\/06\/le-syndrome-de-limposteur\/\">syndrome de l\u2019imposteur.<\/a> Il a peur de ne pas r\u00e9ussir et il a peur de r\u00e9ussir.<\/p>\n<p style=\"text-align: justify;\">Ces situations, aussi diverses soient-elles, montrent comment la peur peut nous immobiliser, nous emp\u00eacher d\u2019agir, et nous couper des opportunit\u00e9s.<\/p>\n<p>[\/et_pb_text][\/et_pb_column][\/et_pb_row][et_pb_row _builder_version=\u00a0\u00bb4.23.4&Prime; _module_preset=\u00a0\u00bbdefault\u00a0\u00bb global_colors_info=\u00a0\u00bb{}\u00a0\u00bb][et_pb_column type=\u00a0\u00bb4_4&Prime; _builder_version=\u00a0\u00bb4.20.2&Prime; _module_preset=\u00a0\u00bbdefault\u00a0\u00bb global_colors_info=\u00a0\u00bb{}\u00a0\u00bb][et_pb_text _builder_version=\u00a0\u00bb4.27.2&Prime; _module_preset=\u00a0\u00bbdefault\u00a0\u00bb global_colors_info=\u00a0\u00bb{}\u00a0\u00bb]<\/p>\n<h4><strong>Le m\u00e9canisme de la peur<\/strong><\/h4>\n<p style=\"text-align: justify;\">La peur est un m\u00e9canisme de survie profond\u00e9ment ancr\u00e9 en nous, un h\u00e9ritage de nos anc\u00eatres qui vivaient dans des environnements particuli\u00e8rement hostiles. Lorsqu\u2019ils \u00e9taient confront\u00e9s \u00e0 des pr\u00e9dateurs ou des dangers imm\u00e9diats, leur cerveau d\u00e9clenchait un signal d\u2019alarme pour pr\u00e9parer le corps \u00e0 r\u00e9agir. Ce processus, connu sous le nom de \u00ab r\u00e9ponse combat-fuite \u00bb, est r\u00e9gul\u00e9 par une partie du cerveau appel\u00e9e l\u2019amygdale. Lorsque nous percevons une menace \u2013 r\u00e9elle ou imaginaire \u2013 l\u2019amygdale envoie des signaux \u00e0 notre syst\u00e8me nerveux qui lib\u00e8re des hormones telles que l\u2019adr\u00e9naline et le cortisol. Ces hormones augmentent notre fr\u00e9quence cardiaque, \u00e9l\u00e8vent la pression art\u00e9rielle et nous mettent en \u00e9tat d\u2019alerte. En d\u2019autres termes, elles nous pr\u00e9parent \u00e0 agir rapidement pour fuir ou affronter le danger.<\/p>\n<p style=\"text-align: justify;\"><strong>La peur n\u2019est donc pas une <a href=\"https:\/\/eclorescence.fr\/index.php\/2020\/11\/04\/ces-emotions-qui-nous-veulent-du-bien\/\">\u00e9motion<\/a> n\u00e9gative. Son r\u00f4le est de nous prot\u00e9ger<\/strong>. \u00c0 l\u2019inverse, quelqu\u2019un qui ne ressentirait jamais aucune peur prendrait des risques consid\u00e9rables au quotidien. Son esp\u00e9rance de vie serait probablement assez r\u00e9duite.<\/p>\n<blockquote>\n<p><em>\u00ab\u00a0tous les Hommes ont peur. Tous. Celui qui n\u2019a pas peur n\u2019est pas normal\u00a0\u00bb<\/em> Jean-Paul Sartre<\/p>\n<\/blockquote>\n<p>[\/et_pb_text][et_pb_text _builder_version=\u00a0\u00bb4.27.2&Prime; _module_preset=\u00a0\u00bbdefault\u00a0\u00bb global_colors_info=\u00a0\u00bb{}\u00a0\u00bb]<\/p>\n<p style=\"text-align: justify;\">Imaginons que vous installiez une alarme pour votre maison. Il faudra que cette derni\u00e8re soit bien param\u00e9tr\u00e9e pour que\u00a0:<\/p>\n<ul style=\"text-align: justify;\">\n<li>Elle se d\u00e9clenche au bon moment, c\u2019est-\u00e0-dire quand quelqu\u2019un essaie effectivement de forcer la porte (et non par exemple quand votre animal de compagnie s\u2019y frotte)<\/li>\n<li>Elle \u00e9met le bon niveau sonore : ni trop faible, car \u00e7a n\u2019alerterait personne, ni trop fort pour ne pas angoisser tout le quartier<\/li>\n<\/ul>\n<p style=\"text-align: justify;\">Eh bien, pour l\u2019\u00eatre humain, c\u2019est un peu pareil. <strong>Notre peur est un syst\u00e8me d\u2019alarme qui peut rencontrer des probl\u00e8mes de timing et\/ou d\u2019intensit\u00e9.<\/strong> Ces probl\u00e8mes de param\u00e9trages de la peur viennent essentiellement du fait que, dans nos vies modernes, la peur n\u2019est pas de la m\u00eame nature que lorsque nos anc\u00eatres vivaient en milieu hostile. Sauf que le syst\u00e8me, lui, est rest\u00e9 le m\u00eame. Aujourd\u2019hui, nos peurs sont avant tout li\u00e9es \u00e0 des situations sociales, professionnelles ou \u00e9motionnelles, et notre cerveau ne fait pas toujours la distinction entre un danger r\u00e9el et un danger per\u00e7u.<\/p>\n<p style=\"text-align: justify;\">C\u2019est ainsi que la peur de prendre la parole en public, de quitter un emploi, de monter dans un avion, d\u2019<a href=\"https:\/\/eclorescence.fr\/index.php\/2023\/11\/07\/changeons-notre-rapport-a-lechec\/\">\u00e9chouer<\/a> ou de r\u00e9ussir peut provoquer la m\u00eame r\u00e9ponse que face \u00e0 un pr\u00e9dateur. Sauf qu<strong>\u2019au lieu de nous pousser \u00e0 agir, cette peur devient paralysante, car elle est souvent associ\u00e9e \u00e0 un sentiment d\u2019impuissance ou de manque de contr\u00f4le.<\/strong> C\u2019est ce que l\u2019on appelle le \u00ab gel \u00bb ou l\u2019immobilisation : notre esprit et notre corps se figent, incapables de r\u00e9pondre de mani\u00e8re adapt\u00e9e \u00e0 la situation.<\/p>\n<blockquote>\n<p><em>\u00a0\u00ab La peur est fondamentalement l\u2019anticipation de quelque chose qui ne s\u2019est pas encore produit, mais que l\u2019on croit in\u00e9vitable. \u00bb<\/em> Dr. Karl Albrecht, psychiatre am\u00e9ricain<\/p>\n<\/blockquote>\n<p>[\/et_pb_text][et_pb_text _builder_version=\u00a0\u00bb4.27.2&Prime; _module_preset=\u00a0\u00bbdefault\u00a0\u00bb global_colors_info=\u00a0\u00bb{}\u00a0\u00bb]<\/p>\n<h5 style=\"text-align: justify;\"><strong>Les 5 peurs psychologiques<\/strong><\/h5>\n<p style=\"text-align: justify;\">Selon les recherches en psychologie, il existe cinq grandes peurs universelles qui influencent la plupart de nos angoisses quotidiennes :<\/p>\n<p style=\"text-align: justify;\">\n<ol>\n<li style=\"text-align: justify;\"><strong>La peur du manque<\/strong> : C\u2019est la peur de manquer de quelque chose, que ce soit d&rsquo;argent, de temps, d\u2019amour ou d\u2019opportunit\u00e9s. Charles illustre cette peur : il a peur de quitter son emploi par crainte de manquer de stabilit\u00e9 financi\u00e8re. Ce sentiment de raret\u00e9 et de pr\u00e9carit\u00e9 nous pousse \u00e0 rester dans des situations s\u00e9curisantes mais parfois insatisfaisantes.<\/li>\n<li style=\"text-align: justify;\"><strong>La peur de l\u2019autre<\/strong> : Il s&rsquo;agit de la peur du jugement, du rejet ou de l\u2019agression. Nous craignons ce que les autres pourraient penser de nous, ou d\u2019\u00eatre bless\u00e9s \u00e9motionnellement ou physiquement. On retrouve cette peur par exemple chez toutes les personnes qui ont <a href=\"https:\/\/eclorescence.fr\/index.php\/2022\/09\/01\/quand-on-ne-sait-pas-dire-non\/\">du mal \u00e0 dire non<\/a>. Il y a aussi de cette peur chez Sylvie. Rien que d\u2019imaginer 1000 personnes en face d\u2019elle, elle ne se sent pas bien. Elle projette que toutes ces personnes penseront la m\u00eame chose que ce qu\u2019elle pense d\u2019elle-m\u00eame, \u00e0 savoir, qu\u2019elle n\u2019a pas sa place sur sc\u00e8ne.<\/li>\n<li style=\"text-align: justify;\"><strong>La peur de la mort<\/strong> : C&rsquo;est la peur la plus primitive, li\u00e9e \u00e0 notre instinct de survie. Magalie, avec sa phobie de l\u2019avion, est terroris\u00e9e \u00e0 l\u2019id\u00e9e de mourir dans un crash. M\u00eame si la probabilit\u00e9 d\u2019un tel \u00e9v\u00e9nement est extr\u00eamement faible, cette peur est profond\u00e9ment ancr\u00e9e en elle.<\/li>\n<li style=\"text-align: justify;\"><strong>La peur d\u2019\u00e9chouer :<\/strong> c\u2019est la peur de ne pas \u00eatre \u00e0 la hauteur, de ne pas <a href=\"https:\/\/eclorescence.fr\/index.php\/2024\/01\/10\/comment-faire-le-bon-choix\/\">prendre les bonnes d\u00e9cisions<\/a>, de ne pas \u00eatre assez comp\u00e9tent ou intelligent etc&#8230; Sylvie redoute de prendre la parole en public parce qu\u2019elle se juge incapable de r\u00e9ussir cet exercice. Elle estime que d\u2019autres personnes sauront mieux faire qu\u2019elle.<\/li>\n<\/ol>\n<p>[\/et_pb_text][\/et_pb_column][\/et_pb_row][et_pb_row column_structure=\u00a0\u00bb1_2,1_2&Prime; _builder_version=\u00a0\u00bb4.27.2&Prime; _module_preset=\u00a0\u00bbdefault\u00a0\u00bb global_colors_info=\u00a0\u00bb{}\u00a0\u00bb][et_pb_column type=\u00a0\u00bb1_2&Prime; _builder_version=\u00a0\u00bb4.27.2&Prime; _module_preset=\u00a0\u00bbdefault\u00a0\u00bb global_colors_info=\u00a0\u00bb{}\u00a0\u00bb][et_pb_text _builder_version=\u00a0\u00bb4.27.2&Prime; _module_preset=\u00a0\u00bbdefault\u00a0\u00bb global_colors_info=\u00a0\u00bb{}\u00a0\u00bb]<\/p>\n<p style=\"text-align: justify;\">5.<strong> La peur de r\u00e9ussir<\/strong> : Cela peut sembler paradoxal, mais r\u00e9ussir comporte son lot d\u2019incertitudes. C\u2019est exactement ce que vit Jonathan. Il se sent d\u00e9j\u00e0 un imposteur \u00e0 son poste actuel. Et il sait que son manager croit \u00e9norm\u00e9ment en lui et aimerait le faire \u00e9voluer. Sa r\u00e9ussite am\u00e8nerait donc encore plus de responsabilit\u00e9s et d\u2019exposition. Cette peur le pousse inconsciemment \u00e0 mettre le pied sur le frein de son potentiel.<\/p>\n<p>[\/et_pb_text][\/et_pb_column][et_pb_column type=\u00a0\u00bb1_2&Prime; _builder_version=\u00a0\u00bb4.27.2&Prime; _module_preset=\u00a0\u00bbdefault\u00a0\u00bb global_colors_info=\u00a0\u00bb{}\u00a0\u00bb][et_pb_image src=\u00a0\u00bbhttps:\/\/eclorescence.fr\/wp-content\/uploads\/2024\/10\/MANDELA.png\u00a0\u00bb alt=\u00a0\u00bbpeur\u00a0\u00bb title_text=\u00a0\u00bbMANDELA peur\u00a0\u00bb _builder_version=\u00a0\u00bb4.27.2&Prime; _module_preset=\u00a0\u00bbdefault\u00a0\u00bb global_colors_info=\u00a0\u00bb{}\u00a0\u00bb][\/et_pb_image][\/et_pb_column][\/et_pb_row][et_pb_row _builder_version=\u00a0\u00bb4.25.2&Prime; _module_preset=\u00a0\u00bbdefault\u00a0\u00bb global_colors_info=\u00a0\u00bb{}\u00a0\u00bb][et_pb_column type=\u00a0\u00bb4_4&Prime; _builder_version=\u00a0\u00bb4.25.2&Prime; _module_preset=\u00a0\u00bbdefault\u00a0\u00bb global_colors_info=\u00a0\u00bb{}\u00a0\u00bb][et_pb_text _builder_version=\u00a0\u00bb4.27.2&Prime; _module_preset=\u00a0\u00bbdefault\u00a0\u00bb global_colors_info=\u00a0\u00bb{}\u00a0\u00bb]<\/p>\n<h4><strong>Comment reprendre le contr\u00f4le de ses peurs ?<\/strong><\/h4>\n<p>[\/et_pb_text][\/et_pb_column][\/et_pb_row][et_pb_row _builder_version=\u00a0\u00bb4.23&Prime; _module_preset=\u00a0\u00bbdefault\u00a0\u00bb global_colors_info=\u00a0\u00bb{}\u00a0\u00bb][et_pb_column type=\u00a0\u00bb4_4&Prime; _builder_version=\u00a0\u00bb4.23&Prime; _module_preset=\u00a0\u00bbdefault\u00a0\u00bb global_colors_info=\u00a0\u00bb{}\u00a0\u00bb][et_pb_text _builder_version=\u00a0\u00bb4.27.2&Prime; _module_preset=\u00a0\u00bbdefault\u00a0\u00bb global_colors_info=\u00a0\u00bb{}\u00a0\u00bb]<\/p>\n<h5>1. Reconnaitre, accepter et normaliser la peur<\/h5>\n<p style=\"text-align: justify;\">Le premier pas pour surmonter une peur, c\u2019est de la reconna\u00eetre. \u00c7a vous parait \u00e9vident, mais croyez-moi, c\u2019est rarement le cas. Beaucoup de personnes ressentent en effet de la honte \u00e0 avoir peur. Parce que, intellectuellement, elles comprennent bien que leur peur est disproportionn\u00e9e par rapport \u00e0 la r\u00e9alit\u00e9. Prenons Magalie et sa peur de l\u2019avion. Elle n\u2019ose pas en parler. Elle me raconte avoir us\u00e9 d\u2019arguments \u00e9cologiques et \u00e9conomiques pour organiser un d\u00e9placement professionnel en train, alors qu&rsquo;on la poussait \u00e0 prendre l\u2019avion. Mais elle sait ce qu\u2019il va se passer si elle dit qu\u2019elle a peur de prendre l\u2019avion. On lui dira que <em>\u00ab il ne faut pas avoir peur \u00bb<\/em>, que \u00ab<em> c\u2019est l\u2019un des moyens de transport les plus s\u00fbrs<\/em> \u00bb etc\u2026 Elle a d\u00e9j\u00e0 entendu 100 fois ces arguments. Est-ce que \u00e7a l\u2019aide ? Non. Au contraire, <strong>\u00e7a nourrit un <a href=\"https:\/\/eclorescence.fr\/index.php\/2020\/09\/02\/quand-on-a-le-sentiment-de-ne-pas-etre-normal\/\">sentiment d\u2019anormalit\u00e9<\/a> et donc de honte<\/strong> chez elle.\u00a0<\/p>\n<p style=\"text-align: justify;\">Beaucoup de personnes essaient \u00e9galement de nier leurs peurs, pensant qu\u2019ignorer ce sentiment le fera dispara\u00eetre. \u00c7a pourrait par exemple \u00eatre le cas de quelqu\u2019un qui, comme Sylvie, a peur de prendre la parole en public, mais qui va tout faire pour \u00e9touffer cette peur, <a href=\"https:\/\/eclorescence.fr\/index.php\/2019\/08\/18\/driver-sois-fort\/\">se montrer fort<\/a>, et y aller quand m\u00eame. Sauf qu\u2019il y a de tr\u00e8s fortes chances que le syst\u00e8me d\u2019alarme s\u2019intensifie chaque jour un peu plus. Jusqu\u2019au jour J o\u00f9 la personne perd totalement ses moyens.<\/p>\n<p style=\"text-align: justify;\"><strong>Avoir peur est normal. \u00c7a fait partie de notre exp\u00e9rience humaine<\/strong>. Savoir le reconnaitre, c\u2019est d\u00e9j\u00e0 diminuer un peu son pouvoir et \u00e9viter de s\u2019enfoncer dans la honte ou le d\u00e9ni. Je ne peux donc que vous encourager \u00e0 <strong>ouvrir la porte de cette peur quand elle vient sonner chez vous. Car tant que vous laisserez la porte ferm\u00e9e, elle continuera d\u2019appuyer sur la sonnette.<\/strong>\u00a0<\/p>\n<p>[\/et_pb_text][\/et_pb_column][\/et_pb_row][et_pb_row _builder_version=\u00a0\u00bb4.25.2&Prime; _module_preset=\u00a0\u00bbdefault\u00a0\u00bb global_colors_info=\u00a0\u00bb{}\u00a0\u00bb][et_pb_column type=\u00a0\u00bb4_4&Prime; _builder_version=\u00a0\u00bb4.25.2&Prime; _module_preset=\u00a0\u00bbdefault\u00a0\u00bb global_colors_info=\u00a0\u00bb{}\u00a0\u00bb][et_pb_video src=\u00a0\u00bbhttps:\/\/www.youtube.com\/watch?v=nNVNphzq_7k\u00a0\u00bb _builder_version=\u00a0\u00bb4.27.2&Prime; _module_preset=\u00a0\u00bbdefault\u00a0\u00bb global_colors_info=\u00a0\u00bb{}\u00a0\u00bb][\/et_pb_video][\/et_pb_column][\/et_pb_row][et_pb_row _builder_version=\u00a0\u00bb4.24.2&Prime; _module_preset=\u00a0\u00bbdefault\u00a0\u00bb global_colors_info=\u00a0\u00bb{}\u00a0\u00bb][et_pb_column type=\u00a0\u00bb4_4&Prime; _builder_version=\u00a0\u00bb4.24.2&Prime; _module_preset=\u00a0\u00bbdefault\u00a0\u00bb global_colors_info=\u00a0\u00bb{}\u00a0\u00bb][et_pb_text _builder_version=\u00a0\u00bb4.27.2&Prime; _module_preset=\u00a0\u00bbdefault\u00a0\u00bb global_colors_info=\u00a0\u00bb{}\u00a0\u00bb]<\/p>\n<h5>2. Identifier la source de la peur<\/h5>\n<p style=\"text-align: justify;\">Il est essentiel de bien cerner la source exacte de notre peur. Car comme les trains, une peur peut en cacher une autre\u00a0\ud83d\ude09<\/p>\n<p style=\"text-align: justify;\">Par exemple, Sylvie se rend compte que sa peur de prendre la parole sur sc\u00e8ne, c\u2019est finalement surtout la peur d\u2019\u00eatre ridicule. C\u2019est important de nommer et accueillir cette peur sans la juger. Nous explorons alors ensemble totalement cette peur afin d\u2019en avoir une repr\u00e9sentation plus pr\u00e9cise. <em>\u00ab\u00a0\u00e7a serait quoi \u00eatre ridicule sur sc\u00e8ne\u00a0? Tu aurais fait quoi pour \u00e7a\u00a0? Il se passera alors quoi chez toi\u00a0? Et pour le public\u00a0? Et ensuite, qu\u2019est-ce qui se passe\u00a0?<\/em> etc\u2026<\/p>\n<p style=\"text-align: justify;\">On pourrait croire qu\u2019on remue le couteau dans la plaie et qu\u2019on nourrit la peur, mais en fait, d\u2019une part, on respecte la peur et d\u2019autre part, on la rend plus concr\u00e8te. Et <strong>c\u2019est en la rendant plus concr\u00e8te que parfois, elle se d\u00e9sagr\u00e8ge toute seule<\/strong>. Car la personne se rend compte que ce sc\u00e9nario est assez invraisemblable.<\/p>\n<p>[\/et_pb_text][et_pb_text _builder_version=\u00a0\u00bb4.27.2&Prime; _module_preset=\u00a0\u00bbdefault\u00a0\u00bb global_colors_info=\u00a0\u00bb{}\u00a0\u00bb]<\/p>\n<h5>3. D\u00e9zoomer<\/h5>\n<p style=\"text-align: justify;\">La peur agit sur nous, comme si nous avions des \u0153ill\u00e8res. En effet, <strong>quand nous ressentons de la peur, notre vision p\u00e9riph\u00e9rique se r\u00e9duit et nous ne voyons plus que l\u2019objet de notre peur<\/strong>. Il faut donc se forcer \u00e0 d\u00e9zoomer, \u00e0 enlever nos \u0153ill\u00e8res.<\/p>\n<p style=\"text-align: justify;\">Continuons avec l\u2019exemple de Sylvie. Une fois que la source de sa peur a \u00e9t\u00e9 bien identifi\u00e9e, une fois que j\u2019ai respect\u00e9 sa peur d\u2019\u00eatre ridicule en explorant tout ce que cela signifiait pour elle, nous sommes all\u00e9es chercher toutes ses exp\u00e9riences ressources, c\u2019est-\u00e0-dire toutes les fois o\u00f9 Sylvie a pris la parole et n\u2019a pas \u00e9t\u00e9 ridicule. Ce sont autant de contre-exemples qui viennent r\u00e9\u00e9quilibrer la balance interne de Sylvie. Avant tout, le poids \u00e9tait r\u00e9parti sur le risque d\u2019\u00eatre ridicule, et elle ne voyait plus que cela. D\u00e9sormais, il y a une r\u00e9partition plus \u00e9quitable entre le risque d\u2019\u00eatre ridicule et la possibilit\u00e9 de ne pas l\u2019\u00eatre.<\/p>\n<p>[\/et_pb_text][\/et_pb_column][\/et_pb_row][et_pb_row _builder_version=\u00a0\u00bb4.23.4&Prime; _module_preset=\u00a0\u00bbdefault\u00a0\u00bb global_colors_info=\u00a0\u00bb{}\u00a0\u00bb][et_pb_column type=\u00a0\u00bb4_4&Prime; _builder_version=\u00a0\u00bb4.23.4&Prime; _module_preset=\u00a0\u00bbdefault\u00a0\u00bb global_colors_info=\u00a0\u00bb{}\u00a0\u00bb][et_pb_text _builder_version=\u00a0\u00bb4.27.2&Prime; _module_preset=\u00a0\u00bbdefault\u00a0\u00bb global_colors_info=\u00a0\u00bb{}\u00a0\u00bb]<\/p>\n<h4>4. Identifier et r\u00e9pondre \u00e0 ses besoins<\/h4>\n<p style=\"text-align: justify;\">Chaque <a href=\"https:\/\/eclorescence.fr\/index.php\/2020\/11\/04\/ces-emotions-qui-nous-veulent-du-bien\/\">\u00e9motion<\/a> d\u00e9sagr\u00e9able est le signal qu\u2019un besoin n\u2019est pas satisfait chez nous.<\/p>\n<p style=\"text-align: justify;\"><strong>Quand on a peur, on a besoin de se sentir prot\u00e9g\u00e9, de pouvoir anticiper et se pr\u00e9parer \u00e0 ce qui pourrait se passer.<\/strong><\/p>\n<p style=\"text-align: justify;\">Prenons cette fois l\u2019exemple de Charles qui n\u2019ose pas quitter le salariat pour l\u2019entreprenariat, \u00e0 cause notamment de l\u2019ins\u00e9curit\u00e9 financi\u00e8re que le statut d\u2019ind\u00e9pendant g\u00e9n\u00e8re.<\/p>\n<p style=\"text-align: justify;\">Nous r\u00e9fl\u00e9chissons ensemble aux strat\u00e9gies qui pourraient lui permettre de se sentir davantage prot\u00e9g\u00e9 face \u00e0 ce risque. Il en ressort, qu\u2019il pourrait demander un 80% (\u00e7a passerait pour lui financi\u00e8rement) et commencer ainsi sa nouvelle activit\u00e9 en autoentrepreneur. Il \u00e9voque \u00e9galement le portage salarial, qui pourrait \u00eatre une piste interm\u00e9diaire pour lui. \u00a0Son objectif est clairement de cr\u00e9er sa structure ind\u00e9pendante. Mais il r\u00e9alise que le gap entre cet objectif et son statut actuel est trop important et que c\u2019est cela qui le plonge dans l\u2019immobilisme. Envisager des \u00e9tapes interm\u00e9diaires le rassure et l\u2019aide \u00e0 passer \u00e0 l\u2019action.<\/p>\n<p style=\"text-align: justify;\">[\/et_pb_text][\/et_pb_column][\/et_pb_row][et_pb_row column_structure=\u00a0\u00bb3_5,2_5&Prime; _builder_version=\u00a0\u00bb4.23.4&Prime; _module_preset=\u00a0\u00bbdefault\u00a0\u00bb global_colors_info=\u00a0\u00bb{}\u00a0\u00bb][et_pb_column type=\u00a0\u00bb3_5&Prime; _builder_version=\u00a0\u00bb4.23.4&Prime; _module_preset=\u00a0\u00bbdefault\u00a0\u00bb global_colors_info=\u00a0\u00bb{}\u00a0\u00bb][et_pb_text _builder_version=\u00a0\u00bb4.27.2&Prime; _module_preset=\u00a0\u00bbdefault\u00a0\u00bb global_colors_info=\u00a0\u00bb{}\u00a0\u00bb]<\/p>\n<p style=\"text-align: justify;\">Rappelez-vous quand vous avez appris \u00e0 nager. Vous ne vous \u00eates pas jet\u00e9 directement dans le grand bain ! Il y a eu des \u00e9tapes. Et bien bizarrement, <strong>devenus adultes, nous avons non seulement tendance \u00e0 oublier les \u00e9tapes, mais en plus, nous aimerions tout de suite savoir-faire et bien faire.<\/strong> Donc en somme, c\u2019est comme si on estimait qu\u2019on devrait savoir nager, avant m\u00eame d\u2019avoir mis un pied dans l\u2019eau.<\/p>\n<p style=\"text-align: justify;\">Dites-vous bien que <strong>quand vous avez peur et n&rsquo;avancez pas, c&rsquo;est sans doute que vous vous trouvez devant une marche qui est trop haute<\/strong>. D\u00e9coupez la alors, autant que possible, en \u00e9tapes interm\u00e9diaires, jusqu&rsquo;\u00e0 ce que le prochain step vous paraisse accessible. C&rsquo;est la m\u00e9thode des petits pas \ud83d\ude09<\/p>\n<p>[\/et_pb_text][\/et_pb_column][et_pb_column type=\u00a0\u00bb2_5&Prime; _builder_version=\u00a0\u00bb4.23.4&Prime; _module_preset=\u00a0\u00bbdefault\u00a0\u00bb global_colors_info=\u00a0\u00bb{}\u00a0\u00bb][et_pb_image src=\u00a0\u00bbhttps:\/\/eclorescence.fr\/wp-content\/uploads\/2024\/10\/1.jpg\u00a0\u00bb alt=\u00a0\u00bbpeur\u00a0\u00bb title_text=\u00a0\u00bbpeur\u00a0\u00bb _builder_version=\u00a0\u00bb4.27.2&Prime; _module_preset=\u00a0\u00bbdefault\u00a0\u00bb global_colors_info=\u00a0\u00bb{}\u00a0\u00bb][\/et_pb_image][\/et_pb_column][\/et_pb_row][et_pb_row _builder_version=\u00a0\u00bb4.23.4&Prime; _module_preset=\u00a0\u00bbdefault\u00a0\u00bb global_colors_info=\u00a0\u00bb{}\u00a0\u00bb][et_pb_column type=\u00a0\u00bb4_4&Prime; _builder_version=\u00a0\u00bb4.23.4&Prime; _module_preset=\u00a0\u00bbdefault\u00a0\u00bb global_colors_info=\u00a0\u00bb{}\u00a0\u00bb][et_pb_text _builder_version=\u00a0\u00bb4.27.2&Prime; _module_preset=\u00a0\u00bbdefault\u00a0\u00bb global_colors_info=\u00a0\u00bb{}\u00a0\u00bb]<\/p>\n<h5>5. S&rsquo;exposer progressivement \u00e0 sa peur<\/h5>\n<p style=\"text-align: justify;\"><strong>Nos peurs persistent quand nous leur ob\u00e9issons et fuyons<\/strong>. Si nous voulons les faire taire, il faut donc s\u2019y exposer. Mais attention, pas n\u2019importe comment !<\/p>\n<p style=\"text-align: justify;\">Pour reprendre l\u2019exemple de l\u2019apprentissage de la nage, m\u00eame si malheureusement cela s\u2019est pratiqu\u00e9, on ne combat pas la peur de l\u2019eau en jetant un enfant dans le grand bain. Eh bien, par exemple pour Magalie et sa peur de l\u2019avion, c\u2019est pareil. Notre travail lui permet d\u2019\u00e9laborer une strat\u00e9gie d\u2019immersion progressive :<\/p>\n<ol>\n<li style=\"text-align: justify;\">Se renseigner sur les statistiques et les mesures de s\u00e9curit\u00e9. Finalement, Magalie se rend compte qu\u2019elle connait ce que les gens ont tendance \u00e0 lui dire pour la rassurer. Mais \u00e7a ne vaut pas des paroles d\u2019experts. Elle d\u00e9cide donc de se renseigner s\u00e9rieusement.<\/li>\n<li style=\"text-align: justify;\">Se rendre dans un a\u00e9roport. \u00c7a vous parait peut-\u00eatre anodin, mais pour Magalie, se rendre \u00e0 l\u2019a\u00e9roport est d\u00e9j\u00e0 une \u00e9tape cons\u00e9quente. L\u2019id\u00e9e est qu\u2019elle normalise cet endroit et qu\u2019elle le dissocie de sa peur de prendre l\u2019avion. Elle prend un magazine, s\u2019installe \u00e0 un caf\u00e9 et prend le temps d\u2019observer tout ce qui se passe autour d\u2019elle. Elle me raconte avoir davantage ressenti de joie que de peur. La joie de voir des enfants surexcit\u00e9s \u00e0 l\u2019id\u00e9e de prendre l\u2019avion et partir en vacances. La joie d\u2019assister \u00e0 de magnifiques sc\u00e8nes de retrouvailles. La joie d\u2019observer ces stewards et h\u00f4tesses de l\u2019air tir\u00e9s \u00e0 4 \u00e9pingles et complices en se racontant des anecdotes de vol etc\u2026<\/li>\n<li style=\"text-align: justify;\">Utiliser un simulateur de vol. Quand Magalie parle de simulateur de vol, c\u2019est comme une solution id\u00e9ale pour elle, mais auquel elle ne cro\u00eet pas, car elle est convaincue que ce n\u2019est pas accessible. Quelle ne fut pas sa surprise en d\u00e9couvrant qu\u2019il existait de nombreuses offres, justement \u00e0 destination de ceux qui ont peur de prendre l\u2019avion. Cet exercice a \u00e9t\u00e9 vraiment aidant pour elle.\u00a0<\/li>\n<li style=\"text-align: justify;\">Prendre un vol court dans un \u00ab gros avion \u00bb. Cette \u00e9tape \u00ab\u00a0gros avion\u00a0\u00bb est tr\u00e8s importante pour Magalie. Elle veut \u00eatre s\u00fbre de r\u00e9aliser son premier vol dans un appareil qui lui semble plus fiable qu&rsquo;un \u00ab\u00a0coucou\u00a0\u00bb<\/li>\n<li style=\"text-align: justify;\">Prendre un vol court sans regarder quel type d\u2019avion<\/li>\n<li style=\"text-align: justify;\">Allonger la dur\u00e9e des vols<\/li>\n<\/ol>\n<blockquote>\n<p><em>\u00ab\u00a0J&rsquo;ai appris que le courage n&rsquo;est pas l&rsquo;absence de peur, mais la capacit\u00e9 \u00e0 la vaincre\u00a0\u00bb<\/em> Nelson MANDELA<\/p>\n<\/blockquote>\n<p>&nbsp;<\/p>\n<p>[\/et_pb_text][et_pb_text _builder_version=\u00a0\u00bb4.27.2&Prime; _module_preset=\u00a0\u00bbdefault\u00a0\u00bb global_colors_info=\u00a0\u00bb{}\u00a0\u00bb]<\/p>\n<h5>6. Se concentrer sur notre zone de contr\u00f4le<\/h5>\n<p style=\"text-align: justify;\">Beaucoup de peurs sont li\u00e9es \u00e0 l\u2019inconnu ou \u00e0 l\u2019incertitude. Nous aimons avoir un contr\u00f4le total sur notre environnement, mais la r\u00e9alit\u00e9 est que <strong>certaines choses sont impr\u00e9visibles et incontr\u00f4lables<\/strong>. Et vouloir \u00e0 tout prix essayer de contr\u00f4ler des choses sur lesquelles nous n\u2019avons pas le contr\u00f4le g\u00e9n\u00e8re encore plus de <a href=\"https:\/\/eclorescence.fr\/index.php\/2020\/04\/02\/le-stress-mecanisme-equation-protection\/\">stress<\/a> car on se sent impuissant.<\/p>\n<p style=\"text-align: justify;\">C\u2019est donc important de revenir \u00e0 ce qui d\u00e9pend 100% de nous.<\/p>\n<p>[\/et_pb_text][\/et_pb_column][\/et_pb_row][et_pb_row column_structure=\u00a0\u00bb3_5,2_5&Prime; _builder_version=\u00a0\u00bb4.27.2&Prime; _module_preset=\u00a0\u00bbdefault\u00a0\u00bb global_colors_info=\u00a0\u00bb{}\u00a0\u00bb][et_pb_column type=\u00a0\u00bb3_5&Prime; _builder_version=\u00a0\u00bb4.27.2&Prime; _module_preset=\u00a0\u00bbdefault\u00a0\u00bb global_colors_info=\u00a0\u00bb{}\u00a0\u00bb][et_pb_text _builder_version=\u00a0\u00bb4.27.2&Prime; _module_preset=\u00a0\u00bbdefault\u00a0\u00bb global_colors_info=\u00a0\u00bb{}\u00a0\u00bb]<\/p>\n<p style=\"text-align: justify;\">C&rsquo;est le travail qu&rsquo;on r\u00e9alise avec Jonathan qui a peur de r\u00e9ussir.<\/p>\n<p style=\"text-align: justify;\">Il reproduit ces 3 cercles et notent \u00e0 l\u2019int\u00e9rieur de chacun ce qui l\u2019inqui\u00e8te. Il prend alors conscience qu&rsquo;il a tendance \u00e0 consacrer son \u00e9nergie sur des \u00e9l\u00e9ments qui sont en dehors de sa zone de contr\u00f4le. Ce qui augmente son stress, son sentiment d&rsquo;impuissance et finalement son syndrome de l&rsquo;imposteur.\u00a0<\/p>\n<p style=\"text-align: justify;\">Nous r\u00e9alisons ensuite un travail autour de tout ce qu&rsquo;il a not\u00e9 dans sa zone de contr\u00f4le. Gagnant ainsi en maitrise sur ce qui se passe, il gagne aussi en confiance en lui et in fine, en estime de lui. Cela modifie progressivement son rapport \u00e0 ses peurs.<\/p>\n<p>[\/et_pb_text][\/et_pb_column][et_pb_column type=\u00a0\u00bb2_5&Prime; _builder_version=\u00a0\u00bb4.27.2&Prime; _module_preset=\u00a0\u00bbdefault\u00a0\u00bb global_colors_info=\u00a0\u00bb{}\u00a0\u00bb][et_pb_image src=\u00a0\u00bbhttps:\/\/eclorescence.fr\/wp-content\/uploads\/2024\/10\/2024.05.21.png\u00a0\u00bb alt=\u00a0\u00bbPeur\u00a0\u00bb title_text=\u00a0\u00bbpeur zone de contr\u00f4le\u00a0\u00bb _builder_version=\u00a0\u00bb4.27.2&Prime; _module_preset=\u00a0\u00bbdefault\u00a0\u00bb global_colors_info=\u00a0\u00bb{}\u00a0\u00bb][\/et_pb_image][\/et_pb_column][\/et_pb_row][et_pb_row _builder_version=\u00a0\u00bb4.27.2&Prime; _module_preset=\u00a0\u00bbdefault\u00a0\u00bb global_colors_info=\u00a0\u00bb{}\u00a0\u00bb][et_pb_column type=\u00a0\u00bb4_4&Prime; _builder_version=\u00a0\u00bb4.27.2&Prime; _module_preset=\u00a0\u00bbdefault\u00a0\u00bb global_colors_info=\u00a0\u00bb{}\u00a0\u00bb][et_pb_text _builder_version=\u00a0\u00bb4.27.2&Prime; _module_preset=\u00a0\u00bbdefault\u00a0\u00bb global_colors_info=\u00a0\u00bb{}\u00a0\u00bb]<\/p>\n<h5>7. Visualisation positive<\/h5>\n<p style=\"text-align: justify;\">La visualisation est une technique puissante pour apaiser la peur et <a href=\"https:\/\/eclorescence.fr\/index.php\/2020\/01\/29\/reprogrammons-notre-cerveau\/\">reprogrammer le cerveau<\/a>. Il s\u2019agit de s\u2019imaginer avec succ\u00e8s dans la situation redout\u00e9e. Au-del\u00e0 du bienfait imm\u00e9diat que cela g\u00e9n\u00e8re, ce travail permet \u00e9galement de <strong>changer la repr\u00e9sentation qu\u2019on a d\u2019une situation ainsi que les \u00e9motions associ\u00e9es.<\/strong><\/p>\n<p style=\"text-align: justify;\">Par exemple, dans le cerveau de Sylvie, prise de parole = 1000 paires d\u2019yeux perplexes de son intervention, voire moqueurs, et une Sylvie qui bafouille, qui n\u2019est pas claire, qui a les jambes coup\u00e9es par le stress etc\u2026 Lui faire visualiser une foule bienveillante, qui l\u2019applaudit, qui rit de ses bons mots. Se sentir bien ancr\u00e9 sur ses deux pieds, micro \u00e0 la main, s\u2019entendre parler avec conviction et clart\u00e9 etc.. Tout \u00e7a vient modifier profond\u00e9ment l\u2019image de \u00ab prise de parole en public \u00bb de Sylvie. Ce n\u2019est pas qu\u2019intellectuel comme d\u00e9marche. Elle l\u2019a ressenti dans son corps et dans son c\u0153ur. Et \u00e7a, \u00e7a change tout.<\/p>\n<blockquote>\n<p style=\"text-align: justify;\">\u00a0<em>\u00ab Ma vie a \u00e9t\u00e9 remplie de terribles malheurs, dont la plupart ne se sont jamais produits \u00bb<\/em> Montaigne<\/p>\n<\/blockquote>\n<p>[\/et_pb_text][\/et_pb_column][\/et_pb_row][et_pb_row _builder_version=\u00a0\u00bb4.25.1&Prime; _module_preset=\u00a0\u00bbdefault\u00a0\u00bb global_colors_info=\u00a0\u00bb{}\u00a0\u00bb][et_pb_column type=\u00a0\u00bb4_4&Prime; _builder_version=\u00a0\u00bb4.25.1&Prime; _module_preset=\u00a0\u00bbdefault\u00a0\u00bb global_colors_info=\u00a0\u00bb{}\u00a0\u00bb][et_pb_text _builder_version=\u00a0\u00bb4.27.2&Prime; _module_preset=\u00a0\u00bbdefault\u00a0\u00bb global_colors_info=\u00a0\u00bb{}\u00a0\u00bb]<\/p>\n<p style=\"text-align: justify;\">Il paraitrait de <strong>seulement 8% de nos peurs sont fond\u00e9es sur une menace r\u00e9elle.<\/strong> Tout le reste ne serait que des projections et sc\u00e9narios plus ou moins fantaisistes de notre cerveau pour nous permettre d\u2019anticiper et nous pr\u00e9parer \u00e0 d\u2019\u00e9ventuels dangers.<\/p>\n<p style=\"text-align: justify;\">Le probl\u00e8me, c\u2019est quand nous commen\u00e7ons \u00e0 confondre danger r\u00e9el et danger possible. Et que \u00e7a prend de plus en plus de place dans nos vies, au point de nous emp\u00eacher de faire des choses. On finit alors par avoir peur d\u2019avoir peur. On en vient alors \u00e0 survivre plut\u00f4t que vivre. C\u2019est non seulement dommage, mais c\u2019est aussi catastrophique pour notre estime de nous. Et plus <a href=\"https:\/\/eclorescence.fr\/index.php\/2021\/09\/08\/mesestime-de-soi\/\">notre estime de nous<\/a> se d\u00e9grade, moins nous nous sentons capable d\u2019affronter notre peur. Heureusement, il n\u2019est jamais trop tard pour inverser la tendance.<\/p>\n<p style=\"text-align: justify;\">Je vous souhaite de passer du mode survie au mode vie\u00a0!<\/p>\n<p style=\"text-align: justify;\">Marion<\/p>\n<blockquote>\n<p style=\"text-align: justify;\"><em>\u00ab La seule chose que nous ayons \u00e0 craindre est la peur elle-m\u00eame. \u00bb<\/em> Franklin D. Roosevelt<\/p>\n<\/blockquote>\n<p>[\/et_pb_text][\/et_pb_column][\/et_pb_row][et_pb_row column_structure=\u00a0\u00bb1_5,3_5,1_5&Prime; _builder_version=\u00a0\u00bb4.21.0&Prime; _module_preset=\u00a0\u00bbdefault\u00a0\u00bb global_colors_info=\u00a0\u00bb{}\u00a0\u00bb][et_pb_column type=\u00a0\u00bb1_5&Prime; _builder_version=\u00a0\u00bb4.21.0&Prime; _module_preset=\u00a0\u00bbdefault\u00a0\u00bb global_colors_info=\u00a0\u00bb{}\u00a0\u00bb][\/et_pb_column][et_pb_column type=\u00a0\u00bb3_5&Prime; _builder_version=\u00a0\u00bb4.21.0&Prime; _module_preset=\u00a0\u00bbdefault\u00a0\u00bb global_colors_info=\u00a0\u00bb{}\u00a0\u00bb][et_pb_button button_url=\u00a0\u00bbhttps:\/\/eclorescence.fr\/index.php\/contact\/\u00a0\u00bb button_text=\u00a0\u00bbME CONTACTER\u00a0\u00bb button_alignment=\u00a0\u00bbcenter\u00a0\u00bb _builder_version=\u00a0\u00bb4.27.4&Prime; _module_preset=\u00a0\u00bbccf1d899-4e22-4506-8a07-990957ad9684&Prime; global_colors_info=\u00a0\u00bb{}\u00a0\u00bb theme_builder_area=\u00a0\u00bbpost_content\u00a0\u00bb][\/et_pb_button][\/et_pb_column][et_pb_column type=\u00a0\u00bb1_5&Prime; _builder_version=\u00a0\u00bb4.21.0&Prime; _module_preset=\u00a0\u00bbdefault\u00a0\u00bb global_colors_info=\u00a0\u00bb{}\u00a0\u00bb][\/et_pb_column][\/et_pb_row][et_pb_row _builder_version=\u00a0\u00bb4.19.0&Prime; _module_preset=\u00a0\u00bbdefault\u00a0\u00bb global_colors_info=\u00a0\u00bb{}\u00a0\u00bb][et_pb_column type=\u00a0\u00bb4_4&Prime; _builder_version=\u00a0\u00bb4.19.0&Prime; _module_preset=\u00a0\u00bbdefault\u00a0\u00bb global_colors_info=\u00a0\u00bb{}\u00a0\u00bb][et_pb_post_nav _builder_version=\u00a0\u00bb4.19.0&Prime; _module_preset=\u00a0\u00bbdefault\u00a0\u00bb global_colors_info=\u00a0\u00bb{}\u00a0\u00bb][\/et_pb_post_nav][\/et_pb_column][\/et_pb_row][\/et_pb_section]<\/p>\n","protected":false},"excerpt":{"rendered":"<p>Sylvie doit monter sur sc\u00e8ne lors de la prochaine convention nationale de son entreprise. Son manager lui a demand\u00e9 de venir pr\u00e9senter le projet tr\u00e8s structurant sur lequel elle travaille depuis de nombreux mois. Sylvie est terrifi\u00e9e \u00e0 l\u2019id\u00e9e de devoir prendre la parole devant plus de 1000 personnes. Elle est \u00e0 deux doigts de [&hellip;]<\/p>\n","protected":false},"author":1,"featured_media":6993,"comment_status":"closed","ping_status":"closed","sticky":false,"template":"","format":"gallery","meta":{"_et_pb_use_builder":"on","_et_pb_old_content":"","_et_gb_content_width":""},"categories":[30],"tags":[],"yoast_head":"<!-- This site is optimized with the Yoast SEO plugin v18.4.1 - https:\/\/yoast.com\/wordpress\/plugins\/seo\/ -->\n<title>Quand la peur nous bloque... - Eclorescence<\/title>\n<meta name=\"description\" content=\"Comment surmonter nos peurs psychologiques qui peuvent parfois nous emp\u00eacher de r\u00e9aliser des choses importantes pour nous ?\" \/>\n<meta name=\"robots\" content=\"index, follow, max-snippet:-1, max-image-preview:large, max-video-preview:-1\" \/>\n<link rel=\"canonical\" href=\"https:\/\/eclorescence.fr\/index.php\/2024\/11\/04\/quand-la-peur-nous-bloque\/\" \/>\n<meta property=\"og:locale\" content=\"fr_FR\" \/>\n<meta property=\"og:type\" content=\"article\" \/>\n<meta property=\"og:title\" content=\"Quand la peur nous bloque... - Eclorescence\" \/>\n<meta property=\"og:description\" content=\"Comment surmonter nos peurs psychologiques qui peuvent parfois nous emp\u00eacher de r\u00e9aliser des choses importantes pour nous ?\" \/>\n<meta property=\"og:url\" content=\"https:\/\/eclorescence.fr\/index.php\/2024\/11\/04\/quand-la-peur-nous-bloque\/\" \/>\n<meta property=\"og:site_name\" content=\"Eclorescence\" \/>\n<meta property=\"article:publisher\" content=\"https:\/\/www.facebook.com\/Eclorescence\" \/>\n<meta property=\"article:published_time\" content=\"2024-11-04T16:34:06+00:00\" \/>\n<meta property=\"article:modified_time\" content=\"2025-04-16T08:19:23+00:00\" \/>\n<meta property=\"og:image\" content=\"https:\/\/eclorescence.fr\/wp-content\/uploads\/2024\/11\/Design-sans-titre-16.png\" \/>\n\t<meta property=\"og:image:width\" content=\"1080\" \/>\n\t<meta property=\"og:image:height\" content=\"1080\" \/>\n\t<meta property=\"og:image:type\" content=\"image\/png\" \/>\n<meta name=\"twitter:card\" content=\"summary_large_image\" \/>\n<meta name=\"twitter:label1\" content=\"\u00c9crit par\" \/>\n\t<meta name=\"twitter:data1\" content=\"Marion\" \/>\n\t<meta name=\"twitter:label2\" content=\"Dur\u00e9e de lecture estim\u00e9e\" \/>\n\t<meta name=\"twitter:data2\" content=\"18 minutes\" \/>\n<script type=\"application\/ld+json\" class=\"yoast-schema-graph\">{\"@context\":\"https:\/\/schema.org\",\"@graph\":[{\"@type\":\"Organization\",\"@id\":\"https:\/\/eclorescence.fr\/#organization\",\"name\":\"Eclorescence\",\"url\":\"https:\/\/eclorescence.fr\/\",\"sameAs\":[\"https:\/\/www.facebook.com\/Eclorescence\",\"https:\/\/www.instagram.com\/marion_oudot__eclorescence\/\",\"https:\/\/www.linkedin.com\/company\/eclorescence\/\"],\"logo\":{\"@type\":\"ImageObject\",\"@id\":\"https:\/\/eclorescence.fr\/#logo\",\"inLanguage\":\"fr-FR\",\"url\":\"https:\/\/eclorescence.fr\/wp-content\/uploads\/2020\/09\/Copie-de-LOGO-ECLORESCENCE.png\",\"contentUrl\":\"https:\/\/eclorescence.fr\/wp-content\/uploads\/2020\/09\/Copie-de-LOGO-ECLORESCENCE.png\",\"width\":500,\"height\":500,\"caption\":\"Eclorescence\"},\"image\":{\"@id\":\"https:\/\/eclorescence.fr\/#logo\"}},{\"@type\":\"WebSite\",\"@id\":\"https:\/\/eclorescence.fr\/#website\",\"url\":\"https:\/\/eclorescence.fr\/\",\"name\":\"Eclorescence\",\"description\":\"Faire \u00e9clore les ressources de chacun.e\",\"publisher\":{\"@id\":\"https:\/\/eclorescence.fr\/#organization\"},\"potentialAction\":[{\"@type\":\"SearchAction\",\"target\":{\"@type\":\"EntryPoint\",\"urlTemplate\":\"https:\/\/eclorescence.fr\/?s={search_term_string}\"},\"query-input\":\"required name=search_term_string\"}],\"inLanguage\":\"fr-FR\"},{\"@type\":\"ImageObject\",\"@id\":\"https:\/\/eclorescence.fr\/index.php\/2024\/11\/04\/quand-la-peur-nous-bloque\/#primaryimage\",\"inLanguage\":\"fr-FR\",\"url\":\"https:\/\/eclorescence.fr\/wp-content\/uploads\/2024\/11\/Design-sans-titre-16.png\",\"contentUrl\":\"https:\/\/eclorescence.fr\/wp-content\/uploads\/2024\/11\/Design-sans-titre-16.png\",\"width\":1080,\"height\":1080,\"caption\":\"peur\"},{\"@type\":\"WebPage\",\"@id\":\"https:\/\/eclorescence.fr\/index.php\/2024\/11\/04\/quand-la-peur-nous-bloque\/#webpage\",\"url\":\"https:\/\/eclorescence.fr\/index.php\/2024\/11\/04\/quand-la-peur-nous-bloque\/\",\"name\":\"Quand la peur nous bloque... - Eclorescence\",\"isPartOf\":{\"@id\":\"https:\/\/eclorescence.fr\/#website\"},\"primaryImageOfPage\":{\"@id\":\"https:\/\/eclorescence.fr\/index.php\/2024\/11\/04\/quand-la-peur-nous-bloque\/#primaryimage\"},\"datePublished\":\"2024-11-04T16:34:06+00:00\",\"dateModified\":\"2025-04-16T08:19:23+00:00\",\"description\":\"Comment surmonter nos peurs psychologiques qui peuvent parfois nous emp\u00eacher de r\u00e9aliser des choses importantes pour nous ?\",\"breadcrumb\":{\"@id\":\"https:\/\/eclorescence.fr\/index.php\/2024\/11\/04\/quand-la-peur-nous-bloque\/#breadcrumb\"},\"inLanguage\":\"fr-FR\",\"potentialAction\":[{\"@type\":\"ReadAction\",\"target\":[\"https:\/\/eclorescence.fr\/index.php\/2024\/11\/04\/quand-la-peur-nous-bloque\/\"]}]},{\"@type\":\"BreadcrumbList\",\"@id\":\"https:\/\/eclorescence.fr\/index.php\/2024\/11\/04\/quand-la-peur-nous-bloque\/#breadcrumb\",\"itemListElement\":[{\"@type\":\"ListItem\",\"position\":1,\"name\":\"Accueil\",\"item\":\"https:\/\/eclorescence.fr\/\"},{\"@type\":\"ListItem\",\"position\":2,\"name\":\"Quand la peur nous bloque&#8230;\"}]},{\"@type\":\"Article\",\"@id\":\"https:\/\/eclorescence.fr\/index.php\/2024\/11\/04\/quand-la-peur-nous-bloque\/#article\",\"isPartOf\":{\"@id\":\"https:\/\/eclorescence.fr\/index.php\/2024\/11\/04\/quand-la-peur-nous-bloque\/#webpage\"},\"author\":{\"@id\":\"https:\/\/eclorescence.fr\/#\/schema\/person\/3a80c733b4795ddddb911a3924add89c\"},\"headline\":\"Quand la peur nous bloque&#8230;\",\"datePublished\":\"2024-11-04T16:34:06+00:00\",\"dateModified\":\"2025-04-16T08:19:23+00:00\",\"mainEntityOfPage\":{\"@id\":\"https:\/\/eclorescence.fr\/index.php\/2024\/11\/04\/quand-la-peur-nous-bloque\/#webpage\"},\"wordCount\":4168,\"publisher\":{\"@id\":\"https:\/\/eclorescence.fr\/#organization\"},\"image\":{\"@id\":\"https:\/\/eclorescence.fr\/index.php\/2024\/11\/04\/quand-la-peur-nous-bloque\/#primaryimage\"},\"thumbnailUrl\":\"https:\/\/eclorescence.fr\/wp-content\/uploads\/2024\/11\/Design-sans-titre-16.png\",\"articleSection\":[\"Confiance en soi\"],\"inLanguage\":\"fr-FR\"},{\"@type\":\"Person\",\"@id\":\"https:\/\/eclorescence.fr\/#\/schema\/person\/3a80c733b4795ddddb911a3924add89c\",\"name\":\"Marion\",\"image\":{\"@type\":\"ImageObject\",\"@id\":\"https:\/\/eclorescence.fr\/#personlogo\",\"inLanguage\":\"fr-FR\",\"url\":\"https:\/\/secure.gravatar.com\/avatar\/7e5438cabfdaac63e418268991ba5602?s=96&d=mm&r=g\",\"contentUrl\":\"https:\/\/secure.gravatar.com\/avatar\/7e5438cabfdaac63e418268991ba5602?s=96&d=mm&r=g\",\"caption\":\"Marion\"}}]}<\/script>\n<!-- \/ Yoast SEO plugin. -->","yoast_head_json":{"title":"Quand la peur nous bloque... - Eclorescence","description":"Comment surmonter nos peurs psychologiques qui peuvent parfois nous emp\u00eacher de r\u00e9aliser des choses importantes pour nous ?","robots":{"index":"index","follow":"follow","max-snippet":"max-snippet:-1","max-image-preview":"max-image-preview:large","max-video-preview":"max-video-preview:-1"},"canonical":"https:\/\/eclorescence.fr\/index.php\/2024\/11\/04\/quand-la-peur-nous-bloque\/","og_locale":"fr_FR","og_type":"article","og_title":"Quand la peur nous bloque... - Eclorescence","og_description":"Comment surmonter nos peurs psychologiques qui peuvent parfois nous emp\u00eacher de r\u00e9aliser des choses importantes pour nous ?","og_url":"https:\/\/eclorescence.fr\/index.php\/2024\/11\/04\/quand-la-peur-nous-bloque\/","og_site_name":"Eclorescence","article_publisher":"https:\/\/www.facebook.com\/Eclorescence","article_published_time":"2024-11-04T16:34:06+00:00","article_modified_time":"2025-04-16T08:19:23+00:00","og_image":[{"width":1080,"height":1080,"url":"https:\/\/eclorescence.fr\/wp-content\/uploads\/2024\/11\/Design-sans-titre-16.png","type":"image\/png"}],"twitter_card":"summary_large_image","twitter_misc":{"\u00c9crit par":"Marion","Dur\u00e9e de lecture estim\u00e9e":"18 minutes"},"schema":{"@context":"https:\/\/schema.org","@graph":[{"@type":"Organization","@id":"https:\/\/eclorescence.fr\/#organization","name":"Eclorescence","url":"https:\/\/eclorescence.fr\/","sameAs":["https:\/\/www.facebook.com\/Eclorescence","https:\/\/www.instagram.com\/marion_oudot__eclorescence\/","https:\/\/www.linkedin.com\/company\/eclorescence\/"],"logo":{"@type":"ImageObject","@id":"https:\/\/eclorescence.fr\/#logo","inLanguage":"fr-FR","url":"https:\/\/eclorescence.fr\/wp-content\/uploads\/2020\/09\/Copie-de-LOGO-ECLORESCENCE.png","contentUrl":"https:\/\/eclorescence.fr\/wp-content\/uploads\/2020\/09\/Copie-de-LOGO-ECLORESCENCE.png","width":500,"height":500,"caption":"Eclorescence"},"image":{"@id":"https:\/\/eclorescence.fr\/#logo"}},{"@type":"WebSite","@id":"https:\/\/eclorescence.fr\/#website","url":"https:\/\/eclorescence.fr\/","name":"Eclorescence","description":"Faire \u00e9clore les ressources de chacun.e","publisher":{"@id":"https:\/\/eclorescence.fr\/#organization"},"potentialAction":[{"@type":"SearchAction","target":{"@type":"EntryPoint","urlTemplate":"https:\/\/eclorescence.fr\/?s={search_term_string}"},"query-input":"required name=search_term_string"}],"inLanguage":"fr-FR"},{"@type":"ImageObject","@id":"https:\/\/eclorescence.fr\/index.php\/2024\/11\/04\/quand-la-peur-nous-bloque\/#primaryimage","inLanguage":"fr-FR","url":"https:\/\/eclorescence.fr\/wp-content\/uploads\/2024\/11\/Design-sans-titre-16.png","contentUrl":"https:\/\/eclorescence.fr\/wp-content\/uploads\/2024\/11\/Design-sans-titre-16.png","width":1080,"height":1080,"caption":"peur"},{"@type":"WebPage","@id":"https:\/\/eclorescence.fr\/index.php\/2024\/11\/04\/quand-la-peur-nous-bloque\/#webpage","url":"https:\/\/eclorescence.fr\/index.php\/2024\/11\/04\/quand-la-peur-nous-bloque\/","name":"Quand la peur nous bloque... - Eclorescence","isPartOf":{"@id":"https:\/\/eclorescence.fr\/#website"},"primaryImageOfPage":{"@id":"https:\/\/eclorescence.fr\/index.php\/2024\/11\/04\/quand-la-peur-nous-bloque\/#primaryimage"},"datePublished":"2024-11-04T16:34:06+00:00","dateModified":"2025-04-16T08:19:23+00:00","description":"Comment surmonter nos peurs psychologiques qui peuvent parfois nous emp\u00eacher de r\u00e9aliser des choses importantes pour nous ?","breadcrumb":{"@id":"https:\/\/eclorescence.fr\/index.php\/2024\/11\/04\/quand-la-peur-nous-bloque\/#breadcrumb"},"inLanguage":"fr-FR","potentialAction":[{"@type":"ReadAction","target":["https:\/\/eclorescence.fr\/index.php\/2024\/11\/04\/quand-la-peur-nous-bloque\/"]}]},{"@type":"BreadcrumbList","@id":"https:\/\/eclorescence.fr\/index.php\/2024\/11\/04\/quand-la-peur-nous-bloque\/#breadcrumb","itemListElement":[{"@type":"ListItem","position":1,"name":"Accueil","item":"https:\/\/eclorescence.fr\/"},{"@type":"ListItem","position":2,"name":"Quand la peur nous bloque&#8230;"}]},{"@type":"Article","@id":"https:\/\/eclorescence.fr\/index.php\/2024\/11\/04\/quand-la-peur-nous-bloque\/#article","isPartOf":{"@id":"https:\/\/eclorescence.fr\/index.php\/2024\/11\/04\/quand-la-peur-nous-bloque\/#webpage"},"author":{"@id":"https:\/\/eclorescence.fr\/#\/schema\/person\/3a80c733b4795ddddb911a3924add89c"},"headline":"Quand la peur nous bloque&#8230;","datePublished":"2024-11-04T16:34:06+00:00","dateModified":"2025-04-16T08:19:23+00:00","mainEntityOfPage":{"@id":"https:\/\/eclorescence.fr\/index.php\/2024\/11\/04\/quand-la-peur-nous-bloque\/#webpage"},"wordCount":4168,"publisher":{"@id":"https:\/\/eclorescence.fr\/#organization"},"image":{"@id":"https:\/\/eclorescence.fr\/index.php\/2024\/11\/04\/quand-la-peur-nous-bloque\/#primaryimage"},"thumbnailUrl":"https:\/\/eclorescence.fr\/wp-content\/uploads\/2024\/11\/Design-sans-titre-16.png","articleSection":["Confiance en soi"],"inLanguage":"fr-FR"},{"@type":"Person","@id":"https:\/\/eclorescence.fr\/#\/schema\/person\/3a80c733b4795ddddb911a3924add89c","name":"Marion","image":{"@type":"ImageObject","@id":"https:\/\/eclorescence.fr\/#personlogo","inLanguage":"fr-FR","url":"https:\/\/secure.gravatar.com\/avatar\/7e5438cabfdaac63e418268991ba5602?s=96&d=mm&r=g","contentUrl":"https:\/\/secure.gravatar.com\/avatar\/7e5438cabfdaac63e418268991ba5602?s=96&d=mm&r=g","caption":"Marion"}}]}},"_links":{"self":[{"href":"https:\/\/eclorescence.fr\/index.php\/wp-json\/wp\/v2\/posts\/6974"}],"collection":[{"href":"https:\/\/eclorescence.fr\/index.php\/wp-json\/wp\/v2\/posts"}],"about":[{"href":"https:\/\/eclorescence.fr\/index.php\/wp-json\/wp\/v2\/types\/post"}],"author":[{"embeddable":true,"href":"https:\/\/eclorescence.fr\/index.php\/wp-json\/wp\/v2\/users\/1"}],"replies":[{"embeddable":true,"href":"https:\/\/eclorescence.fr\/index.php\/wp-json\/wp\/v2\/comments?post=6974"}],"version-history":[{"count":16,"href":"https:\/\/eclorescence.fr\/index.php\/wp-json\/wp\/v2\/posts\/6974\/revisions"}],"predecessor-version":[{"id":7297,"href":"https:\/\/eclorescence.fr\/index.php\/wp-json\/wp\/v2\/posts\/6974\/revisions\/7297"}],"wp:featuredmedia":[{"embeddable":true,"href":"https:\/\/eclorescence.fr\/index.php\/wp-json\/wp\/v2\/media\/6993"}],"wp:attachment":[{"href":"https:\/\/eclorescence.fr\/index.php\/wp-json\/wp\/v2\/media?parent=6974"}],"wp:term":[{"taxonomy":"category","embeddable":true,"href":"https:\/\/eclorescence.fr\/index.php\/wp-json\/wp\/v2\/categories?post=6974"},{"taxonomy":"post_tag","embeddable":true,"href":"https:\/\/eclorescence.fr\/index.php\/wp-json\/wp\/v2\/tags?post=6974"}],"curies":[{"name":"wp","href":"https:\/\/api.w.org\/{rel}","templated":true}]}}