{"id":7454,"date":"2025-09-10T16:17:19","date_gmt":"2025-09-10T14:17:19","guid":{"rendered":"https:\/\/eclorescence.fr\/?p=7454"},"modified":"2025-09-10T16:27:53","modified_gmt":"2025-09-10T14:27:53","slug":"larbre-de-vie-de-la-resilience","status":"publish","type":"post","link":"https:\/\/eclorescence.fr\/index.php\/2025\/09\/10\/larbre-de-vie-de-la-resilience\/","title":{"rendered":"L&rsquo;arbre de vie de la r\u00e9silience"},"content":{"rendered":"\n[et_pb_section fb_built=\u00a0\u00bb1&Prime; admin_label=\u00a0\u00bbBlog Section\u00a0\u00bb _builder_version=\u00a0\u00bb4.16&Prime; custom_padding=\u00a0\u00bb20px||11px|||\u00a0\u00bb global_colors_info=\u00a0\u00bb{}\u00a0\u00bb][et_pb_row _builder_version=\u00a0\u00bb4.20.2&Prime; global_colors_info=\u00a0\u00bb{}\u00a0\u00bb][et_pb_column type=\u00a0\u00bb4_4&Prime; _builder_version=\u00a0\u00bb4.16&Prime; custom_padding=\u00a0\u00bb|||\u00a0\u00bb global_colors_info=\u00a0\u00bb{}\u00a0\u00bb custom_padding__hover=\u00a0\u00bb|||\u00a0\u00bb][et_pb_text _builder_version=\u00a0\u00bb4.27.4&Prime; _module_preset=\u00a0\u00bbdefault\u00a0\u00bb custom_padding=\u00a0\u00bb7px|||||\u00a0\u00bb global_colors_info=\u00a0\u00bb{}\u00a0\u00bb]<p style=\"text-align: justify;\">La r\u00e9silience est un mot qu\u2019on entend un peu partout aujourd\u2019hui. La nature est r\u00e9siliente \u2013 une entreprise est r\u00e9siliente \u2013 et bien s\u00fbr, chacun d&rsquo;entre nous doit \u00e9galement faire preuve de r\u00e9silience.<\/p>\n<p style=\"text-align: justify;\">Sauf que <strong>la r\u00e9silience est l&rsquo;inverse d&rsquo;une injonction. C&rsquo;est un processus<\/strong>. Processus qui peut, \u00e0 des moments de notre vie, se r\u00e9v\u00e9ler plus difficile. C&rsquo;est ok. Nous vivons tous des \u00e9preuves de vies. Mais certaines nous marquent plus que d\u2019autres. Certaines nous cr\u00e9ent des blessures \u00e9motionnelles intenses dont nous avons parfois du mal \u00e0 gu\u00e9rir. Certaines nous bloquent dans le pass\u00e9 et nous emp\u00eachent de nous tourner vers l&rsquo;avenir.<\/p>\n<p style=\"text-align: justify;\">Depuis 6ans maintenant que j\u2019accompagne des particuliers comme des professionnels, je vois \u00e0 quel point, il peut \u00eatre difficile parfois de<a href=\"https:\/\/eclorescence.fr\/index.php\/2021\/12\/04\/comment-passer-a-autre-autre\/\"> tourner la page<\/a>, de se relever, de redonner du sens \u00e0 ce qu\u2019on a v\u00e9cu et de reprendre <a href=\"https:\/\/eclorescence.fr\/index.php\/2021\/09\/08\/mesestime-de-soi\/\">confiance en soi<\/a> et en l\u2019avenir. Que ce soit parce qu\u2019on a v\u00e9cu un burnout, un licenciement brutal, du harc\u00e8lement, une relation toxique, la perte d\u2019un \u00eatre cher ou encore la maladie, je mesure \u00e0 quel point prendre le temps de regarder ces \u00e9preuves sous un angle m\u00e9taphorique peut \u00eatre aidant. J&rsquo;accompagne ainsi de plus en plus ce sujet. J&rsquo;avais alors envie ici de partager les pistes de r\u00e9flexion pour aider ceux qui souhaiteraient initier ce travail par eux-m\u00eames.<\/p>\n<p style=\"text-align: justify;\">Mais d\u2019abord, revenons sur les 2 concepts cl\u00e9s de cet article : l\u2019Arbre de vie et la r\u00e9silience.<\/p>[\/et_pb_text][\/et_pb_column][\/et_pb_row][et_pb_row _builder_version=\u00a0\u00bb4.23.4&Prime; _module_preset=\u00a0\u00bbdefault\u00a0\u00bb global_colors_info=\u00a0\u00bb{}\u00a0\u00bb][et_pb_column type=\u00a0\u00bb4_4&Prime; _builder_version=\u00a0\u00bb4.20.2&Prime; _module_preset=\u00a0\u00bbdefault\u00a0\u00bb global_colors_info=\u00a0\u00bb{}\u00a0\u00bb][et_pb_text _builder_version=\u00a0\u00bb4.27.4&Prime; _module_preset=\u00a0\u00bbdefault\u00a0\u00bb global_colors_info=\u00a0\u00bb{}\u00a0\u00bb]<h4><strong>Qu&rsquo;est-ce que l&rsquo;Arbre de vie ?<\/strong><\/h4>\n<p style=\"text-align: justify;\">L&rsquo;Arbre de Vie est un outil m\u00e9taphorique issu des <strong>pratiques narratives<\/strong> et popularis\u00e9 en France par Dina Scherrer.<\/p>\n<p style=\"text-align: justify;\">L\u2019int\u00e9r\u00eat de cette approche est que, d\u2019une part, par la m\u00e9taphore, la personne est guid\u00e9e progressivement dans la r\u00e9appropriation de son histoire.<\/p>\n<p style=\"text-align: justify;\">D\u2019autre part, l&rsquo;un des pr\u00e9suppos\u00e9s de cette approche est que toute histoire qui n\u2019est pas ou plus racont\u00e9e, c\u2019est comme si elle n\u2019existait plus. Or, quand nous sommes envahies par des histoires de probl\u00e8mes, ces histoires prennent toutes la place et nous emp\u00eachent alors de nous reconnecter \u00e0 des histoires plus dignes. Le travail autour de l&rsquo;Arbre de vie va permettre aux personnes de justement se reconnecter aux histoires ressour\u00e7antes mais jusque-l\u00e0 tues.<\/p>[\/et_pb_text][\/et_pb_column][\/et_pb_row][et_pb_row _builder_version=\u00a0\u00bb4.27.4&Prime; _module_preset=\u00a0\u00bbdefault\u00a0\u00bb global_colors_info=\u00a0\u00bb{}\u00a0\u00bb][et_pb_column type=\u00a0\u00bb4_4&Prime; _builder_version=\u00a0\u00bb4.27.4&Prime; _module_preset=\u00a0\u00bbdefault\u00a0\u00bb global_colors_info=\u00a0\u00bb{}\u00a0\u00bb][et_pb_text _builder_version=\u00a0\u00bb4.27.4&Prime; _module_preset=\u00a0\u00bbdefault\u00a0\u00bb global_colors_info=\u00a0\u00bb{}\u00a0\u00bb]<p>Chaque partie de l&rsquo;arbre symbolise un aspect de notre vie :<\/p>\n<ul>\n<li><strong>Les racines<\/strong> : les exp\u00e9riences<\/li>\n<li><strong>Le sol<\/strong> : nos valeurs et besoins<\/li>\n<li><strong>Le tronc<\/strong> : nos comp\u00e9tences, forces, savoir-faire, qualit\u00e9s personnelles.<\/li>\n<li><strong>Les branches<\/strong> : nos r\u00eaves, objectifs, espoirs.<\/li>\n<li><strong>Les feuilles<\/strong> : les personnes qui nous entourent, nous aident, nous inspirent<\/li>\n<li><strong>Les fruits<\/strong> : les \u00ab\u00a0cadeaux de la vie\u00a0\u00bb : ceux que nous avons re\u00e7us, ceux que nous avons offert, ou encore ceux que nous avons envie de (nous) donner dans le futur.<\/li>\n<\/ul>[\/et_pb_text][\/et_pb_column][\/et_pb_row][et_pb_row column_structure=\u00a0\u00bb1_4,1_2,1_4&Prime; _builder_version=\u00a0\u00bb4.27.4&Prime; _module_preset=\u00a0\u00bbdefault\u00a0\u00bb global_colors_info=\u00a0\u00bb{}\u00a0\u00bb][et_pb_column type=\u00a0\u00bb1_4&Prime; _builder_version=\u00a0\u00bb4.27.4&Prime; _module_preset=\u00a0\u00bbdefault\u00a0\u00bb global_colors_info=\u00a0\u00bb{}\u00a0\u00bb][\/et_pb_column][et_pb_column type=\u00a0\u00bb1_2&Prime; _builder_version=\u00a0\u00bb4.27.4&Prime; _module_preset=\u00a0\u00bbdefault\u00a0\u00bb global_colors_info=\u00a0\u00bb{}\u00a0\u00bb][et_pb_image src=\u00a0\u00bbhttps:\/\/eclorescence.fr\/wp-content\/uploads\/2025\/07\/1738334277137.jpg\u00a0\u00bb alt=\u00a0\u00bbarbre de vie &#8211; exemple\u00a0\u00bb title_text=\u00a0\u00bbarbre de vie\u00a0\u00bb _builder_version=\u00a0\u00bb4.27.4&Prime; _module_preset=\u00a0\u00bbdefault\u00a0\u00bb global_colors_info=\u00a0\u00bb{}\u00a0\u00bb][\/et_pb_image][\/et_pb_column][et_pb_column type=\u00a0\u00bb1_4&Prime; _builder_version=\u00a0\u00bb4.27.4&Prime; _module_preset=\u00a0\u00bbdefault\u00a0\u00bb global_colors_info=\u00a0\u00bb{}\u00a0\u00bb][\/et_pb_column][\/et_pb_row][et_pb_row _builder_version=\u00a0\u00bb4.27.4&Prime; _module_preset=\u00a0\u00bbdefault\u00a0\u00bb global_colors_info=\u00a0\u00bb{}\u00a0\u00bb][et_pb_column type=\u00a0\u00bb4_4&Prime; _builder_version=\u00a0\u00bb4.27.4&Prime; _module_preset=\u00a0\u00bbdefault\u00a0\u00bb global_colors_info=\u00a0\u00bb{}\u00a0\u00bb][et_pb_text _builder_version=\u00a0\u00bb4.27.4&Prime; _module_preset=\u00a0\u00bbdefault\u00a0\u00bb global_colors_info=\u00a0\u00bb{}\u00a0\u00bb]<p style=\"text-align: justify;\">L&rsquo;arbre de vie peut \u00eatre utilis\u00e9 pour diff\u00e9rents besoins, mais chaque partie symbolisera globalement toujours les m\u00eames aspects. Ainsi, dans ma pratique, j&rsquo;utilise souvent l&rsquo;Arbre de Vie de la confiance en soi. Il peut \u00eatre aussi tr\u00e8s utile pour faire le point sur sa carri\u00e8re professionnelle, r\u00e9ussir une transition ou encore prendre du recul sur son r\u00f4le de manager.<\/p>[\/et_pb_text][\/et_pb_column][\/et_pb_row][et_pb_row _builder_version=\u00a0\u00bb4.25.2&Prime; _module_preset=\u00a0\u00bbdefault\u00a0\u00bb global_colors_info=\u00a0\u00bb{}\u00a0\u00bb][et_pb_column type=\u00a0\u00bb4_4&Prime; _builder_version=\u00a0\u00bb4.25.2&Prime; _module_preset=\u00a0\u00bbdefault\u00a0\u00bb global_colors_info=\u00a0\u00bb{}\u00a0\u00bb][et_pb_text _builder_version=\u00a0\u00bb4.27.4&Prime; _module_preset=\u00a0\u00bbdefault\u00a0\u00bb global_colors_info=\u00a0\u00bb{}\u00a0\u00bb]<h4 style=\"text-align: justify;\"><strong>Qu&rsquo;est-ce que la r\u00e9silience ?<\/strong><\/h4>\n<p style=\"text-align: justify;\">La r\u00e9silience, ce n\u2019est pas oublier, minimiser ou effacer une \u00e9preuve. C\u2019est retrouver un \u00e9lan de vie apr\u00e8s une blessure, c\u2019est trouver des points d\u2019appui pour avancer avec ce qui s\u2019est pass\u00e9, sans \u00eatre uniquement d\u00e9fini par cela.<\/p>\n<p style=\"text-align: justify;\">Le psychiatre Boris Cyrulnik, qui a beaucoup contribu\u00e9 \u00e0 populariser le concept, parle de la r\u00e9silience comme de cette \u00ab\u00a0capacit\u00e9 \u00e0 vivre, \u00e0 r\u00e9ussir, \u00e0 se d\u00e9velopper en d\u00e9pit de l\u2019adversit\u00e9\u00a0\u00bb.<\/p>\n<p>&nbsp;<\/p>[\/et_pb_text][\/et_pb_column][\/et_pb_row][et_pb_row column_structure=\u00a0\u00bb1_5,3_5,1_5&Prime; _builder_version=\u00a0\u00bb4.27.4&Prime; _module_preset=\u00a0\u00bbdefault\u00a0\u00bb global_colors_info=\u00a0\u00bb{}\u00a0\u00bb][et_pb_column type=\u00a0\u00bb1_5&Prime; _builder_version=\u00a0\u00bb4.27.4&Prime; _module_preset=\u00a0\u00bbdefault\u00a0\u00bb global_colors_info=\u00a0\u00bb{}\u00a0\u00bb][\/et_pb_column][et_pb_column type=\u00a0\u00bb3_5&Prime; _builder_version=\u00a0\u00bb4.27.4&Prime; _module_preset=\u00a0\u00bbdefault\u00a0\u00bb global_colors_info=\u00a0\u00bb{}\u00a0\u00bb][et_pb_video src=\u00a0\u00bbhttps:\/\/www.youtube.com\/watch?v=iGWZcyR74Qo\u00a0\u00bb _builder_version=\u00a0\u00bb4.27.4&Prime; _module_preset=\u00a0\u00bbdefault\u00a0\u00bb global_colors_info=\u00a0\u00bb{}\u00a0\u00bb][\/et_pb_video][\/et_pb_column][et_pb_column type=\u00a0\u00bb1_5&Prime; _builder_version=\u00a0\u00bb4.27.4&Prime; _module_preset=\u00a0\u00bbdefault\u00a0\u00bb global_colors_info=\u00a0\u00bb{}\u00a0\u00bb][\/et_pb_column][\/et_pb_row][et_pb_row _builder_version=\u00a0\u00bb4.27.4&Prime; _module_preset=\u00a0\u00bbdefault\u00a0\u00bb global_colors_info=\u00a0\u00bb{}\u00a0\u00bb][et_pb_column type=\u00a0\u00bb4_4&Prime; _builder_version=\u00a0\u00bb4.27.4&Prime; _module_preset=\u00a0\u00bbdefault\u00a0\u00bb global_colors_info=\u00a0\u00bb{}\u00a0\u00bb][et_pb_text _builder_version=\u00a0\u00bb4.27.4&Prime; _module_preset=\u00a0\u00bbdefault\u00a0\u00bb global_colors_info=\u00a0\u00bb{}\u00a0\u00bb]<p>Dans ce contexte, l\u2019Arbre de Vie devient un formidable outil de r\u00e9silience :<\/p>\n<ul>\n<li>Il permet de reconnecter les points forts de son histoire.<\/li>\n<li>Il donne de la voix \u00e0 des souvenirs oubli\u00e9s ou \u00e0 des ressources pass\u00e9es inaper\u00e7ues.<\/li>\n<li>Il offre un cadre bienveillant pour transformer une \u00e9preuve en levier.<\/li>\n<\/ul>[\/et_pb_text][et_pb_text _builder_version=\u00a0\u00bb4.27.4&Prime; _module_preset=\u00a0\u00bbdefault\u00a0\u00bb global_colors_info=\u00a0\u00bb{}\u00a0\u00bb]<h4><strong>R\u00e9alisez votre Arbre de Vie de la r\u00e9silience<\/strong><\/h4>\n<p style=\"text-align: justify;\">Vous avez v\u00e9cu une \u00e9preuve et vous sentez que vous avez encore du mal \u00e0 vous en d\u00e9tacher pour vous tourner vers l\u2019avenir avec davantage de confiance et de s\u00e9r\u00e9nit\u00e9 ? Alors je vous invite \u00e0 suivre pas \u00e0 pas ce cheminement.<\/p>\n<p style=\"text-align: justify;\">Pour commencer, prenez une grande feuille (vous pouvez scotcher 2 feuilles A4) et dessinez un grand arbre avec des racines, un sol, un tronc, des branches, des feuilles, des fruits. Ajoutez \u00e9galement un oiseau sur une branche ou au-dessus de votre arbre.<\/p>\n<p style=\"text-align: justify;\">Ensuite, pour compl\u00e9ter chaque partie de l\u2019arbre, je vais vous proposer quelques questions. Je vous conseille vraiment de prendre votre temps. Ne sautez pas une partie tant que vous n\u2019avez pas compl\u00e9t\u00e9 la partie pr\u00e9c\u00e9dente. Pour que ce travail vous soit b\u00e9n\u00e9fique, assurez-vous de le faire dans un moment o\u00f9 vous avez le temps et o\u00f9 vous ne serez pas d\u00e9rang\u00e9. En fonction de vos pr\u00e9f\u00e9rences sensorielles, n&rsquo;h\u00e9sitez pas \u00e0 vous concocter un environnement propice au calme, \u00e0 la douceur et \u00e0 l&rsquo;introspection :<\/p>\n<ul style=\"text-align: justify;\">\n<li>Des feutres de couleur<\/li>\n<li>Une musique d\u2019ambiance<\/li>\n<li>Une bougie parfum\u00e9e<\/li>\n<\/ul>\n<p style=\"text-align: justify;\">Vous \u00eates pr\u00eat.e\u00a0?<\/p>\n<p style=\"text-align: justify;\">Alors, c\u2019est parti<\/p>[\/et_pb_text][\/et_pb_column][\/et_pb_row][et_pb_row _builder_version=\u00a0\u00bb4.23&Prime; _module_preset=\u00a0\u00bbdefault\u00a0\u00bb global_colors_info=\u00a0\u00bb{}\u00a0\u00bb][et_pb_column type=\u00a0\u00bb4_4&Prime; _builder_version=\u00a0\u00bb4.23&Prime; _module_preset=\u00a0\u00bbdefault\u00a0\u00bb global_colors_info=\u00a0\u00bb{}\u00a0\u00bb][et_pb_text _builder_version=\u00a0\u00bb4.27.4&Prime; _module_preset=\u00a0\u00bbdefault\u00a0\u00bb global_colors_info=\u00a0\u00bb{}\u00a0\u00bb]<h5>Les racines<\/h5>\n<ul>\n<li style=\"text-align: justify;\">Quels sont les principaux d\u00e9fis que vous avez eus \u00e0 relever dans votre vie (pro\/perso) ? Quel \u00e2ge aviez-vous ? Que s&rsquo;est-il pass\u00e9 ? Comment avez-vous fait pour relever chacun de ces d\u00e9fis ?\u00a0<\/li>\n<li style=\"text-align: justify;\">\u00c0 quel moment vous \u00eates-vous d\u00e9j\u00e0 senti.e r\u00e9silient.e ?<\/li>\n<li style=\"text-align: justify;\">Qu\u2019est-ce que cette \u00e9preuve de vie que vous avez travers\u00e9e derni\u00e8rement vous a appris de fondamental sur la vie ? Et sur vous ?<\/li>\n<li style=\"text-align: justify;\">Qu\u2019est-ce que vous avez su mettre en place, instinctivement, pour vous ressourcer, vous aider \u00e0 tenir le coup ?<\/li>\n<\/ul>\n<p style=\"text-align: justify;\">Laissez venir les r\u00e9ponses \u00e0 ces questions et notez les mots importants pour vous au niveau des racines.<\/p>[\/et_pb_text][\/et_pb_column][\/et_pb_row][et_pb_row _builder_version=\u00a0\u00bb4.24.2&Prime; _module_preset=\u00a0\u00bbdefault\u00a0\u00bb global_colors_info=\u00a0\u00bb{}\u00a0\u00bb][et_pb_column type=\u00a0\u00bb4_4&Prime; _builder_version=\u00a0\u00bb4.24.2&Prime; _module_preset=\u00a0\u00bbdefault\u00a0\u00bb global_colors_info=\u00a0\u00bb{}\u00a0\u00bb][et_pb_text _builder_version=\u00a0\u00bb4.27.4&Prime; _module_preset=\u00a0\u00bbdefault\u00a0\u00bb global_colors_info=\u00a0\u00bb{}\u00a0\u00bb]<h5 style=\"text-align: justify;\">Le sol<\/h5>\n<ul>\n<li>Quelles sont les valeurs que cette exp\u00e9rience a mises en lumi\u00e8re, r\u00e9v\u00e9l\u00e9es, d\u00e9velopp\u00e9es ?<\/li>\n<li>Qu\u2019est-ce que cette exp\u00e9rience vous a appris en termes de besoins fondamentaux pour vous ?<\/li>\n<li style=\"text-align: justify;\">Qu\u2019est-ce qui est important pour vous actuellement et qui vous aide \u00e0 prendre soin de vous ?<\/li>\n<\/ul>\n<p style=\"text-align: justify;\">De la m\u00eame fa\u00e7on, notez les mots cl\u00e9s au niveau du sol, \u00e0 droite et \u00e0 gauche de votre arbre.<\/p>[\/et_pb_text][et_pb_text _builder_version=\u00a0\u00bb4.27.4&Prime; _module_preset=\u00a0\u00bbdefault\u00a0\u00bb global_colors_info=\u00a0\u00bb{}\u00a0\u00bb]<h5 style=\"text-align: justify;\">Le tronc<\/h5>\n<ul style=\"text-align: justify;\">\n<li>Quelles sont les qualit\u00e9s, comp\u00e9tences que vous avez, que l\u2019on vous reconnait\u00a0et qui vous aident dans la vie\u00a0?<\/li>\n<li>Quelle est votre comp\u00e9tence particuli\u00e8re, celle qui vous aide \u00e0 prendre soin vous et\/ou \u00e0 faire face ?<\/li>\n<li>Qu\u2019est-ce que cette \u00e9preuve a r\u00e9v\u00e9l\u00e9 en vous comme comp\u00e9tences que vous ne soup\u00e7onniez pas ? (ou pas \u00e0 ce niveau)<\/li>\n<li>Parmi les qualit\u00e9s, comp\u00e9tences et forces que vous avez not\u00e9es, quelles sont celles qui pourront particuli\u00e8rement vous aider demain ? Dans quels domaines pourront elles vous \u00eatre utiles ?<\/li>\n<\/ul>\n<p style=\"text-align: justify;\">Vous pourriez \u00eatre tent\u00e9 de demander l\u2019avis de vos proches pour compl\u00e9ter cette partie. Je vous invite \u00e0 y r\u00e9pondre d\u2019abord et avant tout par vous-m\u00eame. Ce qui est important ici, c\u2019est ce que vous, vous identifiez comme comp\u00e9tences, qualit\u00e9s, talents. Osez poser ces mots \u00e0 votre \u00e9gard. Cela ne fera pas de vous quelqu\u2019un de vantard. Mais quelqu\u2019un qui sait reconnaitre sa valeur.<\/p>[\/et_pb_text][\/et_pb_column][\/et_pb_row][et_pb_row _builder_version=\u00a0\u00bb4.23.4&Prime; _module_preset=\u00a0\u00bbdefault\u00a0\u00bb global_colors_info=\u00a0\u00bb{}\u00a0\u00bb][et_pb_column type=\u00a0\u00bb4_4&Prime; _builder_version=\u00a0\u00bb4.23.4&Prime; _module_preset=\u00a0\u00bbdefault\u00a0\u00bb global_colors_info=\u00a0\u00bb{}\u00a0\u00bb][et_pb_text _builder_version=\u00a0\u00bb4.27.4&Prime; _module_preset=\u00a0\u00bbdefault\u00a0\u00bb global_colors_info=\u00a0\u00bb{}\u00a0\u00bb]<h5>L&rsquo;\u00e9corce<\/h5>\n<h5><span style=\"font-size: 14px; text-align: justify; color: #666666;\"><\/span><\/h5>\n<ul>\n<li style=\"text-align: justify;\">Qu\u2019est-ce que cette \u00e9preuve n\u2019a pas r\u00e9ussi \u00e0 atteindre chez vous\u00a0? Qu\u2019est-ce que vous avez r\u00e9ussi \u00e0 pr\u00e9server\u00a0?<\/li>\n<li style=\"text-align: justify;\">Comment avez su prot\u00e9ger ce qui \u00e9tait important pour vous ?<\/li>\n<\/ul>\n<p style=\"text-align: justify;\">\u00c0 un endroit du tronc, localisez une \u00e9corce et notez-y les mots cl\u00e9s<\/p>[\/et_pb_text][\/et_pb_column][\/et_pb_row][et_pb_row _builder_version=\u00a0\u00bb4.23.4&Prime; _module_preset=\u00a0\u00bbdefault\u00a0\u00bb global_colors_info=\u00a0\u00bb{}\u00a0\u00bb][et_pb_column type=\u00a0\u00bb4_4&Prime; _builder_version=\u00a0\u00bb4.23.4&Prime; _module_preset=\u00a0\u00bbdefault\u00a0\u00bb global_colors_info=\u00a0\u00bb{}\u00a0\u00bb][et_pb_text _builder_version=\u00a0\u00bb4.27.4&Prime; _module_preset=\u00a0\u00bbdefault\u00a0\u00bb global_colors_info=\u00a0\u00bb{}\u00a0\u00bb]<h5 style=\"text-align: justify;\">Les branches<\/h5>\n<ul>\n<li style=\"text-align: justify;\">Quels sont les r\u00eaves, les projets, les espoirs que vous nourrissez pour votre vie demain ?<\/li>\n<li style=\"text-align: justify;\">Qu\u2019est-ce que cette exp\u00e9rience a g\u00e9n\u00e9r\u00e9 en vous comme nouvelles envies pour votre vie\u00a0?<\/li>\n<li style=\"text-align: justify;\">Dans quels projets avez-vous envie de mettre votre \u00e9nergie ?<\/li>\n<li style=\"text-align: justify;\">Quelles sont les premi\u00e8res choses que vous auriez envie de mettre en place ou de r\u00e9aliser concr\u00e8tement ?<\/li>\n<\/ul>\n<p style=\"text-align: justify;\">Laissez venir \u00e0 vous vos r\u00eaves, projets et espoirs. Faites parler votre c\u0153ur plut\u00f4t que votre t\u00eate. Notez ce qui r\u00e9sonne en vous. M\u00eame si\u00a0 \u00e7a ne vous parait pas possible ou raisonnable.<\/p>[\/et_pb_text][et_pb_text _builder_version=\u00a0\u00bb4.27.4&Prime; _module_preset=\u00a0\u00bbdefault\u00a0\u00bb global_colors_info=\u00a0\u00bb{}\u00a0\u00bb]<h5 style=\"text-align: justify;\">Les feuilles<\/h5>\n<ul>\n<li style=\"text-align: justify;\">Quelles sont les personnes importantes de votre vie, celles sur qui vous avez toujours pu compter ?<\/li>\n<li style=\"text-align: justify;\">Quelles sont les personnes qui, quand vous vous reliez \u00e0 elles, vous font du bien, vous apaisent ?<\/li>\n<li style=\"text-align: justify;\">Quels sont les h\u00e9ros, les mod\u00e8les qui vous inspirent dans leur mani\u00e8re de vivre et\/ou vous poussent \u00e0 d\u00e9passer courageusement l&rsquo;\u00e9preuve v\u00e9cue ?<\/li>\n<li style=\"text-align: justify;\">Quelles sont les personnes que vous auriez envie de remercier particuli\u00e8rement pour ce qu\u2019elles ont pu vous apporter d\u2019une mani\u00e8re ou d\u2019une autre pendant cette \u00e9preuve\u00a0?<\/li>\n<\/ul>\n<p style=\"text-align: justify;\">Voil\u00e0 ce qu\u2019on appelle, en approche narrative, votre \u00ab club de vie \u00bb. Vous n&rsquo;\u00eates pas seul.e.<\/p>[\/et_pb_text][et_pb_text _builder_version=\u00a0\u00bb4.27.4&Prime; _module_preset=\u00a0\u00bbdefault\u00a0\u00bb global_colors_info=\u00a0\u00bb{}\u00a0\u00bb]<h5 style=\"text-align: justify;\">Les fruits<\/h5>\n<ul>\n<li style=\"text-align: justify;\">Qu&rsquo;avez-vous re\u00e7u d&rsquo;important de la part des autres pendant cette p\u00e9riode\u00a0?<\/li>\n<li style=\"text-align: justify;\">Quels sont les cadeaux que vous avez envie de vous offrir \u00e0 l\u2019avenir\u00a0?<\/li>\n<li style=\"text-align: justify;\">Quels sont les cadeaux que vous avez envie de partager \u00e0 votre tour ?<\/li>\n<\/ul>\n<h5 style=\"text-align: justify;\">L&rsquo;oiseau<\/h5>\n<ul>\n<li style=\"text-align: justify;\">Quel est l\u2019air (la chanson) de votre arbre de la r\u00e9silience ?<\/li>\n<li style=\"text-align: justify;\">Quand vous l\u2019\u00e9coutez, qu\u2019est-ce que cela rend possible ?<\/li>\n<\/ul>[\/et_pb_text][\/et_pb_column][\/et_pb_row][et_pb_row column_structure=\u00a0\u00bb3_5,2_5&Prime; _builder_version=\u00a0\u00bb4.27.4&Prime; _module_preset=\u00a0\u00bbdefault\u00a0\u00bb global_colors_info=\u00a0\u00bb{}\u00a0\u00bb][et_pb_column type=\u00a0\u00bb3_5&Prime; _builder_version=\u00a0\u00bb4.27.4&Prime; _module_preset=\u00a0\u00bbdefault\u00a0\u00bb global_colors_info=\u00a0\u00bb{}\u00a0\u00bb][et_pb_text _builder_version=\u00a0\u00bb4.27.4&Prime; _module_preset=\u00a0\u00bbdefault\u00a0\u00bb global_colors_info=\u00a0\u00bb{}\u00a0\u00bb]<p style=\"text-align: justify;\">Prenez maintenant le temps de rebalayer votre arbre.<\/p>\n<ul>\n<li style=\"text-align: justify;\">Qu\u2019est-ce que votre arbre vous a appris sur vous, sur vos ressources, vos besoins, vos soutiens\u2026 ?<\/li>\n<li style=\"text-align: justify;\">Qu\u2019est-ce qui, peut-\u00eatre, vous a surpris ?<\/li>\n<li style=\"text-align: justify;\">Quelles sont les premi\u00e8res actions, projets que vous vous sentez capable de mettre en place demain afin de rendre hommage \u00e0 ce qui est important pour vous aujourd\u2019hui ?<\/li>\n<\/ul>[\/et_pb_text][\/et_pb_column][et_pb_column type=\u00a0\u00bb2_5&Prime; _builder_version=\u00a0\u00bb4.27.4&Prime; _module_preset=\u00a0\u00bbdefault\u00a0\u00bb global_colors_info=\u00a0\u00bb{}\u00a0\u00bb][et_pb_image src=\u00a0\u00bbhttps:\/\/eclorescence.fr\/wp-content\/uploads\/2025\/07\/19.jpg\u00a0\u00bb alt=\u00a0\u00bbarbre de vie\u00a0\u00bb title_text=\u00a0\u00bbarbre de vie\u00a0\u00bb _builder_version=\u00a0\u00bb4.27.4&Prime; _module_preset=\u00a0\u00bbdefault\u00a0\u00bb global_colors_info=\u00a0\u00bb{}\u00a0\u00bb][\/et_pb_image][\/et_pb_column][\/et_pb_row][et_pb_row _builder_version=\u00a0\u00bb4.27.4&Prime; _module_preset=\u00a0\u00bbdefault\u00a0\u00bb global_colors_info=\u00a0\u00bb{}\u00a0\u00bb][et_pb_column type=\u00a0\u00bb4_4&Prime; _builder_version=\u00a0\u00bb4.27.4&Prime; _module_preset=\u00a0\u00bbdefault\u00a0\u00bb global_colors_info=\u00a0\u00bb{}\u00a0\u00bb][et_pb_text _builder_version=\u00a0\u00bb4.27.4&Prime; _module_preset=\u00a0\u00bbdefault\u00a0\u00bb global_colors_info=\u00a0\u00bb{}\u00a0\u00bb]<p style=\"text-align: justify;\">L&rsquo;Arbre de Vie n&rsquo;est pas un rem\u00e8de magique. Mais c&rsquo;est un outil d&rsquo;une grande puissance pour redonner de la dignit\u00e9, de la continuit\u00e9 et de la profondeur \u00e0 une histoire de vie, et particuli\u00e8rement une histoire d\u2019\u00e9preuve.\u00a0<\/p>\n<p style=\"text-align: justify;\">En l&rsquo;utilisant dans une d\u00e9marche de r\u00e9silience, on change le regard que l&rsquo;on porte sur soi et sur ce que l\u2019on a v\u00e9cu. <strong>\u00c7a ne change pas ce qui s\u2019est pass\u00e9, mais \u00e7a doit nous permettre de le regarder \u00e0 un autre endroit.<\/strong> Un endroit o\u00f9 la distance est davantage raisonnable pour nous et o\u00f9 l\u2019ombre de cette \u00e9preuve n\u2019obstrue plus notre avenir.<\/p>\n<p style=\"text-align: justify;\">C\u2019est tout le cheminement que je vous souhaite.<\/p>\n<p style=\"text-align: justify;\">Et que ce soit avec moi ou un autre accompagnant, sachez demander de l\u2019aide si vous souhaitez faire ce cheminement \u00e0 deux.<\/p>\n<p>&nbsp;<\/p>\n<p>Marion<\/p>[\/et_pb_text][\/et_pb_column][\/et_pb_row][et_pb_row column_structure=\u00a0\u00bb1_5,3_5,1_5&Prime; _builder_version=\u00a0\u00bb4.21.0&Prime; _module_preset=\u00a0\u00bbdefault\u00a0\u00bb global_colors_info=\u00a0\u00bb{}\u00a0\u00bb][et_pb_column type=\u00a0\u00bb1_5&Prime; _builder_version=\u00a0\u00bb4.21.0&Prime; _module_preset=\u00a0\u00bbdefault\u00a0\u00bb global_colors_info=\u00a0\u00bb{}\u00a0\u00bb][\/et_pb_column][et_pb_column type=\u00a0\u00bb3_5&Prime; _builder_version=\u00a0\u00bb4.21.0&Prime; _module_preset=\u00a0\u00bbdefault\u00a0\u00bb global_colors_info=\u00a0\u00bb{}\u00a0\u00bb][et_pb_button button_url=\u00a0\u00bbhttps:\/\/eclorescence.fr\/index.php\/contact\/\u00a0\u00bb button_text=\u00a0\u00bbME CONTACTER\u00a0\u00bb button_alignment=\u00a0\u00bbcenter\u00a0\u00bb _builder_version=\u00a0\u00bb4.27.4&Prime; _module_preset=\u00a0\u00bbccf1d899-4e22-4506-8a07-990957ad9684&Prime; global_colors_info=\u00a0\u00bb{}\u00a0\u00bb][\/et_pb_button][\/et_pb_column][et_pb_column type=\u00a0\u00bb1_5&Prime; _builder_version=\u00a0\u00bb4.21.0&Prime; _module_preset=\u00a0\u00bbdefault\u00a0\u00bb global_colors_info=\u00a0\u00bb{}\u00a0\u00bb][\/et_pb_column][\/et_pb_row][et_pb_row _builder_version=\u00a0\u00bb4.19.0&Prime; _module_preset=\u00a0\u00bbdefault\u00a0\u00bb global_colors_info=\u00a0\u00bb{}\u00a0\u00bb][et_pb_column type=\u00a0\u00bb4_4&Prime; _builder_version=\u00a0\u00bb4.19.0&Prime; _module_preset=\u00a0\u00bbdefault\u00a0\u00bb global_colors_info=\u00a0\u00bb{}\u00a0\u00bb][et_pb_post_nav prev_text=\u00a0\u00bbla col\u00e8re : en faire une alli\u00e9e plut\u00f4t qu&rsquo;un ennemi\u00a0\u00bb _builder_version=\u00a0\u00bb4.27.4&Prime; _module_preset=\u00a0\u00bbdefault\u00a0\u00bb global_colors_info=\u00a0\u00bb{}\u00a0\u00bb][\/et_pb_post_nav][\/et_pb_column][\/et_pb_row][\/et_pb_section]\n","protected":false},"excerpt":{"rendered":"<p>La r\u00e9silience est un mot qu\u2019on entend un peu partout aujourd\u2019hui. La nature est r\u00e9siliente \u2013 une entreprise est r\u00e9siliente \u2013 et bien s\u00fbr, chacun d&rsquo;entre nous doit \u00e9galement faire preuve de r\u00e9silience. Sauf que la r\u00e9silience est l&rsquo;inverse d&rsquo;une injonction. C&rsquo;est un processus. Processus qui peut, \u00e0 des moments de notre vie, se r\u00e9v\u00e9ler [&hellip;]<\/p>\n","protected":false},"author":1,"featured_media":7510,"comment_status":"closed","ping_status":"closed","sticky":false,"template":"","format":"gallery","meta":{"_et_pb_use_builder":"on","_et_pb_old_content":"","_et_gb_content_width":""},"categories":[30,19],"tags":[],"yoast_head":"<!-- This site is optimized with the Yoast SEO plugin v18.4.1 - https:\/\/yoast.com\/wordpress\/plugins\/seo\/ -->\n<title>L&#039;arbre de vie de la r\u00e9silience - Eclorescence<\/title>\n<meta name=\"description\" content=\"Suivez le protocole pas \u00e0 pas pour r\u00e9aliser votre arbre de vie et avancer, \u00e0 votre rythme, dans un processus de r\u00e9silience.\" \/>\n<meta name=\"robots\" content=\"index, follow, max-snippet:-1, max-image-preview:large, max-video-preview:-1\" \/>\n<link rel=\"canonical\" href=\"https:\/\/eclorescence.fr\/index.php\/2025\/09\/10\/larbre-de-vie-de-la-resilience\/\" \/>\n<meta property=\"og:locale\" content=\"fr_FR\" \/>\n<meta property=\"og:type\" content=\"article\" \/>\n<meta property=\"og:title\" content=\"L&#039;arbre de vie de la r\u00e9silience - Eclorescence\" \/>\n<meta property=\"og:description\" content=\"Suivez le protocole pas \u00e0 pas pour r\u00e9aliser votre arbre de vie et avancer, \u00e0 votre rythme, dans un processus de r\u00e9silience.\" \/>\n<meta property=\"og:url\" content=\"https:\/\/eclorescence.fr\/index.php\/2025\/09\/10\/larbre-de-vie-de-la-resilience\/\" \/>\n<meta property=\"og:site_name\" content=\"Eclorescence\" \/>\n<meta property=\"article:publisher\" content=\"https:\/\/www.facebook.com\/Eclorescence\" \/>\n<meta property=\"article:published_time\" content=\"2025-09-10T14:17:19+00:00\" \/>\n<meta property=\"article:modified_time\" content=\"2025-09-10T14:27:53+00:00\" \/>\n<meta property=\"og:image\" content=\"https:\/\/eclorescence.fr\/wp-content\/uploads\/2025\/09\/bel-arbre-au-milieu-d-un-champ-couvert-d-herbe-avec-la-limite-des-arbres-en-arriere-plan.jpg\" \/>\n\t<meta property=\"og:image:width\" content=\"2231\" \/>\n\t<meta property=\"og:image:height\" content=\"1240\" \/>\n\t<meta property=\"og:image:type\" content=\"image\/jpeg\" \/>\n<meta name=\"twitter:card\" content=\"summary_large_image\" \/>\n<meta name=\"twitter:label1\" content=\"\u00c9crit par\" \/>\n\t<meta name=\"twitter:data1\" content=\"Marion\" \/>\n\t<meta name=\"twitter:label2\" content=\"Dur\u00e9e de lecture estim\u00e9e\" \/>\n\t<meta name=\"twitter:data2\" content=\"10 minutes\" \/>\n<script type=\"application\/ld+json\" class=\"yoast-schema-graph\">{\"@context\":\"https:\/\/schema.org\",\"@graph\":[{\"@type\":\"Organization\",\"@id\":\"https:\/\/eclorescence.fr\/#organization\",\"name\":\"Eclorescence\",\"url\":\"https:\/\/eclorescence.fr\/\",\"sameAs\":[\"https:\/\/www.facebook.com\/Eclorescence\",\"https:\/\/www.instagram.com\/marion_oudot__eclorescence\/\",\"https:\/\/www.linkedin.com\/company\/eclorescence\/\"],\"logo\":{\"@type\":\"ImageObject\",\"@id\":\"https:\/\/eclorescence.fr\/#logo\",\"inLanguage\":\"fr-FR\",\"url\":\"https:\/\/eclorescence.fr\/wp-content\/uploads\/2020\/09\/Copie-de-LOGO-ECLORESCENCE.png\",\"contentUrl\":\"https:\/\/eclorescence.fr\/wp-content\/uploads\/2020\/09\/Copie-de-LOGO-ECLORESCENCE.png\",\"width\":500,\"height\":500,\"caption\":\"Eclorescence\"},\"image\":{\"@id\":\"https:\/\/eclorescence.fr\/#logo\"}},{\"@type\":\"WebSite\",\"@id\":\"https:\/\/eclorescence.fr\/#website\",\"url\":\"https:\/\/eclorescence.fr\/\",\"name\":\"Eclorescence\",\"description\":\"Faire \u00e9clore les ressources de chacun.e\",\"publisher\":{\"@id\":\"https:\/\/eclorescence.fr\/#organization\"},\"potentialAction\":[{\"@type\":\"SearchAction\",\"target\":{\"@type\":\"EntryPoint\",\"urlTemplate\":\"https:\/\/eclorescence.fr\/?s={search_term_string}\"},\"query-input\":\"required name=search_term_string\"}],\"inLanguage\":\"fr-FR\"},{\"@type\":\"ImageObject\",\"@id\":\"https:\/\/eclorescence.fr\/index.php\/2025\/09\/10\/larbre-de-vie-de-la-resilience\/#primaryimage\",\"inLanguage\":\"fr-FR\",\"url\":\"https:\/\/eclorescence.fr\/wp-content\/uploads\/2025\/09\/bel-arbre-au-milieu-d-un-champ-couvert-d-herbe-avec-la-limite-des-arbres-en-arriere-plan.jpg\",\"contentUrl\":\"https:\/\/eclorescence.fr\/wp-content\/uploads\/2025\/09\/bel-arbre-au-milieu-d-un-champ-couvert-d-herbe-avec-la-limite-des-arbres-en-arriere-plan.jpg\",\"width\":2231,\"height\":1240,\"caption\":\"arbre de vie r\u00e9silience\"},{\"@type\":\"WebPage\",\"@id\":\"https:\/\/eclorescence.fr\/index.php\/2025\/09\/10\/larbre-de-vie-de-la-resilience\/#webpage\",\"url\":\"https:\/\/eclorescence.fr\/index.php\/2025\/09\/10\/larbre-de-vie-de-la-resilience\/\",\"name\":\"L'arbre de vie de la r\u00e9silience - Eclorescence\",\"isPartOf\":{\"@id\":\"https:\/\/eclorescence.fr\/#website\"},\"primaryImageOfPage\":{\"@id\":\"https:\/\/eclorescence.fr\/index.php\/2025\/09\/10\/larbre-de-vie-de-la-resilience\/#primaryimage\"},\"datePublished\":\"2025-09-10T14:17:19+00:00\",\"dateModified\":\"2025-09-10T14:27:53+00:00\",\"description\":\"Suivez le protocole pas \u00e0 pas pour r\u00e9aliser votre arbre de vie et avancer, \u00e0 votre rythme, dans un processus de r\u00e9silience.\",\"breadcrumb\":{\"@id\":\"https:\/\/eclorescence.fr\/index.php\/2025\/09\/10\/larbre-de-vie-de-la-resilience\/#breadcrumb\"},\"inLanguage\":\"fr-FR\",\"potentialAction\":[{\"@type\":\"ReadAction\",\"target\":[\"https:\/\/eclorescence.fr\/index.php\/2025\/09\/10\/larbre-de-vie-de-la-resilience\/\"]}]},{\"@type\":\"BreadcrumbList\",\"@id\":\"https:\/\/eclorescence.fr\/index.php\/2025\/09\/10\/larbre-de-vie-de-la-resilience\/#breadcrumb\",\"itemListElement\":[{\"@type\":\"ListItem\",\"position\":1,\"name\":\"Accueil\",\"item\":\"https:\/\/eclorescence.fr\/\"},{\"@type\":\"ListItem\",\"position\":2,\"name\":\"L&rsquo;arbre de vie de la r\u00e9silience\"}]},{\"@type\":\"Article\",\"@id\":\"https:\/\/eclorescence.fr\/index.php\/2025\/09\/10\/larbre-de-vie-de-la-resilience\/#article\",\"isPartOf\":{\"@id\":\"https:\/\/eclorescence.fr\/index.php\/2025\/09\/10\/larbre-de-vie-de-la-resilience\/#webpage\"},\"author\":{\"@id\":\"https:\/\/eclorescence.fr\/#\/schema\/person\/3a80c733b4795ddddb911a3924add89c\"},\"headline\":\"L&rsquo;arbre de vie de la r\u00e9silience\",\"datePublished\":\"2025-09-10T14:17:19+00:00\",\"dateModified\":\"2025-09-10T14:27:53+00:00\",\"mainEntityOfPage\":{\"@id\":\"https:\/\/eclorescence.fr\/index.php\/2025\/09\/10\/larbre-de-vie-de-la-resilience\/#webpage\"},\"wordCount\":2742,\"publisher\":{\"@id\":\"https:\/\/eclorescence.fr\/#organization\"},\"image\":{\"@id\":\"https:\/\/eclorescence.fr\/index.php\/2025\/09\/10\/larbre-de-vie-de-la-resilience\/#primaryimage\"},\"thumbnailUrl\":\"https:\/\/eclorescence.fr\/wp-content\/uploads\/2025\/09\/bel-arbre-au-milieu-d-un-champ-couvert-d-herbe-avec-la-limite-des-arbres-en-arriere-plan.jpg\",\"articleSection\":[\"Confiance en soi\",\"Ecologie personnelle\"],\"inLanguage\":\"fr-FR\"},{\"@type\":\"Person\",\"@id\":\"https:\/\/eclorescence.fr\/#\/schema\/person\/3a80c733b4795ddddb911a3924add89c\",\"name\":\"Marion\",\"image\":{\"@type\":\"ImageObject\",\"@id\":\"https:\/\/eclorescence.fr\/#personlogo\",\"inLanguage\":\"fr-FR\",\"url\":\"https:\/\/secure.gravatar.com\/avatar\/7e5438cabfdaac63e418268991ba5602?s=96&d=mm&r=g\",\"contentUrl\":\"https:\/\/secure.gravatar.com\/avatar\/7e5438cabfdaac63e418268991ba5602?s=96&d=mm&r=g\",\"caption\":\"Marion\"}}]}<\/script>\n<!-- \/ Yoast SEO plugin. -->","yoast_head_json":{"title":"L'arbre de vie de la r\u00e9silience - Eclorescence","description":"Suivez le protocole pas \u00e0 pas pour r\u00e9aliser votre arbre de vie et avancer, \u00e0 votre rythme, dans un processus de r\u00e9silience.","robots":{"index":"index","follow":"follow","max-snippet":"max-snippet:-1","max-image-preview":"max-image-preview:large","max-video-preview":"max-video-preview:-1"},"canonical":"https:\/\/eclorescence.fr\/index.php\/2025\/09\/10\/larbre-de-vie-de-la-resilience\/","og_locale":"fr_FR","og_type":"article","og_title":"L'arbre de vie de la r\u00e9silience - Eclorescence","og_description":"Suivez le protocole pas \u00e0 pas pour r\u00e9aliser votre arbre de vie et avancer, \u00e0 votre rythme, dans un processus de r\u00e9silience.","og_url":"https:\/\/eclorescence.fr\/index.php\/2025\/09\/10\/larbre-de-vie-de-la-resilience\/","og_site_name":"Eclorescence","article_publisher":"https:\/\/www.facebook.com\/Eclorescence","article_published_time":"2025-09-10T14:17:19+00:00","article_modified_time":"2025-09-10T14:27:53+00:00","og_image":[{"width":2231,"height":1240,"url":"https:\/\/eclorescence.fr\/wp-content\/uploads\/2025\/09\/bel-arbre-au-milieu-d-un-champ-couvert-d-herbe-avec-la-limite-des-arbres-en-arriere-plan.jpg","type":"image\/jpeg"}],"twitter_card":"summary_large_image","twitter_misc":{"\u00c9crit par":"Marion","Dur\u00e9e de lecture estim\u00e9e":"10 minutes"},"schema":{"@context":"https:\/\/schema.org","@graph":[{"@type":"Organization","@id":"https:\/\/eclorescence.fr\/#organization","name":"Eclorescence","url":"https:\/\/eclorescence.fr\/","sameAs":["https:\/\/www.facebook.com\/Eclorescence","https:\/\/www.instagram.com\/marion_oudot__eclorescence\/","https:\/\/www.linkedin.com\/company\/eclorescence\/"],"logo":{"@type":"ImageObject","@id":"https:\/\/eclorescence.fr\/#logo","inLanguage":"fr-FR","url":"https:\/\/eclorescence.fr\/wp-content\/uploads\/2020\/09\/Copie-de-LOGO-ECLORESCENCE.png","contentUrl":"https:\/\/eclorescence.fr\/wp-content\/uploads\/2020\/09\/Copie-de-LOGO-ECLORESCENCE.png","width":500,"height":500,"caption":"Eclorescence"},"image":{"@id":"https:\/\/eclorescence.fr\/#logo"}},{"@type":"WebSite","@id":"https:\/\/eclorescence.fr\/#website","url":"https:\/\/eclorescence.fr\/","name":"Eclorescence","description":"Faire \u00e9clore les ressources de chacun.e","publisher":{"@id":"https:\/\/eclorescence.fr\/#organization"},"potentialAction":[{"@type":"SearchAction","target":{"@type":"EntryPoint","urlTemplate":"https:\/\/eclorescence.fr\/?s={search_term_string}"},"query-input":"required name=search_term_string"}],"inLanguage":"fr-FR"},{"@type":"ImageObject","@id":"https:\/\/eclorescence.fr\/index.php\/2025\/09\/10\/larbre-de-vie-de-la-resilience\/#primaryimage","inLanguage":"fr-FR","url":"https:\/\/eclorescence.fr\/wp-content\/uploads\/2025\/09\/bel-arbre-au-milieu-d-un-champ-couvert-d-herbe-avec-la-limite-des-arbres-en-arriere-plan.jpg","contentUrl":"https:\/\/eclorescence.fr\/wp-content\/uploads\/2025\/09\/bel-arbre-au-milieu-d-un-champ-couvert-d-herbe-avec-la-limite-des-arbres-en-arriere-plan.jpg","width":2231,"height":1240,"caption":"arbre de vie r\u00e9silience"},{"@type":"WebPage","@id":"https:\/\/eclorescence.fr\/index.php\/2025\/09\/10\/larbre-de-vie-de-la-resilience\/#webpage","url":"https:\/\/eclorescence.fr\/index.php\/2025\/09\/10\/larbre-de-vie-de-la-resilience\/","name":"L'arbre de vie de la r\u00e9silience - Eclorescence","isPartOf":{"@id":"https:\/\/eclorescence.fr\/#website"},"primaryImageOfPage":{"@id":"https:\/\/eclorescence.fr\/index.php\/2025\/09\/10\/larbre-de-vie-de-la-resilience\/#primaryimage"},"datePublished":"2025-09-10T14:17:19+00:00","dateModified":"2025-09-10T14:27:53+00:00","description":"Suivez le protocole pas \u00e0 pas pour r\u00e9aliser votre arbre de vie et avancer, \u00e0 votre rythme, dans un processus de r\u00e9silience.","breadcrumb":{"@id":"https:\/\/eclorescence.fr\/index.php\/2025\/09\/10\/larbre-de-vie-de-la-resilience\/#breadcrumb"},"inLanguage":"fr-FR","potentialAction":[{"@type":"ReadAction","target":["https:\/\/eclorescence.fr\/index.php\/2025\/09\/10\/larbre-de-vie-de-la-resilience\/"]}]},{"@type":"BreadcrumbList","@id":"https:\/\/eclorescence.fr\/index.php\/2025\/09\/10\/larbre-de-vie-de-la-resilience\/#breadcrumb","itemListElement":[{"@type":"ListItem","position":1,"name":"Accueil","item":"https:\/\/eclorescence.fr\/"},{"@type":"ListItem","position":2,"name":"L&rsquo;arbre de vie de la r\u00e9silience"}]},{"@type":"Article","@id":"https:\/\/eclorescence.fr\/index.php\/2025\/09\/10\/larbre-de-vie-de-la-resilience\/#article","isPartOf":{"@id":"https:\/\/eclorescence.fr\/index.php\/2025\/09\/10\/larbre-de-vie-de-la-resilience\/#webpage"},"author":{"@id":"https:\/\/eclorescence.fr\/#\/schema\/person\/3a80c733b4795ddddb911a3924add89c"},"headline":"L&rsquo;arbre de vie de la r\u00e9silience","datePublished":"2025-09-10T14:17:19+00:00","dateModified":"2025-09-10T14:27:53+00:00","mainEntityOfPage":{"@id":"https:\/\/eclorescence.fr\/index.php\/2025\/09\/10\/larbre-de-vie-de-la-resilience\/#webpage"},"wordCount":2742,"publisher":{"@id":"https:\/\/eclorescence.fr\/#organization"},"image":{"@id":"https:\/\/eclorescence.fr\/index.php\/2025\/09\/10\/larbre-de-vie-de-la-resilience\/#primaryimage"},"thumbnailUrl":"https:\/\/eclorescence.fr\/wp-content\/uploads\/2025\/09\/bel-arbre-au-milieu-d-un-champ-couvert-d-herbe-avec-la-limite-des-arbres-en-arriere-plan.jpg","articleSection":["Confiance en soi","Ecologie personnelle"],"inLanguage":"fr-FR"},{"@type":"Person","@id":"https:\/\/eclorescence.fr\/#\/schema\/person\/3a80c733b4795ddddb911a3924add89c","name":"Marion","image":{"@type":"ImageObject","@id":"https:\/\/eclorescence.fr\/#personlogo","inLanguage":"fr-FR","url":"https:\/\/secure.gravatar.com\/avatar\/7e5438cabfdaac63e418268991ba5602?s=96&d=mm&r=g","contentUrl":"https:\/\/secure.gravatar.com\/avatar\/7e5438cabfdaac63e418268991ba5602?s=96&d=mm&r=g","caption":"Marion"}}]}},"_links":{"self":[{"href":"https:\/\/eclorescence.fr\/index.php\/wp-json\/wp\/v2\/posts\/7454"}],"collection":[{"href":"https:\/\/eclorescence.fr\/index.php\/wp-json\/wp\/v2\/posts"}],"about":[{"href":"https:\/\/eclorescence.fr\/index.php\/wp-json\/wp\/v2\/types\/post"}],"author":[{"embeddable":true,"href":"https:\/\/eclorescence.fr\/index.php\/wp-json\/wp\/v2\/users\/1"}],"replies":[{"embeddable":true,"href":"https:\/\/eclorescence.fr\/index.php\/wp-json\/wp\/v2\/comments?post=7454"}],"version-history":[{"count":14,"href":"https:\/\/eclorescence.fr\/index.php\/wp-json\/wp\/v2\/posts\/7454\/revisions"}],"predecessor-version":[{"id":7516,"href":"https:\/\/eclorescence.fr\/index.php\/wp-json\/wp\/v2\/posts\/7454\/revisions\/7516"}],"wp:featuredmedia":[{"embeddable":true,"href":"https:\/\/eclorescence.fr\/index.php\/wp-json\/wp\/v2\/media\/7510"}],"wp:attachment":[{"href":"https:\/\/eclorescence.fr\/index.php\/wp-json\/wp\/v2\/media?parent=7454"}],"wp:term":[{"taxonomy":"category","embeddable":true,"href":"https:\/\/eclorescence.fr\/index.php\/wp-json\/wp\/v2\/categories?post=7454"},{"taxonomy":"post_tag","embeddable":true,"href":"https:\/\/eclorescence.fr\/index.php\/wp-json\/wp\/v2\/tags?post=7454"}],"curies":[{"name":"wp","href":"https:\/\/api.w.org\/{rel}","templated":true}]}}